{"id":18255,"date":"2025-10-25T05:33:41","date_gmt":"2025-10-25T03:33:41","guid":{"rendered":"https:\/\/monde25.info\/index.php\/2025\/10\/25\/moodys-revoit-a-la-baisse-de-sables-a-negatives-ses-perspectives-sur-la-note-de-la-france-rt-en-francais\/"},"modified":"2025-10-25T05:33:41","modified_gmt":"2025-10-25T03:33:41","slug":"moodys-revoit-a-la-baisse-de-sables-a-negatives-ses-perspectives-sur-la-note-de-la-france-rt-en-francais","status":"publish","type":"post","link":"https:\/\/monde25.info\/index.php\/2025\/10\/25\/moodys-revoit-a-la-baisse-de-sables-a-negatives-ses-perspectives-sur-la-note-de-la-france-rt-en-francais\/","title":{"rendered":"Moody\u2019s revoit \u00e0 la baisse, de sables \u00e0 n\u00e9gatives, ses perspectives sur la note de la France \u2014 RT en fran\u00e7ais"},"content":{"rendered":"<p> <br \/>\n<br \/><img decoding=\"async\" src=\"https:\/\/mf.b37mrtl.ru\/french\/images\/2025.10\/thumbnail\/68fbfa0c6f7ccc3090131b73.jpg\" \/><\/p>\n<div>\n<p class=\"text__summary\">\n                                        Le verdict \u00e9tait guett\u00e9 le 24 octobre en France. Tout en maintenant son Aa3, Moody\u2019s a revu \u00e0 la baisse ses perspectives sur la note de cr\u00e9dit de la France. L&rsquo;agence am\u00e9ricaine estime que l\u2019instabilit\u00e9 que traverse le pays pourrait entraver le redressement des comptes publics.\n                                    <\/p>\n<p>\u00ab\u00a0Cette d\u00e9cision t\u00e9moigne de l\u2019absolue n\u00e9cessit\u00e9 de construire un chemin collectif vers un compromis budg\u00e9taire\u00a0\u00bb, <a target=\"_blank\" href=\"https:\/\/bsky.app\/profile\/rolandlescure.bsky.social\/post\/3m3xrbeb2uc2f\">a d\u00e9clar\u00e9<\/a> sur Bluesky le 24 octobre au soir Roland Lescure, ministre fran\u00e7ais de l\u2019\u00c9conomie et des Finances, assurant avoir pris \u00ab\u00a0acte\u00a0\u00bb de la d\u00e9cision de Moody\u2019s \u00e0 l\u2019\u00e9gard de la note de cr\u00e9dit de la France.<\/p>\n<p>\u00ab\u00a0Le Gouvernement demeure d\u00e9termin\u00e9 \u00e0 tenir l\u2019objectif de d\u00e9ficit de 5,4% du PIB annonc\u00e9 en 2025 et \u00e0 poursuivre une trajectoire ambitieuse de r\u00e9duction du d\u00e9ficit public pour revenir sous les 3% du PIB en 2029, tout en pr\u00e9servant la croissance\u00a0\u00bb, a-t-il assur\u00e9 dans un second temps.<\/p>\n<p>Comme en avril 2024, cette agence am\u00e9ricaine semble &#8211; au premier abord &#8211; avoir <a target=\"_blank\" href=\"https:\/\/www.lepoint.fr\/economie\/moody-s-et-fitch-maintiennent-inchangee-la-note-souveraine-de-la-france-26-04-2024-2558805_28.php\">pris le contrepied<\/a> d\u2019une partie de ses paires. Tout au long de la journ\u00e9e, de nombreux observateurs m\u00e9diatiques se sont interrog\u00e9s sur le fait que Moody\u2019s puisse devenir la quatri\u00e8me agence de notation \u00e0 \u00ab\u00a0sanctionner\u00a0\u00bb la France depuis la mi-septembre, apr\u00e8s <a target=\"_blank\" href=\"https:\/\/francais.rt.com\/france\/125199-degradation-note-souveraine-france-fitch\">Fitch\u00a0Ratings<\/a>, <a target=\"_blank\" href=\"https:\/\/francais.rt.com\/france\/126469-standard-poors-sanctionne-instabilite-politique-france\">S&amp;P Global<\/a> et Morningstar DBRS.<\/p>\n<h3>Verdict de Moody\u2019s\u00a0: coup de semonce sur la r\u00e9forme des retraites, en plein examen du budget \u00e0 l\u2019Assembl\u00e9e<\/h3>\n<p>Celle-ci a maintenu sa note de Aa3, mais a revu ses perspectives de \u00ab\u00a0stables\u00a0\u00bb \u00e0 \u00ab\u00a0n\u00e9gatives\u00a0\u00bb, sanctionnant un \u00ab\u00a0risque accru\u00a0\u00bb de voir \u00ab\u00a0la fragmentation du paysage politique fran\u00e7ais continuer \u00e0 entraver le fonctionnement des institutions l\u00e9gislatives du pays\u00a0\u00bb.<\/p>\n<p>Une \u00ab\u00a0instabilit\u00e9 politique\u00a0\u00bb qui pourrait \u00ab\u00a0nuire \u00e0 la capacit\u00e9 du gouvernement \u00e0 relever les principaux d\u00e9fis, tels qu&rsquo;un d\u00e9ficit budg\u00e9taire \u00e9lev\u00e9, un endettement croissant et une augmentation durable des co\u00fbts d&#8217;emprunt\u00a0\u00bb.<\/p>\n<p>Cette instabilit\u00e9 pourrait, s\u2019inqui\u00e8te encore Moody\u2019s \u2013 le jour m\u00eame o\u00f9\u00a0les d\u00e9put\u00e9s fran\u00e7ais ont <a target=\"_blank\" href=\"https:\/\/francais.rt.com\/france\/126695-budget-2026-socialistes-agitent-censure\">ent\u00e9rin\u00e9\u00a0l&rsquo;examen<\/a> du projet de loi de finances \u2013,\u00a0\u00ab\u00a0aboutir \u00e0 la remise en cause durable des principales dispositions des r\u00e9formes structurelles pr\u00e9c\u00e9demment adopt\u00e9es, en particulier la r\u00e9forme des retraites de 2023\u00a0\u00bb.<\/p>\n<p>Si aujourd\u2019hui la France conserve son Aa3 chez Moody\u2019s, \u00e0 en croire <em>Les \u00c9chos<\/em>, la d\u00e9gradation de sa signature serait act\u00e9e sur les march\u00e9s. \u00ab\u00a0Le march\u00e9 per\u00e7oit la note de la France comme \u00e9tant \u00e9quivalente \u00e0 BBB, <a target=\"_blank\" href=\"https:\/\/www.lesechos.fr\/finance-marches\/marches-financiers\/comment-les-fonds-ont-modifie-les-regles-du-jeu-pour-rendre-indolore-la-degradation-de-la-dette-francaise-2194689\">soit 4 ou 5 rangs en dessous<\/a> de la note actuelle\u00a0\u00bb, avait expliqu\u00e9 aupr\u00e8s du quotidien tricolore Th\u00e9ophile Legrand, strat\u00e9giste de taux chez Natixis CIB.<\/p>\n<\/div>\n<p><br \/>\n<br \/><a href=\"https:\/\/francais.rt.com\/economie\/126705-dette-souveraine-moodys-revoit-baisse\" target=\"_blank\"\">Source link <\/a><\/p>\n","protected":false},"excerpt":{"rendered":"<p>Le verdict \u00e9tait guett\u00e9 le 24 octobre en France. Tout en maintenant son Aa3, Moody\u2019s a revu \u00e0 la baisse ses perspectives sur la note de cr\u00e9dit de la France.&hellip; <\/p>\n","protected":false},"author":1,"featured_media":18256,"comment_status":"open","ping_status":"open","sticky":false,"template":"","format":"standard","meta":{"footnotes":""},"categories":[1],"tags":[],"class_list":["post-18255","post","type-post","status-publish","format-standard","has-post-thumbnail","hentry","category-non-classe"],"_links":{"self":[{"href":"https:\/\/monde25.info\/index.php\/wp-json\/wp\/v2\/posts\/18255","targetHints":{"allow":["GET"]}}],"collection":[{"href":"https:\/\/monde25.info\/index.php\/wp-json\/wp\/v2\/posts"}],"about":[{"href":"https:\/\/monde25.info\/index.php\/wp-json\/wp\/v2\/types\/post"}],"author":[{"embeddable":true,"href":"https:\/\/monde25.info\/index.php\/wp-json\/wp\/v2\/users\/1"}],"replies":[{"embeddable":true,"href":"https:\/\/monde25.info\/index.php\/wp-json\/wp\/v2\/comments?post=18255"}],"version-history":[{"count":0,"href":"https:\/\/monde25.info\/index.php\/wp-json\/wp\/v2\/posts\/18255\/revisions"}],"wp:featuredmedia":[{"embeddable":true,"href":"https:\/\/monde25.info\/index.php\/wp-json\/wp\/v2\/media\/18256"}],"wp:attachment":[{"href":"https:\/\/monde25.info\/index.php\/wp-json\/wp\/v2\/media?parent=18255"}],"wp:term":[{"taxonomy":"category","embeddable":true,"href":"https:\/\/monde25.info\/index.php\/wp-json\/wp\/v2\/categories?post=18255"},{"taxonomy":"post_tag","embeddable":true,"href":"https:\/\/monde25.info\/index.php\/wp-json\/wp\/v2\/tags?post=18255"}],"curies":[{"name":"wp","href":"https:\/\/api.w.org\/{rel}","templated":true}]}}