{"id":18259,"date":"2025-10-25T08:51:36","date_gmt":"2025-10-25T06:51:36","guid":{"rendered":"https:\/\/monde25.info\/index.php\/2025\/10\/25\/en-cote-divoire-la-francafrique-sevit-encore-par-fanny-pigeaud-le-monde-diplomatique-octobre-2025\/"},"modified":"2025-10-25T08:51:36","modified_gmt":"2025-10-25T06:51:36","slug":"en-cote-divoire-la-francafrique-sevit-encore-par-fanny-pigeaud-le-monde-diplomatique-octobre-2025","status":"publish","type":"post","link":"https:\/\/monde25.info\/index.php\/2025\/10\/25\/en-cote-divoire-la-francafrique-sevit-encore-par-fanny-pigeaud-le-monde-diplomatique-octobre-2025\/","title":{"rendered":"En C\u00f4te d\u2019Ivoire, la \u00ab Fran\u00e7afrique \u00bb s\u00e9vit encore, par Fanny Pigeaud (Le Monde diplomatique, octobre 2025)"},"content":{"rendered":"<p> <br \/>\n<\/p>\n<div>\n<p class=\"crayon article-surtitre-68818 surtitre\">Une \u00e9lection pr\u00e9sidentielle sous contr\u00f4le le 25\u00a0octobre<\/p>\n<div class=\"crayon article-chapo-68818 chapo\">\n<p>Alors que son influence est d\u00e9nonc\u00e9e ou rejet\u00e9e dans nombre de pays africains francophones, la France conserve des liens \u00e9troits avec la C\u00f4te d\u2019Ivoire de M.\u00a0Alassane Ouattara. Briguant un quatri\u00e8me mandat pr\u00e9sidentiel, dont la constitutionnalit\u00e9 est sujette \u00e0 caution, ce dernier peut compter sur le soutien de Paris. Mais cette alliance est \u00e0 la fois fragile et contest\u00e9e.<\/p>\n<\/div><\/div>\n<div couleurfade=\"e5e6e6\" couleurclaire=\"e3e7e7\" couleurpale=\"bddada\" couleurmi=\"5f6c6c\" couleurfoncee=\"435555\" couleursombre=\"171b1b\" couleurfond=\"4c4d4d\" couleurtexte=\"ffffff\">\n<div class=\"enapercu\">\n<figure class=\"spip_document_34995 spip_documents spip_documents_center xl\" style=\"width:890px;\">\n<div class=\"limage\">\n<p>\t\t\t<img loading=\"lazy\" decoding=\"async\" src=\"https:\/\/www.monde-diplomatique.fr\/\/local\/cache-vignettes\/L890xH619\/04_2546.hr-17ecc.jpg?1759245657\" width=\"890\" height=\"619\" class=\"spip_logos\" alt=\"JPEG - 81.3\u00a0ko\"\/><\/p><\/div><figcaption>\n<p>Luc Gnago. \u2014 \u00c0 la veille du 65e anniversaire de l\u2019ind\u00e9pendance, \u00e0 Bouak\u00e9 (C\u00f4te d\u2019Ivoire), le 6\u00a0ao\u00fbt 2025<\/p>\n<p>\u00a9 Luc Gnago\/Reuters\n<\/p>\n<\/figcaption><\/figure>\n<p><span class=\"mot-lettrine\"><span class=\"lettrine\">P<\/span>alais<\/span> de l\u2019\u00c9lys\u00e9e, mercredi 16\u00a0juillet\u00a02025. Le pr\u00e9sident fran\u00e7ais Emmanuel Macron re\u00e7oit son homologue ivoirien Alassane Ouattara, officiellement pour un simple d\u00e9jeuner de travail. Mais, \u00e0 Abidjan, la rencontre suscite bien des interrogations. \u00c0 trois mois de l\u2019\u00e9lection pr\u00e9sidentielle, M.\u00a0Ouattara, 83\u00a0ans, entretient le flou sur ses intentions. Il a d\u00e9j\u00e0 r\u00e9ussi \u00e0 effectuer trois mandats, alors que la Constitution n\u2019en autorise que deux. Quelques jours plus tard, de retour au pays, le chef de l\u2019\u00c9tat brise le suspense\u00a0: il sera \u00e0 nouveau candidat. M.\u00a0Macron a-t-il donn\u00e9 son feu vert \u00e0 un quatri\u00e8me mandat aussi controvers\u00e9 que contest\u00e9<small class=\"fine\">\u00a0<\/small>? Tandis que le Mali, le Burkina Faso et le Niger ont rompu avec Paris \u2014 expulsant soldats, diplomates et journalistes \u2014 et que le S\u00e9n\u00e9gal prend ses distances, la C\u00f4te d\u2019Ivoire maintient des relations \u00e9troites avec l\u2019ancienne puissance coloniale.<\/p>\n<p>Il y a moins de quinze ans, le tableau \u00e9tait tout autre\u00a0: la France et la C\u00f4te d\u2019Ivoire se regardaient en chiens de fa\u00efence. L\u2019\u00e9lection pr\u00e9sidentielle de 2010 avait suscit\u00e9 une grave crise politique. Tandis que le pr\u00e9sident sortant Laurent Gbagbo \u00e9tait proclam\u00e9 vainqueur par le Conseil constitutionnel, la plupart des dirigeants africains et occidentaux, France en t\u00eate, reconnaissaient son adversaire, M.\u00a0Ouattara, comme l\u00e9gitime chef de l\u2019\u00c9tat. Des combats oppos\u00e8rent alors les forces loyalistes \u00e0 celles lev\u00e9es par l\u2019opposant, appuy\u00e9es discr\u00e8tement par les troupes fran\u00e7aises pr\u00e9sentes dans le pays. Le conflit s\u2019\u00e9tait achev\u00e9 par une intervention militaire in\u00e9dite, autoris\u00e9e par le Conseil de s\u00e9curit\u00e9 de l\u2019Organisation des Nations unies (ONU). En plein c\u0153ur d\u2019Abidjan, pendant plusieurs nuits, des h\u00e9licopt\u00e8res fran\u00e7ais, outrepassant ce mandat onusien, bombard\u00e8rent la r\u00e9sidence pr\u00e9sidentielle, o\u00f9 se trouvait M.\u00a0Gbagbo, jusqu\u2019\u00e0 son arrestation le 11\u00a0avril\u00a02011 et l\u2019installation de M.\u00a0Ouattara \u00e0 la t\u00eate de l\u2019\u00c9tat.<\/p>\n<p>Les traces de ces \u00e9v\u00e9nements ont disparu. Dans plusieurs quartiers d\u2019Abidjan, capitale \u00e9conomique du pays, les\u00a0(&#8230;)<\/p>\n<\/p><\/div>\n<p>Taille de l\u2019article complet\u00a0:\u00a0<span>4\u00a0497<\/span>\u00a0mots.<\/p>\n<div class=\"promo_dispo_article\">\n<h2 class=\"avantbloc\">\n\tCet article est r\u00e9serv\u00e9 aux\u00a0abonn\u00e9s<\/p>\n<\/h2>\n<div class=\"abo_inst\">\n\t<strong>Lyc\u00e9es, biblioth\u00e8ques, administrations, entreprises,<\/strong><br \/>\n\tacc\u00e9dez \u00e0 la base de donn\u00e9es en ligne de tous les articles du <i>Monde diplomatique<\/i> de 1954 \u00e0 nos\u00a0jours.<br \/>\n\t<a target=\"_blank\" id=\"pw-institutions\" class=\"suivi\" href=\"https:\/\/www.monde-diplomatique.fr\/archives\/institutions\">Retrouvez cette\u00a0offre sp\u00e9cifique<\/a>.\n<\/div>\n<\/div><\/div>\n<div>\n<p class=\"nom\">Fanny Pigeaud<\/p>\n<p>\n\t\t\t\t\tJournaliste, coauteure, avec Ndongo Samba Sylla, de <i>L\u2019Arme invisible de la Fran\u00e7afrique. Une histoire du franc CFA,<\/i> La D\u00e9couverte, coll. \u00ab<small class=\"fine\">\u00a0<\/small>Poche<small class=\"fine\">\u00a0<\/small>\u00bb, Paris, 2024.<\/p>\n<\/p><\/div>\n<p><br \/>\n<br \/><a href=\"https:\/\/www.monde-diplomatique.fr\/2025\/10\/PIGEAUD\/68818\" target=\"_blank\"\">Source link <\/a><\/p>\n","protected":false},"excerpt":{"rendered":"<p>Une \u00e9lection pr\u00e9sidentielle sous contr\u00f4le le 25\u00a0octobre Alors que son influence est d\u00e9nonc\u00e9e ou rejet\u00e9e dans nombre de pays africains francophones, la France conserve des liens \u00e9troits avec la C\u00f4te&hellip; <\/p>\n","protected":false},"author":1,"featured_media":18260,"comment_status":"open","ping_status":"open","sticky":false,"template":"","format":"standard","meta":{"footnotes":""},"categories":[1],"tags":[],"class_list":["post-18259","post","type-post","status-publish","format-standard","has-post-thumbnail","hentry","category-non-classe"],"_links":{"self":[{"href":"https:\/\/monde25.info\/index.php\/wp-json\/wp\/v2\/posts\/18259","targetHints":{"allow":["GET"]}}],"collection":[{"href":"https:\/\/monde25.info\/index.php\/wp-json\/wp\/v2\/posts"}],"about":[{"href":"https:\/\/monde25.info\/index.php\/wp-json\/wp\/v2\/types\/post"}],"author":[{"embeddable":true,"href":"https:\/\/monde25.info\/index.php\/wp-json\/wp\/v2\/users\/1"}],"replies":[{"embeddable":true,"href":"https:\/\/monde25.info\/index.php\/wp-json\/wp\/v2\/comments?post=18259"}],"version-history":[{"count":0,"href":"https:\/\/monde25.info\/index.php\/wp-json\/wp\/v2\/posts\/18259\/revisions"}],"wp:featuredmedia":[{"embeddable":true,"href":"https:\/\/monde25.info\/index.php\/wp-json\/wp\/v2\/media\/18260"}],"wp:attachment":[{"href":"https:\/\/monde25.info\/index.php\/wp-json\/wp\/v2\/media?parent=18259"}],"wp:term":[{"taxonomy":"category","embeddable":true,"href":"https:\/\/monde25.info\/index.php\/wp-json\/wp\/v2\/categories?post=18259"},{"taxonomy":"post_tag","embeddable":true,"href":"https:\/\/monde25.info\/index.php\/wp-json\/wp\/v2\/tags?post=18259"}],"curies":[{"name":"wp","href":"https:\/\/api.w.org\/{rel}","templated":true}]}}