{"id":18265,"date":"2025-10-25T11:03:39","date_gmt":"2025-10-25T09:03:39","guid":{"rendered":"https:\/\/monde25.info\/index.php\/2025\/10\/25\/les-tresors-du-musee-en-partie-transferes-a-la-banque-de-france-pour-des-raisons-de-securite-rt-en-francais\/"},"modified":"2025-10-25T11:03:39","modified_gmt":"2025-10-25T09:03:39","slug":"les-tresors-du-musee-en-partie-transferes-a-la-banque-de-france-pour-des-raisons-de-securite-rt-en-francais","status":"publish","type":"post","link":"https:\/\/monde25.info\/index.php\/2025\/10\/25\/les-tresors-du-musee-en-partie-transferes-a-la-banque-de-france-pour-des-raisons-de-securite-rt-en-francais\/","title":{"rendered":"les tr\u00e9sors du mus\u00e9e en partie transf\u00e9r\u00e9s \u00e0 la Banque de France pour des raisons de s\u00e9curit\u00e9 \u2014 RT en fran\u00e7ais"},"content":{"rendered":"<p> <br \/>\n<br \/><img decoding=\"async\" src=\"https:\/\/mf.b37mrtl.ru\/french\/images\/2025.10\/thumbnail\/68fc8a556f7ccc689a40c6cb.jpg\" \/><\/p>\n<div>\n<p class=\"text__summary\">\n                                        La direction du Louvre et le gouvernement fran\u00e7ais ont d\u00e9cid\u00e9 de transf\u00e9rer certains tr\u00e9sors du mus\u00e9e, dont les \u00abbijoux de la Couronne\u00bb de la galerie d&rsquo;Apollon, vers le coffre-fort souterrain de la Banque de France, a rapport\u00e9 RTL. Cette mise \u00e0 l&rsquo;abri intervient en attendant une \u00e9valuation des failles potentielles du syst\u00e8me de s\u00e9curit\u00e9 du mus\u00e9e.\n                                    <\/p>\n<p>Une partie des bijoux de la galerie d&rsquo;Apollon et d&rsquo;autres salles du Louvre a \u00e9t\u00e9 transf\u00e9r\u00e9e sous escorte \u00e0 la Banque de France, situ\u00e9e \u00e0 300 m\u00e8tres du mus\u00e9e, <a target=\"_blank\" href=\"https:\/\/www.rtl.fr\/actu\/justice-faits-divers\/info-rtl-cambriolage-au-louvre-les-bijoux-de-la-galerie-d-apollon-transferes-a-la-banque-de-france-7900558219\" target=\"_blank\" rel=\"noopener noreferrer\">a rapport\u00e9<\/a> RTL. Cette d\u00e9cision a \u00e9t\u00e9 prise conjointement par la direction du mus\u00e9e et l&rsquo;\u00c9tat, qui attendent l&rsquo;\u00e9valuation d&rsquo;\u00e9ventuelles failles du syst\u00e8me de s\u00e9curit\u00e9, a pr\u00e9cis\u00e9 l&rsquo;article.<\/p>\n<p>La radio fran\u00e7aise a not\u00e9 que les d\u00e9tails concernant les objets transf\u00e9r\u00e9s restaient inconnus. N\u00e9anmoins, les sources de RTL ont indiqu\u00e9 qu&rsquo;il s&rsquo;agissait notamment des \u00ab\u00a0bijoux de la Couronne\u00a0\u00bb de la galerie Apollon et d&rsquo;autres pi\u00e8ces provenant de diff\u00e9rentes salles du mus\u00e9e.<\/p>\n<p>Selon la radio fran\u00e7aise, tous ces bijoux ont \u00e9t\u00e9 transf\u00e9r\u00e9s dans le coffre-fort principal de la Banque, un complexe souterrain situ\u00e9 \u00e0 26 m\u00e8tres de profondeur, o\u00f9 sont concentr\u00e9es environ 90\u00a0% des r\u00e9serves d&rsquo;or du pays. RTL a qualifi\u00e9 ce transfert de valeurs d&rsquo; \u00ab\u00a0exceptionnel\u00a0\u00bb, rappelant que les coffres de la Banque abritent depuis plusieurs ann\u00e9es les Carnets de L\u00e9onard de Vinci, dont la collection est estim\u00e9e \u00e0 plus de 600 millions d&rsquo;euros.<\/p>\n<p>Le vol au Louvre a eu lieu le 19 octobre. Les malfrats <a target=\"_blank\" href=\"https:\/\/francais.rt.com\/france\/126509-braquage-louvre-patrimoine-francais-vole-en-7-minutes\">se sont introduits<\/a> dans la galerie Apollon et y ont d\u00e9rob\u00e9 neuf bijoux historiques en seulement quelques minutes. Selon une estimation pr\u00e9liminaire donn\u00e9e par la procureure de Paris, Laure Beccuau, sur RTL, la valeur des objets vol\u00e9s <a target=\"_blank\" href=\"https:\/\/www.rtl.fr\/actu\/justice-faits-divers\/cambriolage-au-louvre-la-procureure-de-paris-annonce-sur-rtl-que-le-butin-est-estime-a-88-millions-d-euros-7900556211\" target=\"_blank\" rel=\"noopener noreferrer\">s&rsquo;\u00e9l\u00e8ve \u00e0 88 millions d&rsquo;euros<\/a>.<\/p>\n<p>D\u2019apr\u00e8s les informations du parquet, le mus\u00e9e a perdu un collier et des boucles d&rsquo;oreilles provenant de la collection de l&rsquo;imp\u00e9ratrice Marie-Louise, deuxi\u00e8me \u00e9pouse de Napol\u00e9on, trois bijoux \u2013\u00a0un collier, des boucles d&rsquo;oreilles et un diad\u00e8me\u00a0\u2013 provenant des collections de la reine Marie-Am\u00e9lie (1830-1848) et de la reine hollandaise Hortense de Beauharnais, ainsi que quatre objets de la collection de l&rsquo;imp\u00e9ratrice Eug\u00e9nie \u2013\u00a0deux broches, un n\u0153ud pour corsage et un diad\u00e8me.<\/p>\n<p>La France ne pourra toutefois obtenir aucune compensation pour les bijoux imp\u00e9riaux vol\u00e9s, car ceux-ci <a target=\"_blank\" href=\"https:\/\/francais.rt.com\/news\/126599-etat-francais-ne-sera-pas-indemnise-vol-louvre-bijoux-imperieux-n-etaient-pas-couverts-assurance\">n&rsquo;\u00e9taient pas couverts<\/a> par une assurance priv\u00e9e. Le minist\u00e8re de la Culture a indiqu\u00e9 que les \u0153uvres d&rsquo;art nationales \u00e9taient assur\u00e9es par l&rsquo;\u00c9tat lui-m\u00eame.<\/p>\n<\/div>\n<p><br \/>\n<br \/><a href=\"https:\/\/francais.rt.com\/france\/126709-cambriolage-louvre-tresors-musee-partie-transferee-banque-france-raisons-securite\" target=\"_blank\"\">Source link <\/a><\/p>\n","protected":false},"excerpt":{"rendered":"<p>La direction du Louvre et le gouvernement fran\u00e7ais ont d\u00e9cid\u00e9 de transf\u00e9rer certains tr\u00e9sors du mus\u00e9e, dont les \u00abbijoux de la Couronne\u00bb de la galerie d&rsquo;Apollon, vers le coffre-fort souterrain&hellip; <\/p>\n","protected":false},"author":1,"featured_media":18266,"comment_status":"open","ping_status":"open","sticky":false,"template":"","format":"standard","meta":{"footnotes":""},"categories":[1],"tags":[],"class_list":["post-18265","post","type-post","status-publish","format-standard","has-post-thumbnail","hentry","category-non-classe"],"_links":{"self":[{"href":"https:\/\/monde25.info\/index.php\/wp-json\/wp\/v2\/posts\/18265","targetHints":{"allow":["GET"]}}],"collection":[{"href":"https:\/\/monde25.info\/index.php\/wp-json\/wp\/v2\/posts"}],"about":[{"href":"https:\/\/monde25.info\/index.php\/wp-json\/wp\/v2\/types\/post"}],"author":[{"embeddable":true,"href":"https:\/\/monde25.info\/index.php\/wp-json\/wp\/v2\/users\/1"}],"replies":[{"embeddable":true,"href":"https:\/\/monde25.info\/index.php\/wp-json\/wp\/v2\/comments?post=18265"}],"version-history":[{"count":0,"href":"https:\/\/monde25.info\/index.php\/wp-json\/wp\/v2\/posts\/18265\/revisions"}],"wp:featuredmedia":[{"embeddable":true,"href":"https:\/\/monde25.info\/index.php\/wp-json\/wp\/v2\/media\/18266"}],"wp:attachment":[{"href":"https:\/\/monde25.info\/index.php\/wp-json\/wp\/v2\/media?parent=18265"}],"wp:term":[{"taxonomy":"category","embeddable":true,"href":"https:\/\/monde25.info\/index.php\/wp-json\/wp\/v2\/categories?post=18265"},{"taxonomy":"post_tag","embeddable":true,"href":"https:\/\/monde25.info\/index.php\/wp-json\/wp\/v2\/tags?post=18265"}],"curies":[{"name":"wp","href":"https:\/\/api.w.org\/{rel}","templated":true}]}}