{"id":1827,"date":"2024-12-09T13:12:35","date_gmt":"2024-12-09T12:12:35","guid":{"rendered":"https:\/\/monde25.info\/index.php\/2024\/12\/09\/le-cynisme-prend-le-pas-sur-le-sacre-loccident-montre-son-vrai-visage\/"},"modified":"2024-12-09T13:12:35","modified_gmt":"2024-12-09T12:12:35","slug":"le-cynisme-prend-le-pas-sur-le-sacre-loccident-montre-son-vrai-visage","status":"publish","type":"post","link":"https:\/\/monde25.info\/index.php\/2024\/12\/09\/le-cynisme-prend-le-pas-sur-le-sacre-loccident-montre-son-vrai-visage\/","title":{"rendered":"Le cynisme prend le pas sur le sacr\u00e9, l\u2019Occident montre son vrai visage"},"content":{"rendered":"<p> <br \/>\n<\/p>\n<div>\n<ol class=\"campaign-loop campaign-list\">\n<li id=\"campaign-433393\" class=\"post-433393 campaign type-campaign status-publish hentry campaign-has-goal campaign-has-not-achieved-goal campaign-has-end-date campaign-has-not-ended\">\n\t<a target=\"_blank\" href=\"https:\/\/reseauinternational.net\/campaigns\/campagne-de-dons-decembre-2024\/\"><\/p>\n<h3>Campagne de dons D\u00e9cembre 2024<\/h3>\n<p>\t\t\t<\/a><\/p>\n<p>\n\tChers amis lecteurs, R\u00e9seau International a de nouveau besoin de vous. Gr\u00e2ce \u00e0 vous, nous avons pu nous doter d\u2019un serveur plus s\u00e9curis\u00e9, avec des capacit\u00e9s bien plus aptes \u00e0 g\u00e9rer la tr\u00e8s grosse taille des donn\u00e9es du site et son important trafic. C\u2019est gr\u00e2ce \u00e0 vos dons que nous pouvons garder notre ind\u00e9pendance et\u00a0 vous fournir le meilleur de l\u2019information internationale alternative. Votre soutien nous est indispensable; nous comptons sur vous.<\/p>\n<p>\n<span class=\"amount\">2 571,00\u00a0\u20ac<\/span> de l\u2019objectif de <span class=\"goal-amount\">25 000,00\u00a0\u20ac<\/span> atteint<\/p>\n<\/li>\n<\/ol>\n<p>par <strong>Simplicius<\/strong><\/p>\n<p>On ne peut plus y croire. L\u2019Occident a abandonn\u00e9\u00a0<em>toute pr\u00e9tention<\/em>\u00a0\u00e0 sa vache sacr\u00e9e, la \u00abd\u00e9mocratie\u00bb, utilis\u00e9e depuis des g\u00e9n\u00e9rations comme un instrument de sup\u00e9riorit\u00e9 morale pour intimider le reste du monde.<\/p>\n<p>Le candidat roumain Calin Georgescu a \u00e9cras\u00e9 son adversaire au premier tour des \u00e9lections pr\u00e9sidentielles, mais le r\u00e9sultat a \u00e9t\u00e9 \u00abannul\u00e9\u00bb par un tribunal roumain, citant de mani\u00e8re absurde \u00abl\u2019ing\u00e9rence russe sur TikTok\u00bb \u2013 sans aucune preuve r\u00e9elle. (<a target=\"_blank\" href=\"https:\/\/x.com\/RnaudBertrand\/status\/1865246209339986002\" target=\"_blank\" rel=\"noopener\" title=\"\">Voir ici pour un examen approfondi de ces \u00abpreuves\u00bb.<\/a>)<\/p>\n<p>Quelques r\u00e9actions de mise en contexte :<\/p>\n<div class=\"wp-block-image\">\n<figure class=\"aligncenter size-full is-resized\"><a target=\"_blank\" href=\"https:\/\/i0.wp.com\/reseauinternational.net\/wp-content\/uploads\/2024\/12\/image-74.png?ssl=1\"><img data-recalc-dims=\"1\" decoding=\"async\" width=\"671\" height=\"319\" src=\"https:\/\/i0.wp.com\/reseauinternational.net\/wp-content\/uploads\/2024\/12\/image-74.png?resize=671%2C319&amp;ssl=1\" alt=\"\" class=\"wp-image-434401\" style=\"width:599px;height:auto\" loading=\"lazy\" srcset=\"https:\/\/i0.wp.com\/reseauinternational.net\/wp-content\/uploads\/2024\/12\/image-74.png?w=671&amp;ssl=1 671w, https:\/\/i0.wp.com\/reseauinternational.net\/wp-content\/uploads\/2024\/12\/image-74.png?resize=300%2C143&amp;ssl=1 300w\" sizes=\"auto, (max-width: 671px) 100vw, 671px\"\/><\/a><\/figure>\n<\/div>\n<div class=\"wp-block-image\">\n<figure class=\"aligncenter size-full is-resized\"><a target=\"_blank\" href=\"https:\/\/i0.wp.com\/reseauinternational.net\/wp-content\/uploads\/2024\/12\/image-76.png?ssl=1\"><img data-recalc-dims=\"1\" decoding=\"async\" width=\"719\" height=\"167\" src=\"https:\/\/i0.wp.com\/reseauinternational.net\/wp-content\/uploads\/2024\/12\/image-76.png?resize=719%2C167&amp;ssl=1\" alt=\"\" class=\"wp-image-434404\" style=\"width:599px;height:auto\" loading=\"lazy\" srcset=\"https:\/\/i0.wp.com\/reseauinternational.net\/wp-content\/uploads\/2024\/12\/image-76.png?w=719&amp;ssl=1 719w, https:\/\/i0.wp.com\/reseauinternational.net\/wp-content\/uploads\/2024\/12\/image-76.png?resize=300%2C70&amp;ssl=1 300w\" sizes=\"auto, (max-width: 719px) 100vw, 719px\"\/><\/a><\/figure>\n<\/div>\n<div class=\"wp-block-image\">\n<figure class=\"aligncenter size-full is-resized\"><a target=\"_blank\" href=\"https:\/\/i0.wp.com\/reseauinternational.net\/wp-content\/uploads\/2024\/12\/image-77.png?ssl=1\"><img data-recalc-dims=\"1\" decoding=\"async\" width=\"732\" height=\"171\" src=\"https:\/\/i0.wp.com\/reseauinternational.net\/wp-content\/uploads\/2024\/12\/image-77.png?resize=732%2C171&amp;ssl=1\" alt=\"\" class=\"wp-image-434405\" style=\"width:600px;height:auto\" loading=\"lazy\" srcset=\"https:\/\/i0.wp.com\/reseauinternational.net\/wp-content\/uploads\/2024\/12\/image-77.png?w=732&amp;ssl=1 732w, https:\/\/i0.wp.com\/reseauinternational.net\/wp-content\/uploads\/2024\/12\/image-77.png?resize=300%2C70&amp;ssl=1 300w\" sizes=\"auto, (max-width: 732px) 100vw, 732px\"\/><\/a><\/figure>\n<\/div>\n<div class=\"wp-block-image\">\n<figure class=\"aligncenter size-full is-resized\"><a target=\"_blank\" href=\"https:\/\/i0.wp.com\/reseauinternational.net\/wp-content\/uploads\/2024\/12\/image-78.png?ssl=1\"><img data-recalc-dims=\"1\" decoding=\"async\" width=\"722\" height=\"149\" src=\"https:\/\/i0.wp.com\/reseauinternational.net\/wp-content\/uploads\/2024\/12\/image-78.png?resize=722%2C149&amp;ssl=1\" alt=\"\" class=\"wp-image-434406\" style=\"width:602px;height:auto\" loading=\"lazy\" srcset=\"https:\/\/i0.wp.com\/reseauinternational.net\/wp-content\/uploads\/2024\/12\/image-78.png?w=722&amp;ssl=1 722w, https:\/\/i0.wp.com\/reseauinternational.net\/wp-content\/uploads\/2024\/12\/image-78.png?resize=300%2C62&amp;ssl=1 300w\" sizes=\"auto, (max-width: 722px) 100vw, 722px\"\/><\/a><\/figure>\n<\/div>\n<p>En outre, l\u2019actuel pr\u00e9sident roumain, Klaus Iohannis, s\u2019inspirant de l\u2019exemple de Zelensky, a d\u00e9clar\u00e9 qu\u2019il resterait ill\u00e9galement au-del\u00e0 du d\u00e9lai constitutionnel de son mandat, sans que ses partenaires occidentaux ne s\u2019indignent, ne lancent d\u2019appels \u00e0 l\u2019action ou ne critiquent quoi que ce soit :<\/p>\n<div class=\"wp-block-image\">\n<figure class=\"aligncenter size-large is-resized\"><a target=\"_blank\" href=\"https:\/\/i0.wp.com\/reseauinternational.net\/wp-content\/uploads\/2024\/12\/image-79.png?ssl=1\"><img data-recalc-dims=\"1\" decoding=\"async\" width=\"663\" height=\"1024\" src=\"https:\/\/i0.wp.com\/reseauinternational.net\/wp-content\/uploads\/2024\/12\/image-79.png?resize=663%2C1024&amp;ssl=1\" alt=\"\" class=\"wp-image-434407\" style=\"width:601px;height:auto\" loading=\"lazy\" srcset=\"https:\/\/i0.wp.com\/reseauinternational.net\/wp-content\/uploads\/2024\/12\/image-79.png?resize=663%2C1024&amp;ssl=1 663w, https:\/\/i0.wp.com\/reseauinternational.net\/wp-content\/uploads\/2024\/12\/image-79.png?resize=194%2C300&amp;ssl=1 194w, https:\/\/i0.wp.com\/reseauinternational.net\/wp-content\/uploads\/2024\/12\/image-79.png?w=738&amp;ssl=1 738w\" sizes=\"auto, (max-width: 663px) 100vw, 663px\"\/><\/a><\/figure>\n<\/div>\n<p>Alors que l\u2019Occident s\u2019effiloche enfin, nous sommes t\u00e9moins d\u2019une v\u00e9ritable\u00a0<em>stringulation<\/em>\u00a0de perversions choquantes du processus soi-disant \u00abd\u00e9mocratique\u00bb. Il y a quelque temps, Imran Khan avait fait la m\u00eame exp\u00e9rience, \u00e9tant rapidement emprisonn\u00e9 et jet\u00e9 en p\u00e2ture pour avoir os\u00e9 regarder\u00a0<em>\u00e0 l\u2019est<\/em>\u00a0vers la Russie et la Chine. Plus r\u00e9cemment, les \u00e9lections v\u00e9n\u00e9zu\u00e9liennes ont \u00e9t\u00e9 consid\u00e9r\u00e9es comme \u00abvol\u00e9es\u00bb de mani\u00e8re non d\u00e9mocratique, sans aucune preuve, par les m\u00eames personnes qui se cachent derri\u00e8re l\u2019immacul\u00e9 \u00ab\u00c9tat de droit\u00bb.<\/p>\n<p>L\u2019\u00e9lection de Moldavie elle-m\u00eame a ensuite \u00e9t\u00e9\u00a0<em>actuellement<\/em>\u00a0truqu\u00e9e apr\u00e8s que Sandu ait \u00e9t\u00e9 sauv\u00e9 uniquement par un vote douteux de la diaspora de l\u2019\u00e9tranger, un fait admis m\u00eame par la propre figure de b\u00e2ton mondialiste de pr\u00e9sident de la G\u00e9orgie :<\/p>\n<div class=\"wp-block-image\">\n<figure class=\"aligncenter size-full is-resized\"><a target=\"_blank\" href=\"https:\/\/i0.wp.com\/reseauinternational.net\/wp-content\/uploads\/2024\/12\/image-80.png?ssl=1\"><img data-recalc-dims=\"1\" decoding=\"async\" width=\"741\" height=\"197\" src=\"https:\/\/i0.wp.com\/reseauinternational.net\/wp-content\/uploads\/2024\/12\/image-80.png?resize=741%2C197&amp;ssl=1\" alt=\"\" class=\"wp-image-434408\" style=\"width:604px;height:auto\" loading=\"lazy\" srcset=\"https:\/\/i0.wp.com\/reseauinternational.net\/wp-content\/uploads\/2024\/12\/image-80.png?w=741&amp;ssl=1 741w, https:\/\/i0.wp.com\/reseauinternational.net\/wp-content\/uploads\/2024\/12\/image-80.png?resize=300%2C80&amp;ssl=1 300w\" sizes=\"auto, (max-width: 741px) 100vw, 741px\"\/><\/a><\/figure>\n<\/div>\n<p>\u00ab<strong><em>L\u2019acceptation par l\u2019UE des r\u00e9sultats en Moldavie mais pas en G\u00e9orgie est la continuation d\u2019une politique \u00e9tablie de deux poids deux mesures et l\u2019utilisation flagrante de la d\u00e9mocratie comme slogan uniquement lorsque cela les arrange,<\/em><\/strong><em> a d\u00e9clar\u00e9 Ivan Katchanovsky, professeur \u00e0 l\u2019Universit\u00e9 d\u2019Ottawa et auteur du livre The Maidan Massacre in Ukraine<\/em>\u00bb. (<a target=\"_blank\" href=\"https:\/\/www.thenation.com\/article\/world\/russia-european-union-protests-putin\/\" target=\"_blank\" rel=\"noopener\" title=\"\">source<\/a>)<\/p>\n<p>La r\u00e9alit\u00e9 est \u00e0 l\u2019oppos\u00e9 de ce qu\u2019elle pr\u00e9tend : lors des \u00e9lections en Moldavie, une multitude d\u2019\u00abirr\u00e9gularit\u00e9s\u00bb et d\u2019autres tactiques de tricherie ont pr\u00e9valu \u2013 par exemple, la privation du droit de vote de la diaspora moldave vivant \u00e0 Moscou en ne lui accordant qu\u2019un seul petit bureau de vote, ce qui a eu pour cons\u00e9quence que beaucoup n\u2019ont pas pu voter pour l\u2019opposant pro-russe de Sandu.<\/p>\n<p>L\u2019Abkhazie et la G\u00e9orgie ont suivi, avec une ing\u00e9rence massive de l\u2019Occident pour subvertir la d\u00e9mocratie r\u00e9elle, avec des foules financ\u00e9es par des ONG tentant de cr\u00e9er de nouveaux Maidans pour intimider les dirigeants et subvertir le processus politique.<\/p>\n<p>M\u00eame en Cor\u00e9e du Sud, le pr\u00e9sident Yoon Suk-yeol, soutenu par l\u2019Occident, a organis\u00e9 un coup d\u2019\u00c9tat militaire soudain qui a vu les forces sp\u00e9ciales arm\u00e9es prendre d\u2019assaut le b\u00e2timent du parlement.<\/p>\n<p>En France, Macron a annonc\u00e9 hier son refus de d\u00e9missionner apr\u00e8s l\u2019effondrement de son gouvernement et la d\u00e9mission de son Premier ministre Barnier, d\u00e9clenchant une crise politique historique. Comme dans le cas de l\u2019Allemand Scholz : les dirigeants europ\u00e9ens ont perdu le mandat du peuple.<\/p>\n<div class=\"wp-block-image\">\n<figure class=\"aligncenter size-full is-resized\"><a target=\"_blank\" href=\"https:\/\/i0.wp.com\/reseauinternational.net\/wp-content\/uploads\/2024\/12\/image-81.png?ssl=1\"><img data-recalc-dims=\"1\" decoding=\"async\" width=\"676\" height=\"680\" src=\"https:\/\/i0.wp.com\/reseauinternational.net\/wp-content\/uploads\/2024\/12\/image-81.png?resize=676%2C680&amp;ssl=1\" alt=\"\" class=\"wp-image-434409\" style=\"width:600px;height:auto\" loading=\"lazy\" srcset=\"https:\/\/i0.wp.com\/reseauinternational.net\/wp-content\/uploads\/2024\/12\/image-81.png?w=676&amp;ssl=1 676w, https:\/\/i0.wp.com\/reseauinternational.net\/wp-content\/uploads\/2024\/12\/image-81.png?resize=298%2C300&amp;ssl=1 298w, https:\/\/i0.wp.com\/reseauinternational.net\/wp-content\/uploads\/2024\/12\/image-81.png?resize=200%2C200&amp;ssl=1 200w\" sizes=\"auto, (max-width: 676px) 100vw, 676px\"\/><\/a><\/figure>\n<\/div>\n<div class=\"wp-block-image\">\n<figure class=\"aligncenter size-full is-resized\"><a target=\"_blank\" href=\"https:\/\/i0.wp.com\/reseauinternational.net\/wp-content\/uploads\/2024\/12\/image-82.png?ssl=1\"><img data-recalc-dims=\"1\" decoding=\"async\" width=\"734\" height=\"343\" src=\"https:\/\/i0.wp.com\/reseauinternational.net\/wp-content\/uploads\/2024\/12\/image-82.png?resize=734%2C343&amp;ssl=1\" alt=\"\" class=\"wp-image-434410\" style=\"width:600px;height:auto\" loading=\"lazy\" srcset=\"https:\/\/i0.wp.com\/reseauinternational.net\/wp-content\/uploads\/2024\/12\/image-82.png?w=734&amp;ssl=1 734w, https:\/\/i0.wp.com\/reseauinternational.net\/wp-content\/uploads\/2024\/12\/image-82.png?resize=300%2C140&amp;ssl=1 300w\" sizes=\"auto, (max-width: 734px) 100vw, 734px\"\/><\/a><\/figure>\n<\/div>\n<div class=\"wp-block-image\">\n<figure class=\"aligncenter size-full is-resized\"><img data-recalc-dims=\"1\" decoding=\"async\" width=\"741\" height=\"589\" src=\"https:\/\/i0.wp.com\/reseauinternational.net\/wp-content\/uploads\/2024\/12\/image-84.png?resize=741%2C589&amp;ssl=1\" alt=\"\" class=\"wp-image-434412\" style=\"width:598px;height:auto\" loading=\"lazy\" srcset=\"https:\/\/i0.wp.com\/reseauinternational.net\/wp-content\/uploads\/2024\/12\/image-84.png?w=741&amp;ssl=1 741w, https:\/\/i0.wp.com\/reseauinternational.net\/wp-content\/uploads\/2024\/12\/image-84.png?resize=300%2C238&amp;ssl=1 300w\" sizes=\"auto, (max-width: 741px) 100vw, 741px\"\/><\/figure>\n<\/div>\n<p>L\u2019Occident, obs\u00e9d\u00e9 par le court terme, consid\u00e8re les diverses subversions des processus d\u00e9mocratiques commandit\u00e9es par la CIA comme des \u00abvictoires\u00bb : mais ces gens ont-ils r\u00e9fl\u00e9chi au pr\u00e9c\u00e9dent qu\u2019ils sont en train de cr\u00e9er ? Ils br\u00fblent leurs fondations, ils mettent le feu \u00e0 toute leur maison. Dans l\u2019espoir d\u2019\u00e9liminer quelques \u00abgu\u00eapes\u00bb ostensibles, ils risquent maintenant de d\u00e9truire tout leur ordre en l\u2019espace d\u2019une g\u00e9n\u00e9ration.<\/p>\n<p>La perception du mis\u00e9rable \u00abordre fond\u00e9 sur des r\u00e8gles\u00bb de l\u2019Occident ne sera jamais r\u00e9par\u00e9e apr\u00e8s cela \u2013 le reste du monde libre observe et apprend pr\u00e9cis\u00e9ment comment l\u2019\u00ab\u00c9tat de droit\u00bb se conforme aux principes ; l\u2019Occident ne regagnera jamais leur confiance, et ses institutions porteront \u00e0 jamais la puanteur et la tache de l\u2019ing\u00e9rence politique et de la haine cach\u00e9e pour la v\u00e9ritable d\u00e9mocratie \u2013 qui a toujours \u00e9t\u00e9 un mot-valise destin\u00e9 \u00e0 excuser les exc\u00e8s imp\u00e9rialistes de l\u2019ordre occidental.<\/p>\n<p>L\u2019ordre occidental s\u2019est transform\u00e9 en une\u00a0<em>odeur<\/em>, et le sud global ne peut pas se pincer les narines assez fort.<\/p>\n<p>Longtemps dissimul\u00e9 sous les paillettes hypnotiques du \u00abspectacle magique\u00bb de l\u2019h\u00e9g\u00e9mon, l\u2019idole \u00abindivisible\u00bb qu\u2019est la d\u00e9mocratie a toujours \u00e9t\u00e9 divis\u00e9e en \u00abbonnes\u00bb et \u00abmauvaises\u00bb formes, selon les besoins. Cela a \u00e9t\u00e9 bien cach\u00e9 \u00e0 un moment donn\u00e9, avec des dirigeants occidentaux qui ont au moins tent\u00e9 de faire semblant de maintenir la fable. Aujourd\u2019hui, le gouffre s\u2019est creus\u00e9 si rapidement qu\u2019il faut prendre des mesures d\u00e9sesp\u00e9r\u00e9es, en jetant toutes les pr\u00e9cautions avec l\u2019eau du bain, pour r\u00e9v\u00e9ler le visage hideux du syst\u00e8me politique occidental, enfoui depuis si longtemps dans les cendres de ses conqu\u00eates.<\/p>\n<p>En bref, ils n\u2019ont plus le temps de construire des mythes et des sch\u00e9mas \u00e9labor\u00e9s et sont contraints d\u2019agir par instinct pour sauver leur empire en perdition. Mais ce faisant, ils ont acc\u00e9l\u00e9r\u00e9 son d\u00e9clin en r\u00e9v\u00e9lant \u00e0 quel point il \u00e9tait illib\u00e9ral et despotique depuis tout ce temps.<\/p>\n<p>Un exemple \u00e9clairant de comment\u00a0les choses en sont arriv\u00e9es l\u00e0 vient de l\u2019auteur\u00a0<a target=\"_blank\" href=\"https:\/\/x.com\/PeterHarling\/status\/1862034218814951590\" target=\"_blank\" rel=\"noopener\" title=\"\">Peter Herling\u2019s X thread<\/a>, qui utilise son expertise du syst\u00e8me idiosyncratique fran\u00e7ais pour donner un aper\u00e7u de la mani\u00e8re dont l\u2019appareil mondialiste subvertit les processus politiques dans chaque pays. La version plus digeste\u00a0<a target=\"_blank\" href=\"https:\/\/threadreaderapp.com\/thread\/1862034218814951590.html\" target=\"_blank\" rel=\"noopener\" title=\"\">version lecteur de fil<\/a>.<\/p>\n<p>\u00ab<strong><em>La politique \u00e9trang\u00e8re de la France n\u2019a jamais \u00e9t\u00e9 aussi superficielle, r\u00e9flexive et incoh\u00e9rente, d\u00e9tach\u00e9e de tout int\u00e9r\u00eat national, esclave du cycle de l\u2019actualit\u00e9.<\/em><\/strong><\/p>\n<p><em>J\u2019ai \u00e9t\u00e9 t\u00e9moin de cette \u00e9volution pendant 25 ans, au cours de ma propre carri\u00e8re. Elle est porteuse de le\u00e7ons sur la diplomatie en g\u00e9n\u00e9ral<\/em>\u00bb.<\/p>\n<p>Notez ce qu\u2019il dit ensuite, tout en \u00e9tablissant un parall\u00e8le avec les \u00c9tats-Unis et leur tristement c\u00e9l\u00e8bre prise de contr\u00f4le de la politique par le d\u00e9partement d\u2019\u00c9tat :<\/p>\n<p>\u00ab<em>Le changement le plus \u00e9vident est :\u00a0<strong>la pr\u00e9sidentialisation<\/strong>. La politique prenait forme au sein du minist\u00e8re (le Quai d\u2019Orsay), foyer de solides traditions intellectuelles, d\u2019un robuste corps de fonctionnaires et de fortes personnalit\u00e9s dirigeantes.<\/em><\/p>\n<p><strong><em>Par la suite, elle s\u2019est d\u00e9plac\u00e9e vers le palais pr\u00e9sidentiel (l\u2019\u00c9lys\u00e9e).<\/em><\/strong><\/p>\n<p><em>Au sein de l\u2019\u00c9lys\u00e9e, la politique est d\u2019abord \u00e9labor\u00e9e par une petite \u00e9quipe de conseillers techniques issus du Quai d\u2019Orsay, en \u00e9troite coordination avec lui.<\/em><\/p>\n<p><strong><em>M\u00eame cela a chang\u00e9, au fur et \u00e0 mesure que le personnel politique du pr\u00e9sident et le pr\u00e9sident lui-m\u00eame ont pris le relais.<\/em><\/strong><\/p>\n<p><em>Cela a aussi ouvert la porte \u00e0 toutes sortes de chuchoteurs de fin de soir\u00e9e, et aux impulsions, intuitions et influences provenant des r\u00e9seaux personnels du pr\u00e9sident<\/em>\u00bb.<\/p>\n<p>En bref, nous pouvons consid\u00e9rer qu\u2019il s\u2019agit d\u2019une sorte de syst\u00e8me subtil et int\u00e9gr\u00e9 de freins et de contrepoids internes, qui a permis \u00e0 des experts ne relevant pas du contr\u00f4le direct du pr\u00e9sident de conserver une grande influence sur l\u2019\u00e9laboration de la politique. Mais peu \u00e0 peu, \u00e0 mesure que les exigences de la secte mondialiste de Davos en mati\u00e8re de manipulation, de suppression et de politiques rigoureuses augmentaient, un processus naturel a pris forme : un processus qui a vu l\u2019affaiblissement progressif de ce syst\u00e8me de contrepoids auparavant efficace, en faveur du pr\u00e9sident bien plac\u00e9 et de son petit cercle d\u2019\u00e9minences grises qui l\u2019entourent.<\/p>\n<p>C\u2019est ce m\u00eame processus qui a vu la pr\u00e9sidence am\u00e9ricaine \u00eatre coopt\u00e9e par une poign\u00e9e de puissants agents mondialistes travaillant au D\u00e9partement d\u2019\u00c9tat et au Cabinet, qui ont essentiellement commenc\u00e9 \u00e0 diriger la pr\u00e9sidence, en contr\u00f4lant tout le flux d\u2019informations directes vers lui, \u00e0 l\u2019int\u00e9rieur et \u00e0 l\u2019ext\u00e9rieur.<\/p>\n<p>\u00ab<em>Cela conduit \u00e0 des d\u00e9cisions abruptes et mystifiantes que les professionnels de la politique \u00e9trang\u00e8re apprennent parfois par les nouvelles.<\/em><\/p>\n<p><strong><em>Dans ce processus de plus en plus ad hoc, ce qui a \u00e9t\u00e9 perdu, c\u2019est exactement ce qui fait la politique \u00e9trang\u00e8re : les cadres intellectuels, la m\u00e9moire institutionnelle, les strat\u00e9gies \u00e0 long terme, l\u2019exp\u00e9rience technique durement acquise.<\/em><\/strong><\/p>\n<p><em>Ils subsistent, mais bien trop souvent en mode rattrapage.<\/em><\/p>\n<p><em>Les cercles diplomatiques officiels n\u2019ont pas seulement \u00e9t\u00e9 laiss\u00e9s pour compte.<\/em><\/p>\n<p><em>Cela signifie que ce qui structurait la politique \u00e9trang\u00e8re s\u2019est d\u00e9grad\u00e9.\u00a0<strong>Il ne reste que l\u2019attirail de la diplomatie : des d\u00e9clarations, des envoy\u00e9s, des conf\u00e9rences avec peu de substance et encore moins de coh\u00e9rence.<\/strong><\/em><\/p>\n<p><em>Pour les m\u00eames raisons que la France, les \u00c9tats-Unis, le Royaume-Uni, l\u2019Allemagne et d\u2019autres affichent des politiques \u00e9trang\u00e8res fa\u00e7onn\u00e9es par des pr\u00e9jug\u00e9s ordinaires.<\/em><\/p>\n<p><strong><em>Parce que les hommes politiques sont libres de structures professionnalis\u00e9es, leurs caprices et pr\u00e9jug\u00e9s personnels, et ceux de leur coterie de conseillers, l\u2019emportent<\/em><\/strong>\u00bb.<\/p>\n<p>C\u2019est la quintessence de la\u00a0<em>centralisation du pouvoir<\/em>\u00a0par des structures globales obscures internes.<\/p>\n<p>\u00ab<em>Cela peut aider \u00e0 expliquer l\u2019effondrement actuel des normes internationales inspir\u00e9es par l\u2019Occident, dans le contexte de Gaza.<\/em><\/p>\n<p><em>Cela met \u00e9galement en lumi\u00e8re ce par quoi ces normes sont remplac\u00e9es : les bas instincts, \u00e0 travers lesquels resurgit une grande partie de notre pass\u00e9 non r\u00e9solu<\/em>\u00bb.<\/p>\n<p>Revenir en arri\u00e8re :<\/p>\n<p>Le dernier exemple en date de ce grand d\u00e9clin est le blanchiment soudain par l\u2019Occident du d\u00e9put\u00e9 d\u2019ISIS et chef d\u2019Al-Qa\u00efda, Al-Joulani. L\u2019interview stup\u00e9fiante de <em>CNN<\/em> est une interview pour l\u2019\u00e9ternit\u00e9 :<\/p>\n<div class=\"wp-block-image\">\n<figure class=\"aligncenter size-full is-resized\"><a target=\"_blank\" href=\"https:\/\/i0.wp.com\/reseauinternational.net\/wp-content\/uploads\/2024\/12\/image-85.png?ssl=1\"><img data-recalc-dims=\"1\" decoding=\"async\" width=\"680\" height=\"656\" src=\"https:\/\/i0.wp.com\/reseauinternational.net\/wp-content\/uploads\/2024\/12\/image-85.png?resize=680%2C656&amp;ssl=1\" alt=\"\" class=\"wp-image-434413\" style=\"width:598px;height:auto\" loading=\"lazy\" srcset=\"https:\/\/i0.wp.com\/reseauinternational.net\/wp-content\/uploads\/2024\/12\/image-85.png?w=680&amp;ssl=1 680w, https:\/\/i0.wp.com\/reseauinternational.net\/wp-content\/uploads\/2024\/12\/image-85.png?resize=300%2C289&amp;ssl=1 300w\" sizes=\"auto, (max-width: 680px) 100vw, 680px\"\/><\/a><\/figure>\n<\/div>\n<p>Les questions pr\u00e9programm\u00e9es ont \u00e9t\u00e9 con\u00e7ues pour permettre au chef terroriste de pr\u00e9senter sa nouvelle image de marque \u00e0 un public occidental. Il s\u2019agit d\u2019un jeu classique : l\u2019animateur fait semblant de \u00abd\u00e9fier\u00bb le chef terroriste pour lui poser pr\u00e9cis\u00e9ment la question qui lui permettra de pr\u00e9senter son nouveau visage avec la r\u00e9ponse pr\u00e9par\u00e9e \u00e0 l\u2019avance.<\/p>\n<p>Parmi les points forts incroyables, citons le fait qu\u2019il affirme avoir tir\u00e9 un trait sur son pass\u00e9 au sein d\u2019ISIS, \u00e9tant donn\u00e9 qu\u2019il \u00e9tait un jeune homme et que les gens \u00abchangent\u00bb au fur et \u00e0 mesure qu\u2019ils traversent les phases mercuriales de la vie \u2013 nous pouvons tous nous y reconna\u00eetre, n\u2019est-ce pas ?<\/p>\n<div class=\"wp-block-image\">\n<figure class=\"aligncenter size-full is-resized\"><a target=\"_blank\" href=\"https:\/\/i0.wp.com\/reseauinternational.net\/wp-content\/uploads\/2024\/12\/image-86.png?ssl=1\"><img data-recalc-dims=\"1\" decoding=\"async\" width=\"665\" height=\"435\" src=\"https:\/\/i0.wp.com\/reseauinternational.net\/wp-content\/uploads\/2024\/12\/image-86.png?resize=665%2C435&amp;ssl=1\" alt=\"\" class=\"wp-image-434414\" style=\"width:599px;height:auto\" loading=\"lazy\" srcset=\"https:\/\/i0.wp.com\/reseauinternational.net\/wp-content\/uploads\/2024\/12\/image-86.png?w=665&amp;ssl=1 665w, https:\/\/i0.wp.com\/reseauinternational.net\/wp-content\/uploads\/2024\/12\/image-86.png?resize=300%2C196&amp;ssl=1 300w\" sizes=\"auto, (max-width: 665px) 100vw, 665px\"\/><\/a><\/figure>\n<\/div>\n<p>Il suffit de jeter un coup d\u2019\u0153il au CV de ce type pour s\u2019en convaincre :<\/p>\n<div class=\"wp-block-image\">\n<figure class=\"aligncenter size-large is-resized\"><a target=\"_blank\" href=\"https:\/\/i0.wp.com\/reseauinternational.net\/wp-content\/uploads\/2024\/12\/image-88.png?ssl=1\"><img data-recalc-dims=\"1\" decoding=\"async\" width=\"1024\" height=\"758\" src=\"https:\/\/i0.wp.com\/reseauinternational.net\/wp-content\/uploads\/2024\/12\/image-88.png?resize=1024%2C758&amp;ssl=1\" alt=\"\" class=\"wp-image-434416\" style=\"width:598px;height:auto\" loading=\"lazy\" srcset=\"https:\/\/i0.wp.com\/reseauinternational.net\/wp-content\/uploads\/2024\/12\/image-88.png?resize=1024%2C758&amp;ssl=1 1024w, https:\/\/i0.wp.com\/reseauinternational.net\/wp-content\/uploads\/2024\/12\/image-88.png?resize=300%2C222&amp;ssl=1 300w, https:\/\/i0.wp.com\/reseauinternational.net\/wp-content\/uploads\/2024\/12\/image-88.png?resize=768%2C569&amp;ssl=1 768w, https:\/\/i0.wp.com\/reseauinternational.net\/wp-content\/uploads\/2024\/12\/image-88.png?resize=990%2C733&amp;ssl=1 990w, https:\/\/i0.wp.com\/reseauinternational.net\/wp-content\/uploads\/2024\/12\/image-88.png?w=1434&amp;ssl=1 1434w\" sizes=\"auto, (max-width: 1024px) 100vw, 1024px\"\/><\/a><\/figure>\n<\/div>\n<p>Al-Qa\u00efda, vous savez, les types qui ont soi-disant tu\u00e9 des milliers d\u2019Am\u00e9ricains le 11 septembre, selon l\u2019hagiographie officielle du GWOT ? Le type qui, \u00e0 l\u2019heure o\u00f9 nous parlons, maintient une prime de dix millions de dollars au FBI ?<\/p>\n<div class=\"wp-block-image\">\n<figure class=\"aligncenter size-large is-resized\"><a target=\"_blank\" href=\"https:\/\/i0.wp.com\/reseauinternational.net\/wp-content\/uploads\/2024\/12\/image-89.png?ssl=1\"><img data-recalc-dims=\"1\" decoding=\"async\" width=\"833\" height=\"1024\" src=\"https:\/\/i0.wp.com\/reseauinternational.net\/wp-content\/uploads\/2024\/12\/image-89.png?resize=833%2C1024&amp;ssl=1\" alt=\"\" class=\"wp-image-434418\" style=\"width:602px;height:auto\" loading=\"lazy\" srcset=\"https:\/\/i0.wp.com\/reseauinternational.net\/wp-content\/uploads\/2024\/12\/image-89.png?resize=833%2C1024&amp;ssl=1 833w, https:\/\/i0.wp.com\/reseauinternational.net\/wp-content\/uploads\/2024\/12\/image-89.png?resize=244%2C300&amp;ssl=1 244w, https:\/\/i0.wp.com\/reseauinternational.net\/wp-content\/uploads\/2024\/12\/image-89.png?resize=768%2C944&amp;ssl=1 768w, https:\/\/i0.wp.com\/reseauinternational.net\/wp-content\/uploads\/2024\/12\/image-89.png?resize=990%2C1217&amp;ssl=1 990w, https:\/\/i0.wp.com\/reseauinternational.net\/wp-content\/uploads\/2024\/12\/image-89.png?w=1041&amp;ssl=1 1041w\" sizes=\"auto, (max-width: 833px) 100vw, 833px\"\/><\/a><\/figure>\n<\/div>\n<p>Oui,\u00a0<em>ce<\/em>\u00a0type est courtis\u00e9 par <em>CNN<\/em>, on lui lance des balles molles et on ne lui offre\u00a0<em>aucun<\/em> d\u00e9fi, quel qu\u2019il soit, \u00e0 la rhapsodie lyrique de sa phase d\u2019angoisse d\u2019adolescent de l\u2019ISIS. Que pouvons-nous dire, la CIA a construit son parfait arch\u00e9type de \u00abh\u00e9ros terroriste rachet\u00e9\u00bb.<\/p>\n<p>La d\u00e9mocratie pour le nouveau monde \u2013 la\u00a0voie <em>occidentale<\/em> !<\/p>\n<div class=\"wp-block-image\">\n<figure class=\"aligncenter size-large\"><a target=\"_blank\" href=\"https:\/\/i0.wp.com\/reseauinternational.net\/wp-content\/uploads\/2024\/12\/image-90.png?ssl=1\"><img data-recalc-dims=\"1\" decoding=\"async\" width=\"1024\" height=\"186\" src=\"https:\/\/i0.wp.com\/reseauinternational.net\/wp-content\/uploads\/2024\/12\/image-90.png?resize=1024%2C186&amp;ssl=1\" alt=\"\" class=\"wp-image-434419\" loading=\"lazy\" srcset=\"https:\/\/i0.wp.com\/reseauinternational.net\/wp-content\/uploads\/2024\/12\/image-90.png?resize=1024%2C186&amp;ssl=1 1024w, https:\/\/i0.wp.com\/reseauinternational.net\/wp-content\/uploads\/2024\/12\/image-90.png?resize=300%2C55&amp;ssl=1 300w, https:\/\/i0.wp.com\/reseauinternational.net\/wp-content\/uploads\/2024\/12\/image-90.png?resize=768%2C140&amp;ssl=1 768w, https:\/\/i0.wp.com\/reseauinternational.net\/wp-content\/uploads\/2024\/12\/image-90.png?resize=990%2C180&amp;ssl=1 990w, https:\/\/i0.wp.com\/reseauinternational.net\/wp-content\/uploads\/2024\/12\/image-90.png?w=1456&amp;ssl=1 1456w\" sizes=\"auto, (max-width: 1024px) 100vw, 1024px\"\/><\/a><\/figure>\n<\/div>\n<div class=\"wp-block-image\">\n<figure class=\"aligncenter size-large is-resized\"><a target=\"_blank\" href=\"https:\/\/i0.wp.com\/reseauinternational.net\/wp-content\/uploads\/2024\/12\/image-91.png?ssl=1\"><img data-recalc-dims=\"1\" decoding=\"async\" width=\"1024\" height=\"627\" src=\"https:\/\/i0.wp.com\/reseauinternational.net\/wp-content\/uploads\/2024\/12\/image-91.png?resize=1024%2C627&amp;ssl=1\" alt=\"\" class=\"wp-image-434420\" style=\"width:600px;height:auto\" loading=\"lazy\" srcset=\"https:\/\/i0.wp.com\/reseauinternational.net\/wp-content\/uploads\/2024\/12\/image-91.png?resize=1024%2C627&amp;ssl=1 1024w, https:\/\/i0.wp.com\/reseauinternational.net\/wp-content\/uploads\/2024\/12\/image-91.png?resize=300%2C184&amp;ssl=1 300w, https:\/\/i0.wp.com\/reseauinternational.net\/wp-content\/uploads\/2024\/12\/image-91.png?resize=768%2C470&amp;ssl=1 768w, https:\/\/i0.wp.com\/reseauinternational.net\/wp-content\/uploads\/2024\/12\/image-91.png?resize=990%2C607&amp;ssl=1 990w, https:\/\/i0.wp.com\/reseauinternational.net\/wp-content\/uploads\/2024\/12\/image-91.png?w=1061&amp;ssl=1 1061w\" sizes=\"auto, (max-width: 1024px) 100vw, 1024px\"\/><\/a><\/figure>\n<\/div>\n<p>La complicit\u00e9 des m\u00e9dias est due au fait qu\u2019aucune contestation n\u2019est \u00e9mise \u00e0 l\u2019encontre de ces travestissements illib\u00e9raux ou antid\u00e9mocratiques. S\u2019il s\u2019agissait de la Russie, de la Chine, de la Cor\u00e9e du Nord ou de l\u2019Iran, un langage sp\u00e9cialement d\u00e9velopp\u00e9 pour la cause serait imm\u00e9diatement utilis\u00e9 pour contester, poursuivre et incriminer ces pays par le biais de titres sp\u00e9cialement con\u00e7us \u00e0 cet effet. Mais lorsqu\u2019une s\u00e9rie de pays soutenus par l\u2019Occident annulent purement et simplement leurs \u00e9lections pr\u00e9sidentielles, les MSM se contentent de jouer les idiots, de mentir par omission et de publier des titres \u00abneutres\u00bb avec un langage passif qui ne pointe pas du doigt et n\u2019insinue aucun acte r\u00e9pr\u00e9hensible. O\u00f9 sont les protestations hyst\u00e9riques face \u00e0 un pays de l\u2019OTAN et de l\u2019UE qui annule litt\u00e9ralement ses \u00e9lections pr\u00e9sidentielles sur un simple coup de t\u00eate ? Sans parler de l\u2019absence de diligence raisonnable et de recherches journalistiques sur les rumeurs selon lesquelles un myst\u00e9rieux Bombardier am\u00e9ricain se serait envol\u00e9 pour la Roumanie la veille de l\u2019annulation :<\/p>\n<div class=\"wp-block-image\">\n<figure class=\"aligncenter size-full is-resized\"><a target=\"_blank\" href=\"https:\/\/i0.wp.com\/reseauinternational.net\/wp-content\/uploads\/2024\/12\/image-92.png?ssl=1\"><img data-recalc-dims=\"1\" decoding=\"async\" width=\"680\" height=\"654\" src=\"https:\/\/i0.wp.com\/reseauinternational.net\/wp-content\/uploads\/2024\/12\/image-92.png?resize=680%2C654&amp;ssl=1\" alt=\"\" class=\"wp-image-434421\" style=\"width:600px;height:auto\" loading=\"lazy\" srcset=\"https:\/\/i0.wp.com\/reseauinternational.net\/wp-content\/uploads\/2024\/12\/image-92.png?w=680&amp;ssl=1 680w, https:\/\/i0.wp.com\/reseauinternational.net\/wp-content\/uploads\/2024\/12\/image-92.png?resize=300%2C289&amp;ssl=1 300w\" sizes=\"auto, (max-width: 680px) 100vw, 680px\"\/><\/a><\/figure>\n<\/div>\n<p>Comme nous l\u2019avons dit au d\u00e9but, l\u2019hypocrisie flagrante de l\u2019Occident a \u00e9t\u00e9 constat\u00e9e dans le monde entier et se r\u00e9percutera de g\u00e9n\u00e9ration en g\u00e9n\u00e9ration. Les dirigeants occidentaux ne voient que les gains \u00e0 court terme et sont pr\u00eats \u00e0 faire tout ce qui est en leur pouvoir pour soutenir leur syst\u00e8me en d\u00e9composition, ce qui ne fait qu\u2019accro\u00eetre la \u00abbulle\u00bb catastrophique qui devra in\u00e9vitablement \u00e9clater \u00e0 un moment ou \u00e0 un autre. Ce n\u2019est pas diff\u00e9rent de l\u2019utilisation du dollar am\u00e9ricain comme arme \u00e9conomique, qui conduit maintenant \u00e0 une d\u00e9dollarisation mondiale et \u00e0 la cr\u00e9ation de syst\u00e8mes financiers parall\u00e8les dans le sud du monde.<\/p>\n<p>L\u2019UE, en particulier, a atteint un point de non-retour, devenant la \u00abprison des nations\u00bb, selon l\u2019expression pleine d\u2019esprit d\u2019un commentateur pr\u00e9c\u00e9dent. Plus les technocrates mondialistes de l\u2019UE poussent, plus l\u2019opposition grandissante et la classe sceptique de l\u2019UE deviennent obstin\u00e9es. Pour chaque Georgescu qu\u2019ils d\u00e9truisent et suppriment ill\u00e9galement, ils ouvrent les yeux sur plusieurs autres qui se l\u00e8veront dans un avenir proche. Les technocrates ne r\u00e9fl\u00e9chissent jamais, ils se contentent toujours de l\u2019\u00e9p\u00e9e la plus rapide et la plus pratique \u00e0 port\u00e9e de main. Ce manque de pr\u00e9voyance les a conduits \u00e0 renforcer consid\u00e9rablement le complexe de censure de l\u2019Union, ce qui a entra\u00een\u00e9 des transgressions inou\u00efes des droits des citoyens. Des histoires r\u00e9centes en provenance du Royaume-Uni et de l\u2019Allemagne t\u00e9moignent de l\u2019arrestation r\u00e9p\u00e9t\u00e9e de personnes pour des m\u00e8mes inoffensifs ou des plaisanteries politiques visant des fonctionnaires :<\/p>\n<div class=\"wp-block-image\">\n<figure class=\"aligncenter size-large is-resized\"><a target=\"_blank\" href=\"https:\/\/i0.wp.com\/reseauinternational.net\/wp-content\/uploads\/2024\/12\/image-93.png?ssl=1\"><img data-recalc-dims=\"1\" decoding=\"async\" width=\"1024\" height=\"179\" src=\"https:\/\/i0.wp.com\/reseauinternational.net\/wp-content\/uploads\/2024\/12\/image-93.png?resize=1024%2C179&amp;ssl=1\" alt=\"\" class=\"wp-image-434422\" style=\"width:600px;height:auto\" loading=\"lazy\" srcset=\"https:\/\/i0.wp.com\/reseauinternational.net\/wp-content\/uploads\/2024\/12\/image-93.png?resize=1024%2C179&amp;ssl=1 1024w, https:\/\/i0.wp.com\/reseauinternational.net\/wp-content\/uploads\/2024\/12\/image-93.png?resize=300%2C52&amp;ssl=1 300w, https:\/\/i0.wp.com\/reseauinternational.net\/wp-content\/uploads\/2024\/12\/image-93.png?resize=768%2C134&amp;ssl=1 768w, https:\/\/i0.wp.com\/reseauinternational.net\/wp-content\/uploads\/2024\/12\/image-93.png?resize=990%2C173&amp;ssl=1 990w, https:\/\/i0.wp.com\/reseauinternational.net\/wp-content\/uploads\/2024\/12\/image-93.png?w=1456&amp;ssl=1 1456w\" sizes=\"auto, (max-width: 1024px) 100vw, 1024px\"\/><\/a><\/figure>\n<\/div>\n<p>Apr\u00e8s qu\u2019un retrait\u00e9 de 64 ans a retweet\u00e9 un m\u00e8me du ministre de l\u2019\u00e9conomie verte Robert Habeck, dans lequel ce dernier \u00e9tait d\u00e9crit comme un \u00abidiot\u00bb, la police bavaroise a fait une descente au domicile de l\u2019homme et l\u2019a arr\u00eat\u00e9. Le crime a m\u00eame \u00e9t\u00e9 enregistr\u00e9 comme un \u00abcrime de droite \u00e0 motivation politique\u00bb.<\/p>\n<p>En bref : c\u2019est le verrouillage total de l\u2019information ou l\u2019\u00e9chec.<\/p>\n<p>Au lendemain de la \u00abbavure\u00bb \u00e9lectorale roumaine, les seuls appels \u00e0 la censure sont naturellement plus, plusieurs personnalit\u00e9s europ\u00e9ennes \u00e9minentes militant non seulement pour une \u00abaction\u00bb contre les m\u00e9dias sociaux, mais approuvant ouvertement l\u2019abrogation fantaisiste d\u2019\u00e9lections sur la base de ou\u00ef-dire. Un membre du Parlement europ\u00e9en :<\/p>\n<div class=\"wp-block-image\">\n<figure class=\"aligncenter size-full is-resized\"><a target=\"_blank\" href=\"https:\/\/i0.wp.com\/reseauinternational.net\/wp-content\/uploads\/2024\/12\/image-94.png?ssl=1\"><img data-recalc-dims=\"1\" decoding=\"async\" width=\"729\" height=\"770\" src=\"https:\/\/i0.wp.com\/reseauinternational.net\/wp-content\/uploads\/2024\/12\/image-94.png?resize=729%2C770&amp;ssl=1\" alt=\"\" class=\"wp-image-434423\" style=\"width:599px;height:auto\" loading=\"lazy\" srcset=\"https:\/\/i0.wp.com\/reseauinternational.net\/wp-content\/uploads\/2024\/12\/image-94.png?w=729&amp;ssl=1 729w, https:\/\/i0.wp.com\/reseauinternational.net\/wp-content\/uploads\/2024\/12\/image-94.png?resize=284%2C300&amp;ssl=1 284w\" sizes=\"auto, (max-width: 729px) 100vw, 729px\"\/><\/a><\/figure>\n<\/div>\n<p>Notez la mani\u00e8re blas\u00e9e avec laquelle l\u2019annulation d\u2019une \u00e9lection pr\u00e9sidentielle\u00a0est pass\u00e9e sous silence, comme s\u2019il ne s\u2019agissait pas de quelque chose qui a \u00e9branl\u00e9 le fondement m\u00eame de la confiance politique et du pacte social avec la soci\u00e9t\u00e9. Le pr\u00e9c\u00e9dent \u00e9tabli est que toute \u00e9lection peut d\u00e9sormais \u00eatre enti\u00e8rement liquid\u00e9e sur la base de simples rumeurs circonstancielles d\u2019\u00abing\u00e9rence russe\u00bb. La plupart n\u2019ont m\u00eame pas pris la peine de consid\u00e9rer que l\u2019\u00abing\u00e9rence des m\u00e9dias sociaux\u00bb est une pente glissante fallacieuse pour commencer :<\/p>\n<div class=\"wp-block-image\">\n<figure class=\"aligncenter size-full is-resized\"><a target=\"_blank\" href=\"https:\/\/i0.wp.com\/reseauinternational.net\/wp-content\/uploads\/2024\/12\/image-95.png?ssl=1\"><img data-recalc-dims=\"1\" decoding=\"async\" width=\"752\" height=\"440\" src=\"https:\/\/i0.wp.com\/reseauinternational.net\/wp-content\/uploads\/2024\/12\/image-95.png?resize=752%2C440&amp;ssl=1\" alt=\"\" class=\"wp-image-434424\" style=\"width:598px;height:auto\" loading=\"lazy\" srcset=\"https:\/\/i0.wp.com\/reseauinternational.net\/wp-content\/uploads\/2024\/12\/image-95.png?w=752&amp;ssl=1 752w, https:\/\/i0.wp.com\/reseauinternational.net\/wp-content\/uploads\/2024\/12\/image-95.png?resize=300%2C176&amp;ssl=1 300w\" sizes=\"auto, (max-width: 752px) 100vw, 752px\"\/><\/a><\/figure>\n<\/div>\n<p>Une fois de plus, l\u2019hypocrisie r\u00e9voltante de l\u2019Occident refait surface : L\u2019AIPAC se vante ouvertement de financer la victoire de ses candidats pr\u00e9f\u00e9r\u00e9s au Congr\u00e8s. Il y a quelques jours, Michael Roth, d\u00e9put\u00e9 allemand du SPD au Bundestag, s\u2019est rendu \u00e0 Tbilissi pour participer ouvertement \u00e0 une tentative de coup d\u2019\u00c9tat, pronon\u00e7ant m\u00eame un discours pour inciter les manifestants :<\/p>\n<div class=\"wp-block-image\">\n<figure class=\"aligncenter size-full is-resized\"><a target=\"_blank\" href=\"https:\/\/i0.wp.com\/reseauinternational.net\/wp-content\/uploads\/2024\/12\/image-96.png?ssl=1\"><img data-recalc-dims=\"1\" decoding=\"async\" width=\"689\" height=\"638\" src=\"https:\/\/i0.wp.com\/reseauinternational.net\/wp-content\/uploads\/2024\/12\/image-96.png?resize=689%2C638&amp;ssl=1\" alt=\"\" class=\"wp-image-434425\" style=\"width:601px;height:auto\" loading=\"lazy\" srcset=\"https:\/\/i0.wp.com\/reseauinternational.net\/wp-content\/uploads\/2024\/12\/image-96.png?w=689&amp;ssl=1 689w, https:\/\/i0.wp.com\/reseauinternational.net\/wp-content\/uploads\/2024\/12\/image-96.png?resize=300%2C278&amp;ssl=1 300w\" sizes=\"auto, (max-width: 689px) 100vw, 689px\"\/><\/a><\/figure>\n<\/div>\n<p>Dans son discours, il se moque m\u00eame des accusations d\u2019\u00abing\u00e9rence\u00bb, faisant preuve de l\u2019orgueil occidental typique en bafouant d\u00e9lib\u00e9r\u00e9ment l\u2019hypocrisie m\u00eame qui a conduit \u00e0 leur chute.<\/p>\n<p>Imaginez que le d\u00e9funt d\u00e9put\u00e9 russe de la Douma, Zhirinovsky, se soit rendu au Capitole \u00e0 l\u2019occasion du J6 pour inciter les foules \u00e0 s\u2019opposer au Congr\u00e8s en pronon\u00e7ant des discours enflamm\u00e9s \u00e0 l\u2019aide d\u2019un porte-voix depuis une sc\u00e8ne. Comment cela aurait-il \u00e9t\u00e9 accueilli ?<\/p>\n<p>L\u2019Occident est en train de se manger lui-m\u00eame comme un serpent qui a sa propre queue dans la bouche. La derni\u00e8re s\u00e9rie de politiques d\u00e9sesp\u00e9r\u00e9es de la derni\u00e8re chance est exactement cela : elles ne font qu\u2019acc\u00e9l\u00e9rer le retour de b\u00e2ton. Les \u00e9lites occidentales s\u2019efforcent de gagner du temps pour emp\u00eacher l\u2019ordre tout entier, y compris l\u2019UE, de s\u2019effondrer. Comme un homme bless\u00e9 qui se vide lentement de son sang en buvant verre apr\u00e8s verre d\u2019eau, l\u2019Europe et l\u2019OTAN engloutissent par r\u00e9flexe de nouvelles nations \u00e0 un rythme record, comme si la taille gloutonne de leur empire malade pouvait compenser la d\u00e9composition \u00e0 vue d\u2019\u0153il \u00e0 l\u2019int\u00e9rieur.<\/p>\n<p>Mais le syst\u00e8me tout entier marche sur la corde raide parce que les gens ont lentement compris, et la duplicit\u00e9 politique des technocrates mondialistes tourne d\u00e9j\u00e0 \u00e0 plein r\u00e9gime ; ils ne peuvent tout simplement pas se permettre de voler toutes les futures \u00e9lections sans que le syst\u00e8me ne s\u2019effondre sous le poids de sa tyrannie galopante. Il est d\u00e9j\u00e0 en train de s\u2019effondrer, et une poign\u00e9e de marionnettes mondialistes mal d\u00e9grossies s\u2019efforcent d\u2019afficher une fa\u00e7ade souriante de normalit\u00e9 devant les cam\u00e9ras, alors que les fondations g\u00e9missent sous leurs pieds.<\/p>\n<div class=\"wp-block-image\">\n<figure class=\"aligncenter size-full is-resized\"><a target=\"_blank\" href=\"https:\/\/i0.wp.com\/reseauinternational.net\/wp-content\/uploads\/2024\/12\/image-97.png?ssl=1\"><img data-recalc-dims=\"1\" decoding=\"async\" width=\"920\" height=\"753\" src=\"https:\/\/i0.wp.com\/reseauinternational.net\/wp-content\/uploads\/2024\/12\/image-97.png?resize=920%2C753&amp;ssl=1\" alt=\"\" class=\"wp-image-434426\" style=\"width:598px;height:auto\" loading=\"lazy\" srcset=\"https:\/\/i0.wp.com\/reseauinternational.net\/wp-content\/uploads\/2024\/12\/image-97.png?w=920&amp;ssl=1 920w, https:\/\/i0.wp.com\/reseauinternational.net\/wp-content\/uploads\/2024\/12\/image-97.png?resize=300%2C246&amp;ssl=1 300w, https:\/\/i0.wp.com\/reseauinternational.net\/wp-content\/uploads\/2024\/12\/image-97.png?resize=768%2C629&amp;ssl=1 768w\" sizes=\"auto, (max-width: 920px) 100vw, 920px\"\/><\/a><\/figure>\n<\/div>\n<p>Cet ordre politique n\u2019est pas seulement l\u2019homme malade de l\u2019Europe, mais le v\u00e9ritable homme malade du monde, qui crache ses effluves infectieux sur tout ce qui l\u2019entoure. C\u2019est le cr\u00e9puscule cynique de l\u2019Occident, qui a choisi la terreur, l\u2019oppression et la manipulation politique contre ses propres citoyens comme moyen de faire face \u00e0 la lente perte de ses droits imp\u00e9riaux. Il est in\u00e9vitable que la mar\u00e9e montante des partis politiques anti-establishment continue \u00e0 balayer ce chancre. Mais avant que cela ne se produise pour de bon, l\u2019Europe conna\u00eetra probablement une paralysie politique d\u00e9stabilisante pendant plusieurs ann\u00e9es, comme une sorte d\u2019agonie finale des tenants du mondialisme et des valets politiques comme Starmer, Macron, Scholz et consorts, dont le seul travail consistera \u00e0 retarder la chute le plus longtemps possible.<\/p>\n<p>source : <a target=\"_blank\" href=\"https:\/\/simplicius76.substack.com\/p\/cynical-overtakes-sacred-as-the-west\" target=\"_blank\" rel=\"noopener\" title=\"\">Simplicius<\/a><\/p>\n<div class=\"sharedaddy sd-block sd-like jetpack-likes-widget-wrapper jetpack-likes-widget-unloaded\" id=\"like-post-wrapper-237719536-434392-6756d8f44f3ca\" data-src=\"https:\/\/widgets.wp.com\/likes\/?ver=14.1#blog_id=237719536&amp;post_id=434392&amp;origin=reseauinternational.net&amp;obj_id=237719536-434392-6756d8f44f3ca&amp;n=1\" data-name=\"like-post-frame-237719536-434392-6756d8f44f3ca\" data-title=\"Aimer ou rebloguer\">\n<h3 class=\"sd-title\">J\u2019aime \u00e7a\u00a0:<\/h3>\n<p><span class=\"button\"><span>J\u2019aime<\/span><\/span> <span class=\"loading\">chargement\u2026<\/span><\/p>\n<p><span class=\"sd-text-color\"\/><a target=\"_blank\" class=\"sd-link-color\"\/><\/div>\n<p><meta itemscope=\"\" itemprop=\"mainEntityOfPage\" itemtype=\"https:\/\/schema.org\/WebPage\" itemid=\"https:\/\/reseauinternational.net\/le-cynisme-prend-le-pas-sur-le-sacre-loccident-montre-son-vrai-visage\/\"\/><meta itemprop=\"headline\" content=\"Le cynisme prend le pas sur le sacr\u00e9, l\u2019Occident montre son vrai visage\"\/><span style=\"display: none;\" itemprop=\"author\" itemscope=\"\" itemtype=\"https:\/\/schema.org\/Person\"><meta itemprop=\"name\" content=\"R\u00e9seau International\"\/><\/span><span style=\"display: none;\" itemprop=\"image\" itemscope=\"\" itemtype=\"https:\/\/schema.org\/ImageObject\"><meta itemprop=\"url\" content=\"https:\/\/i0.wp.com\/reseauinternational.net\/wp-content\/uploads\/2024\/12\/Calin-Georgescu-20241209.jpg?fit=800%2C467&amp;ssl=1\"\/><meta itemprop=\"width\" content=\"800\"\/><meta itemprop=\"height\" content=\"467\"\/><\/span><span style=\"display: none;\" itemprop=\"publisher\" itemscope=\"\" itemtype=\"https:\/\/schema.org\/Organization\"><span style=\"display: none;\" itemprop=\"logo\" itemscope=\"\" itemtype=\"https:\/\/schema.org\/ImageObject\"><meta itemprop=\"url\" content=\"https:\/\/reseauinternational.net\/wp-content\/uploads\/2022\/06\/Capture-de\u0301cran-2022-06-14-a\u0300-16.51.07.png\"\/><\/span><meta itemprop=\"name\" content=\"R\u00e9seau International\"\/><\/span><meta itemprop=\"datePublished\" content=\"2024-12-09T11:37:28+00:00\"\/><meta itemprop=\"dateModified\" content=\"2024-12-09T11:37:41+00:00\"\/><\/div>\n<p><br \/>\n<br \/><a href=\"https:\/\/reseauinternational.net\/le-cynisme-prend-le-pas-sur-le-sacre-loccident-montre-son-vrai-visage\/\" target=\"_blank\"\">Source link <\/a><\/p>\n","protected":false},"excerpt":{"rendered":"<p>Campagne de dons D\u00e9cembre 2024 Chers amis lecteurs, R\u00e9seau International a de nouveau besoin de vous. Gr\u00e2ce \u00e0 vous, nous avons pu nous doter d\u2019un serveur plus s\u00e9curis\u00e9, avec des&hellip; <\/p>\n","protected":false},"author":1,"featured_media":1828,"comment_status":"open","ping_status":"open","sticky":false,"template":"","format":"standard","meta":{"footnotes":""},"categories":[1],"tags":[],"class_list":["post-1827","post","type-post","status-publish","format-standard","has-post-thumbnail","hentry","category-non-classe"],"_links":{"self":[{"href":"https:\/\/monde25.info\/index.php\/wp-json\/wp\/v2\/posts\/1827","targetHints":{"allow":["GET"]}}],"collection":[{"href":"https:\/\/monde25.info\/index.php\/wp-json\/wp\/v2\/posts"}],"about":[{"href":"https:\/\/monde25.info\/index.php\/wp-json\/wp\/v2\/types\/post"}],"author":[{"embeddable":true,"href":"https:\/\/monde25.info\/index.php\/wp-json\/wp\/v2\/users\/1"}],"replies":[{"embeddable":true,"href":"https:\/\/monde25.info\/index.php\/wp-json\/wp\/v2\/comments?post=1827"}],"version-history":[{"count":0,"href":"https:\/\/monde25.info\/index.php\/wp-json\/wp\/v2\/posts\/1827\/revisions"}],"wp:featuredmedia":[{"embeddable":true,"href":"https:\/\/monde25.info\/index.php\/wp-json\/wp\/v2\/media\/1828"}],"wp:attachment":[{"href":"https:\/\/monde25.info\/index.php\/wp-json\/wp\/v2\/media?parent=1827"}],"wp:term":[{"taxonomy":"category","embeddable":true,"href":"https:\/\/monde25.info\/index.php\/wp-json\/wp\/v2\/categories?post=1827"},{"taxonomy":"post_tag","embeddable":true,"href":"https:\/\/monde25.info\/index.php\/wp-json\/wp\/v2\/tags?post=1827"}],"curies":[{"name":"wp","href":"https:\/\/api.w.org\/{rel}","templated":true}]}}