{"id":18277,"date":"2025-10-25T14:55:04","date_gmt":"2025-10-25T12:55:04","guid":{"rendered":"https:\/\/monde25.info\/index.php\/2025\/10\/25\/les-10-bonnes-nouvelles-de-la-semaine-15\/"},"modified":"2025-10-25T14:55:04","modified_gmt":"2025-10-25T12:55:04","slug":"les-10-bonnes-nouvelles-de-la-semaine-15","status":"publish","type":"post","link":"https:\/\/monde25.info\/index.php\/2025\/10\/25\/les-10-bonnes-nouvelles-de-la-semaine-15\/","title":{"rendered":"les 10 bonnes nouvelles de la semaine"},"content":{"rendered":"<p> <br \/>\n<\/p>\n<div>\n<h4><strong>Vous avez un petit coup de mou ? Voici 10 bonnes nouvelles \u00e0 ne surtout pas manquer cette semaine.\u00a0<\/strong><\/h4>\n<h2><strong>1. Sarkozy enfin en prison !\u00a0<\/strong><\/h2>\n<p><span style=\"font-weight: 400;\">Nicolas Sarkozy a \u00e9t\u00e9 incarc\u00e9r\u00e9 le 21 octobre 2025 \u00e0 la prison de la Sant\u00e9 \u00e0 Paris, devenant <strong>le premier ex-pr\u00e9sident de la Ve R\u00e9publique \u00e0 aller en prison.<\/strong> Condamn\u00e9 <strong>\u00e0 cinq ans pour association de malfaiteurs dans l\u2019affaire du financement libyen,<\/strong> il b\u00e9n\u00e9ficie d\u2019un <strong>r\u00e9gime d\u2019isolement avec une protection rapproch\u00e9e. <\/strong>(<a target=\"_blank\" href=\"https:\/\/www.politis.fr\/articles\/2025\/10\/video-soutien-a-nicolas-sarkozy-honte-a-la-justice\/\">Politis<\/a>)\u200b\u200b<\/span><\/p>\n<p><iframe loading=\"lazy\" title=\"\ud83d\udea8 Nicolas Sarkozy insult\u00e9 et emp\u00each\u00e9 de dormir par des d\u00e9tenus \u00e0 la prison de la Sant\u00e9\" width=\"1110\" height=\"624\" src=\"https:\/\/www.youtube.com\/embed\/Cx9DIlW4NnI?feature=oembed\" frameborder=\"0\" allow=\"accelerometer; autoplay; clipboard-write; encrypted-media; gyroscope; picture-in-picture; web-share\" referrerpolicy=\"strict-origin-when-cross-origin\" allowfullscreen><\/iframe><\/p>\n<h2><strong>2.\u00a0 Encore des manifestations contre Trump !<\/strong><\/h2>\n<p><span style=\"font-weight: 400;\">Samedi dernier, pr\u00e8s de <strong>7 millions de personnes ont d\u00e9fil\u00e9 dans plusieurs grandes villes des \u00c9tats-Unis,<\/strong> scandant <strong>\u201cNo Kings\u201d<\/strong> (\u00ab\u202fPas de rois\u202f\u00bb), un mouvement qui d\u00e9nonce <strong>l\u2019administration Trump<\/strong>\u00a0et appelle \u00e0 une remise en cause radicale des institutions. (<a target=\"_blank\" href=\"https:\/\/www.blast-info.fr\/articles\/2025\/etats-unis-trump-ricane-devant-des-manifestations-no-kings-dune-ampleur-inedite-I3K8iymGTIyoLqBVZo4L8g\">Blast<\/a>)<\/span><\/p>\n<h2><strong>3. Une taxe sur les produits Shein et Temu et sur les cigarettes \u00e9lectroniques<\/strong><\/h2>\n<p><span style=\"font-weight: 400;\">Budget 2026 : le gouvernement fran\u00e7ais souhaite appliquer <strong>une taxe de 2 euros sur chaque article contenu dans les petits colis (valeur inf\u00e9rieure \u00e0 150 euros) achet\u00e9s sur des plateformes telles que Shein ou Temu lorsque leur valeur est inf\u00e9rieure \u00e0 150 euros.<\/strong>\u00a0(<a target=\"_blank\" href=\"https:\/\/www.franceinfo.fr\/economie\/petits-colis-une-nouvelle-taxe-pourrait-s-appliquer-sur-chaque-produit-de-sites-comme-temu-ou-shein_7556386.html\">FranceInfo<\/a>)<\/span><\/p>\n<h2><strong>4. Peut-\u00eatre moins de pollution plastique !\u00a0<\/strong><\/h2>\n<p><span style=\"font-weight: 400;\">L\u2019Union europ\u00e9enne a adopt\u00e9 <strong>un r\u00e8glement visant \u00e0 r\u00e9duire la pollution plastique li\u00e9e aux pellets, ces petites billes utilis\u00e9es dans l\u2019industrie.<\/strong> Cette mesure vise \u00e0 limiter leur dispersion dans l\u2019environnement afin de prot\u00e9ger la biodiversit\u00e9 et lutter contre la pollution plastique. (<a target=\"_blank\" href=\"https:\/\/reporterre.net\/Pollution-plastique-un-reglement-sur-les-pellets-adopte-par-l-Europe\">Reporterre<\/a>)<\/span><\/p>\n<figure id=\"attachment_1116220\" aria-describedby=\"caption-attachment-1116220\" style=\"width: 1200px\" class=\"wp-caption alignnone\"><img fetchpriority=\"high\" decoding=\"async\" class=\"wp-image-1116220\" src=\"https:\/\/mrmondialisation.org\/wp-content\/uploads\/2025\/10\/pelet-de-plastique-11zon-1524x1143.jpg\" alt=\"(r) Unsplash\" width=\"1200\" height=\"900\" srcset=\"https:\/\/mrmondialisation.org\/wp-content\/uploads\/2025\/10\/pelet-de-plastique-11zon-1524x1143.jpg 1524w, https:\/\/mrmondialisation.org\/wp-content\/uploads\/2025\/10\/pelet-de-plastique-11zon-1024x768.jpg 1024w, https:\/\/mrmondialisation.org\/wp-content\/uploads\/2025\/10\/pelet-de-plastique-11zon-768x576.jpg 768w, https:\/\/mrmondialisation.org\/wp-content\/uploads\/2025\/10\/pelet-de-plastique-11zon-1536x1152.jpg 1536w, https:\/\/mrmondialisation.org\/wp-content\/uploads\/2025\/10\/pelet-de-plastique-11zon-2048x1536.jpg 2048w, https:\/\/mrmondialisation.org\/wp-content\/uploads\/2025\/10\/pelet-de-plastique-11zon-696x522.jpg 696w, https:\/\/mrmondialisation.org\/wp-content\/uploads\/2025\/10\/pelet-de-plastique-11zon-1068x801.jpg 1068w, https:\/\/mrmondialisation.org\/wp-content\/uploads\/2025\/10\/pelet-de-plastique-11zon-560x420.jpg 560w, https:\/\/mrmondialisation.org\/wp-content\/uploads\/2025\/10\/pelet-de-plastique-11zon-80x60.jpg 80w, https:\/\/mrmondialisation.org\/wp-content\/uploads\/2025\/10\/pelet-de-plastique-11zon-265x198.jpg 265w\" sizes=\"(max-width: 1200px) 100vw, 1200px\"\/><figcaption id=\"caption-attachment-1116220\" class=\"wp-caption-text\">source : unsplash<\/figcaption><\/figure>\n<h2><strong>5. Une grenouille qui fait un proc\u00e8s au centre national d\u2019\u00e9tudes spatiales en Guyane<\/strong><\/h2>\n<p><span style=\"font-weight: 400;\">Une bataille judiciaire oppose <strong>les d\u00e9fenseurs d\u2019une grenouille rarissime \u2013 le leptodactyle ocell\u00e9 \u2013 au Centre National d\u2019\u00c9tudes Spatiales (CNES). Accus\u00e9e de menacer la survie de cette esp\u00e8ce en danger<\/strong> via ses activit\u00e9s de recherche. Le CNES a pourtant re\u00e7u un soutien important de l\u2019\u00c9tat dans ce projet. (<a target=\"_blank\" href=\"https:\/\/reporterre.net\/Une-grenouille-rarissime-mene-le-Centre-national-d-etudes-spatiales-au-tribunal\">Reporterre<\/a>)<\/span><\/p>\n<h2><strong>6. Une mesure concr\u00e8te pour r\u00e9duire l\u2019usage de la voiture en Allemagne<\/strong><\/h2>\n<p><span style=\"font-weight: 400;\">En Allemagne, une proposition controvers\u00e9e, lanc\u00e9e par Berlin Autofrei veut <strong>limiter l\u2019usage de la voiture \u00e0 12 jours par personne et par an.<\/strong>\u00a0Cette mesure propose \u00e9galement de <strong>r\u00e9duire de 10 et 30km\/h la vitesse des v\u00e9hicules sur la ligne p\u00e9riph\u00e9rique des trains<\/strong> (\u00e9quivalent du p\u00e9riph\u2019 de Paris). (<a target=\"_blank\" href=\"https:\/\/oneplanete.com\/actualite-en-continu\/a-berlin-la-bataille-pour-une-ville-sans-voiture-fait-rage\/\">Oneplanet<\/a>)<\/span><\/p>\n<h2><strong>7. Les Tunisiens se soul\u00e8vent contre l\u2019industrie chimique\u00a0<\/strong><\/h2>\n<p><span style=\"font-weight: 400;\">En Tunisie, un soul\u00e8vement populaire s\u2019organise contre <strong>l\u2019industrie chimique, qui produit notamment des engrais \u00e0 base de phosphate destin\u00e9s \u00e0 l\u2019agriculture intensive.<\/strong> Accus\u00e9e de polluer et de menacer la sant\u00e9 des populations locales, les protestataires r\u00e9clament <strong>des mesures concr\u00e8tes de protection de l\u2019environnement et la fermeture des sites nuisibles<\/strong><\/span><span style=\"font-weight: 400;\"><strong>.<\/strong> (<a target=\"_blank\" href=\"https:\/\/oneplanete.com\/actualite-en-continu\/en-tunisie-soulevement-populaire-contre-lindustrie-chimique\/\">Oneplanet<\/a>)<\/span><\/p>\n<h2><strong>8. Une monnaie locale qui reverse de l\u2019argent \u00e0 des associations !<\/strong><\/h2>\n<p><span style=\"font-weight: 400;\">Au Pays basque, la monnaie locale Euskal Moneta a redistribu\u00e9 pr\u00e8s de <strong>80 000 euros \u00e0 62 associations locales,<\/strong> renfor\u00e7ant ainsi l\u2019\u00e9conomie solidaire et la coop\u00e9ration entre acteurs locaux pour un d\u00e9veloppement durable et inclusif. (<a target=\"_blank\" href=\"https:\/\/www.sudouest.fr\/pyrenees-atlantiques\/pays-basque\/euskal-moneta-redistribue-pres-de-80-000-eusko-a-62-associations-du-pays-basque-26277530.php\">SudOuest<\/a>)<\/span><\/p>\n<h2><strong>9. Fermeture anticip\u00e9e de la derni\u00e8re centrale \u00e0 Charbon \u00e0 Merrimack<\/strong><\/h2>\n<p><span style=\"font-weight: 400;\"><strong>Aux \u00c9tats-Unis, la derni\u00e8re centrale au charbon de la Nouvelle-Angleterre,<\/strong> situ\u00e9e \u00e0 Merrimack dans le New Hampshire, <strong>fermera d\u00e9finitivement fin 2025.<\/strong> Cette fermeture marque une \u00e9tape importante vers la r\u00e9duction des \u00e9missions et la transition \u00e9nerg\u00e9tique dans la r\u00e9gion. (<a target=\"_blank\" href=\"https:\/\/www.pacte-climat.eu\/la-nouvelle-angleterre-dit-adieu-au-charbon-alors-que-la-centrale-de-merrimack-seteint\/23899\/\">Pacte-Climat<\/a>)<\/span><\/p>\n<div class=\"td-a-rec td-a-rec-id-content_inline  tdi_1 td_block_template_1\">\n<span class=\"td-adspot-title\">&#8211; Pour une information libre ! &#8211;<\/span><a target=\"_blank\" href=\"https:\/\/fr.tipeee.com\/mr-mondialisation\" class=\"tipeee-project-small\">Soutenir Mr Japanization sur Tipeee<\/a>\n<\/div>\n<h2><strong>10. Le peuple se rebelle au P\u00e9rou<\/strong><\/h2>\n<p>Une mobilisation massive a secou\u00e9 le P\u00e9rou pour <strong>exiger la d\u00e9mission du pr\u00e9sident Jos\u00e9 Jer\u00ed et la dissolution du Congr\u00e8s.<\/strong> Avec une classe politique discr\u00e9dit\u00e9e et des forces contestataires dispers\u00e9es, la col\u00e8re populaire se cristallise. (<a target=\"_blank\" href=\"https:\/\/www.les2rives.info\/perou-la-crise-continue-la-linea\/\">2rives<\/a>)<\/p>\n<p><em>Cr\u00e9dit photo couverture : Vincent Pr\u00e9mel<\/em><\/p>\n<p style=\"text-align: right;\"><em>\u2013\u00a0 Maureen Damman\u00a0<\/em><\/p>\n<div class=\"td-a-rec td-a-rec-id-content_bottom  tdi_2 td_block_template_1\">\n<span class=\"td-adspot-title\">&#8211; Cet article gratuit et ind\u00e9pendant existe gr\u00e2ce \u00e0 vous &#8211;<\/span><\/p>\n<div class=\"td-all-devices\">\n    <a target=\"_blank\" href=\"https:\/\/mrmondialisation.org\/donation\/\" title=\"Faire_un_don\"><img decoding=\"async\" class=\"donationArticle\" src=\"https:\/\/mrmondialisation.org\/wp-content\/uploads\/2022\/12\/220405-flikalicious-final.jpg\" alt=\"Donation\"\/><\/a>\n<\/div>\n<\/div><\/div>\n<p><br \/>\n<br \/><a href=\"https:\/\/mrmondialisation.org\/prison-pour-sarkozy-grenouille-et-monnaie-locale-les-10-bonnes-nouvelles-de-la-semaine\/\" target=\"_blank\"\">Source link <\/a><\/p>\n","protected":false},"excerpt":{"rendered":"<p>Vous avez un petit coup de mou ? Voici 10 bonnes nouvelles \u00e0 ne surtout pas manquer cette semaine.\u00a0 1. Sarkozy enfin en prison !\u00a0 Nicolas Sarkozy a \u00e9t\u00e9 incarc\u00e9r\u00e9&hellip; <\/p>\n","protected":false},"author":1,"featured_media":18278,"comment_status":"open","ping_status":"open","sticky":false,"template":"","format":"standard","meta":{"footnotes":""},"categories":[1],"tags":[],"class_list":["post-18277","post","type-post","status-publish","format-standard","has-post-thumbnail","hentry","category-non-classe"],"_links":{"self":[{"href":"https:\/\/monde25.info\/index.php\/wp-json\/wp\/v2\/posts\/18277","targetHints":{"allow":["GET"]}}],"collection":[{"href":"https:\/\/monde25.info\/index.php\/wp-json\/wp\/v2\/posts"}],"about":[{"href":"https:\/\/monde25.info\/index.php\/wp-json\/wp\/v2\/types\/post"}],"author":[{"embeddable":true,"href":"https:\/\/monde25.info\/index.php\/wp-json\/wp\/v2\/users\/1"}],"replies":[{"embeddable":true,"href":"https:\/\/monde25.info\/index.php\/wp-json\/wp\/v2\/comments?post=18277"}],"version-history":[{"count":0,"href":"https:\/\/monde25.info\/index.php\/wp-json\/wp\/v2\/posts\/18277\/revisions"}],"wp:featuredmedia":[{"embeddable":true,"href":"https:\/\/monde25.info\/index.php\/wp-json\/wp\/v2\/media\/18278"}],"wp:attachment":[{"href":"https:\/\/monde25.info\/index.php\/wp-json\/wp\/v2\/media?parent=18277"}],"wp:term":[{"taxonomy":"category","embeddable":true,"href":"https:\/\/monde25.info\/index.php\/wp-json\/wp\/v2\/categories?post=18277"},{"taxonomy":"post_tag","embeddable":true,"href":"https:\/\/monde25.info\/index.php\/wp-json\/wp\/v2\/tags?post=18277"}],"curies":[{"name":"wp","href":"https:\/\/api.w.org\/{rel}","templated":true}]}}