{"id":18281,"date":"2025-10-25T16:00:35","date_gmt":"2025-10-25T14:00:35","guid":{"rendered":"https:\/\/monde25.info\/index.php\/2025\/10\/25\/nofakemed-les-nouveaux-patrons-de-la-morale-medicale\/"},"modified":"2025-10-25T16:00:35","modified_gmt":"2025-10-25T14:00:35","slug":"nofakemed-les-nouveaux-patrons-de-la-morale-medicale","status":"publish","type":"post","link":"https:\/\/monde25.info\/index.php\/2025\/10\/25\/nofakemed-les-nouveaux-patrons-de-la-morale-medicale\/","title":{"rendered":"NoFakeMed : les nouveaux \u00ab\u00a0patrons\u00a0\u00bb de la morale m\u00e9dicale ?"},"content":{"rendered":"<p> <br \/>\n<\/p>\n<div>\n<p><span class=\"cf0\">Depuis quelques ann\u00e9es, le collectif NoFakeMed s\u2019est impos\u00e9 comme une sorte de garde-fronti\u00e8re autoproclam\u00e9 de la \u00ab vraie \u00bb science. N\u00e9 en 2018 apr\u00e8s la c\u00e9l\u00e8bre tribune anti-hom\u00e9opathie, il milite contre les m\u00e9decines dites \u00ab non-fond\u00e9es scientifiquement \u00bb. Son pr\u00e9sident, le Dr Pierre de Bremond d\u2019Ars, m\u00e9decin g\u00e9n\u00e9raliste, incarne ce courant militant qui se veut garant de la rigueur et du rationalisme m\u00e9dical.<\/span><\/p>\n<p><span class=\"cf0\">En 2019, l\u2019Ordre des m\u00e9decins devait sanctionner plusieurs signataires de cette tribune anti-hom\u00e9opathie pour non-confraternit\u00e9 : un rappel \u00e0 la d\u00e9ontologie jug\u00e9 n\u00e9cessaire face au ton m\u00e9prisant de certains passages visant les praticiens hom\u00e9opathes.<\/span><\/p>\n<p><span class=\"cf0\">Une d\u00e9cision rare, et n\u00e9anmoins symbolique.\u00a0<\/span><\/p>\n<p><span class=\"cf0\">\u00c0 cette \u00e9poque pr\u00e9-Covid, l\u2019Ordre des m\u00e9decins savait encore raison garder, traitant les affaires disciplinaires avec prudence. Mais c&rsquo;\u00e9tait sans compter le passage par la pand\u00e9mie, confortant la mont\u00e9e en puissance du collectif NoFakeMed et l\u2019emprise croissante d\u2019une doxa scientifique devenue morale d\u2019\u00c9tat, faisant tourner le vent de l&rsquo;Ordre.<\/span><\/p>\n<p><span class=\"cf0\">D\u00e9sormais les NoFakeMed se sentent pousser des ailes au point que le Dr Pierre de Bremond d\u2019Ars vient d&rsquo;annoncer que <\/span><a target=\"_blank\" href=\"https:\/\/www.egora.fr\/actus-pro\/judiciaire\/medecins-condamnes-pour-leur-tribune-anti-homeopathie-le-conseil-detat-saisi\"><span class=\"cf0\">le conseil d\u00e9partemental de l&rsquo;Ordre des m\u00e9decins du Nord allait former des pourvois en cassation devant le Conseil d&rsquo;\u00c9tat <\/span><\/a><span class=\"cf0\">pour trois m\u00e9decins condamn\u00e9s.<\/span><\/p>\n<p><span class=\"cf0\">Une r\u00e9action qui illustre bien le paradoxe. Ceux qui, depuis des ann\u00e9es, r\u00e9clament des sanctions contre les confr\u00e8res accus\u00e9s de charlatanisme, supportent mal d\u2019\u00eatre eux-m\u00eames rappel\u00e9s \u00e0 la r\u00e8gle.<\/span><\/p>\n<p><span class=\"cf0\">Pourtant, l\u2019Ordre n\u2019a pas puni leurs opinions scientifiques <\/span><span class=\"cf1\">\u2014 il a simplement rappel<\/span><span class=\"cf0\">\u00e9 que la confraternit\u00e9 et le respect faisaient aussi partie du m\u00e9tier de m\u00e9decin.<\/span><\/p>\n<p><span class=\"cf0\">En contestant ces d\u00e9cisions, les NoFakeMed confirment la volont\u00e9 de domination d\u2019un groupe qui pense incarner la raison, et dont la parole serait au-dessus de toute critique. Mais le rappel de l\u2019Ordre est clair : nul n\u2019est au-dessus des r\u00e8gles d\u00e9ontologiques, pas m\u00eame ceux qui pr\u00e9tendent les d\u00e9fendre au nom de la science.<\/span><\/p>\n<\/div>\n<p><script>(function(d, s, id) {  var js, fjs = d.getElementsByTagName(s)[0];  if (d.getElementById(id)) return;  js = d.createElement(s); js.id = id;  js.src = \"\/\/connect.facebook.net\/fr_FR\/sdk.js#xfbml=1&version=v2.3\";  fjs.parentNode.insertBefore(js, fjs);}(document, \"script\", \"facebook-jssdk\"));<\/script><br \/>\n<br \/><br \/>\n<br \/><a href=\"https:\/\/www.francesoir.fr\/societe-sante\/no-fake-med-les-nouveaux-patrons-de-la-morale-medicale\" target=\"_blank\"\">Source link <\/a><\/p>\n","protected":false},"excerpt":{"rendered":"<p>Depuis quelques ann\u00e9es, le collectif NoFakeMed s\u2019est impos\u00e9 comme une sorte de garde-fronti\u00e8re autoproclam\u00e9 de la \u00ab vraie \u00bb science. N\u00e9 en 2018 apr\u00e8s la c\u00e9l\u00e8bre tribune anti-hom\u00e9opathie, il milite&hellip; <\/p>\n","protected":false},"author":1,"featured_media":18282,"comment_status":"open","ping_status":"open","sticky":false,"template":"","format":"standard","meta":{"footnotes":""},"categories":[1],"tags":[],"class_list":["post-18281","post","type-post","status-publish","format-standard","has-post-thumbnail","hentry","category-non-classe"],"_links":{"self":[{"href":"https:\/\/monde25.info\/index.php\/wp-json\/wp\/v2\/posts\/18281","targetHints":{"allow":["GET"]}}],"collection":[{"href":"https:\/\/monde25.info\/index.php\/wp-json\/wp\/v2\/posts"}],"about":[{"href":"https:\/\/monde25.info\/index.php\/wp-json\/wp\/v2\/types\/post"}],"author":[{"embeddable":true,"href":"https:\/\/monde25.info\/index.php\/wp-json\/wp\/v2\/users\/1"}],"replies":[{"embeddable":true,"href":"https:\/\/monde25.info\/index.php\/wp-json\/wp\/v2\/comments?post=18281"}],"version-history":[{"count":0,"href":"https:\/\/monde25.info\/index.php\/wp-json\/wp\/v2\/posts\/18281\/revisions"}],"wp:featuredmedia":[{"embeddable":true,"href":"https:\/\/monde25.info\/index.php\/wp-json\/wp\/v2\/media\/18282"}],"wp:attachment":[{"href":"https:\/\/monde25.info\/index.php\/wp-json\/wp\/v2\/media?parent=18281"}],"wp:term":[{"taxonomy":"category","embeddable":true,"href":"https:\/\/monde25.info\/index.php\/wp-json\/wp\/v2\/categories?post=18281"},{"taxonomy":"post_tag","embeddable":true,"href":"https:\/\/monde25.info\/index.php\/wp-json\/wp\/v2\/tags?post=18281"}],"curies":[{"name":"wp","href":"https:\/\/api.w.org\/{rel}","templated":true}]}}