{"id":18289,"date":"2025-10-25T18:46:56","date_gmt":"2025-10-25T16:46:56","guid":{"rendered":"https:\/\/monde25.info\/index.php\/2025\/10\/25\/antigua-et-barbuda-et-la-roumanie-rejoignent-le-moratoire-contre-lexploitation-des-abysses\/"},"modified":"2025-10-25T18:46:56","modified_gmt":"2025-10-25T16:46:56","slug":"antigua-et-barbuda-et-la-roumanie-rejoignent-le-moratoire-contre-lexploitation-des-abysses","status":"publish","type":"post","link":"https:\/\/monde25.info\/index.php\/2025\/10\/25\/antigua-et-barbuda-et-la-roumanie-rejoignent-le-moratoire-contre-lexploitation-des-abysses\/","title":{"rendered":"Antigua-et-Barbuda et la Roumanie rejoignent le moratoire contre l&#039;exploitation des abysses"},"content":{"rendered":"<p> <br \/>\n<br \/><img loading=\"lazy\" decoding=\"async\" src=\"https:\/\/reporterre.net\/local\/cache-vignettes\/L700xH467\/fondlamer-b4f12.jpg?1761307416\" class=\"spip_logo\" width=\"700\" height=\"467\" alt=\"\" \/><\/p>\n<p>La liste continue de s&rsquo;allonger. Cette semaine, Antigua-et-Barbuda et la Roumanie ont annonc\u00e9 rejoindre le moratoire contre l&rsquo;exploitation mini\u00e8re des fonds marins. Ces deux annonces portent \u00e0 40 le nombre de pays appelant \u00e0 une mise en pause des projets miniers dans les abysses. La France l&rsquo;a elle rejoint en 2022. L&rsquo;exploitation mini\u00e8re, qui consiste notamment \u00e0 ratisser le fond de l&rsquo;oc\u00e9an avec des bulldozers, risque d&rsquo;an\u00e9antir des \u00e9cosyst\u00e8mes essentiels au bon fonctionnement des syst\u00e8mes\u00a0(\u2026)<\/p>\n<p>                    <a target=\"_blank\" href=\"https:\/\/reporterre.net\/Antigua-et-Barbuda-et-la-Roumanie-rejoignent-le-moratoire-contre-l-exploitation-des?utm_source=RSS&amp;utm_medium=RSS\">Lire la suite<\/a><\/p>\n<p>                    &#8211;<br \/>\n                        <a target=\"_blank\" href=\"https:\/\/reporterre.net\/Breves-20\" rel=\"directory\">En bref<\/a><\/p>\n<p>                    \/<br \/>\n                        <a target=\"_blank\" href=\"https:\/\/reporterre.net\/Mines-et-Gaz-de-schiste\" rel=\"tag\">Mines et m\u00e9taux<\/a><br \/>\n                    ,<br \/>\n                        <a target=\"_blank\" href=\"https:\/\/reporterre.net\/Mers-et-oceans\" rel=\"tag\">Oc\u00e9ans<\/a><br \/>\n<br \/><br \/>\n<br \/><a href=\"https:\/\/reporterre.net\/Antigua-et-Barbuda-et-la-Roumanie-rejoignent-le-moratoire-contre-l-exploitation-des\" target=\"_blank\"\">Source link <\/a><\/p>\n","protected":false},"excerpt":{"rendered":"<p>La liste continue de s&rsquo;allonger. Cette semaine, Antigua-et-Barbuda et la Roumanie ont annonc\u00e9 rejoindre le moratoire contre l&rsquo;exploitation mini\u00e8re des fonds marins. Ces deux annonces portent \u00e0 40 le nombre&hellip; <\/p>\n","protected":false},"author":1,"featured_media":0,"comment_status":"open","ping_status":"open","sticky":false,"template":"","format":"standard","meta":{"footnotes":""},"categories":[1],"tags":[],"class_list":["post-18289","post","type-post","status-publish","format-standard","hentry","category-non-classe"],"_links":{"self":[{"href":"https:\/\/monde25.info\/index.php\/wp-json\/wp\/v2\/posts\/18289","targetHints":{"allow":["GET"]}}],"collection":[{"href":"https:\/\/monde25.info\/index.php\/wp-json\/wp\/v2\/posts"}],"about":[{"href":"https:\/\/monde25.info\/index.php\/wp-json\/wp\/v2\/types\/post"}],"author":[{"embeddable":true,"href":"https:\/\/monde25.info\/index.php\/wp-json\/wp\/v2\/users\/1"}],"replies":[{"embeddable":true,"href":"https:\/\/monde25.info\/index.php\/wp-json\/wp\/v2\/comments?post=18289"}],"version-history":[{"count":0,"href":"https:\/\/monde25.info\/index.php\/wp-json\/wp\/v2\/posts\/18289\/revisions"}],"wp:attachment":[{"href":"https:\/\/monde25.info\/index.php\/wp-json\/wp\/v2\/media?parent=18289"}],"wp:term":[{"taxonomy":"category","embeddable":true,"href":"https:\/\/monde25.info\/index.php\/wp-json\/wp\/v2\/categories?post=18289"},{"taxonomy":"post_tag","embeddable":true,"href":"https:\/\/monde25.info\/index.php\/wp-json\/wp\/v2\/tags?post=18289"}],"curies":[{"name":"wp","href":"https:\/\/api.w.org\/{rel}","templated":true}]}}