{"id":1829,"date":"2024-12-09T13:46:21","date_gmt":"2024-12-09T12:46:21","guid":{"rendered":"https:\/\/monde25.info\/index.php\/2024\/12\/09\/lideologie-mortifere-des-faiseurs-de-guerres-partie-2\/"},"modified":"2024-12-09T13:46:21","modified_gmt":"2024-12-09T12:46:21","slug":"lideologie-mortifere-des-faiseurs-de-guerres-partie-2","status":"publish","type":"post","link":"https:\/\/monde25.info\/index.php\/2024\/12\/09\/lideologie-mortifere-des-faiseurs-de-guerres-partie-2\/","title":{"rendered":"L\u2019id\u00e9ologie mortif\u00e8re des faiseurs de guerres (Partie 2)"},"content":{"rendered":"<p> <br \/>\n<\/p>\n<div>\n<p>En cette fin d\u2019ann\u00e9e 2024, le spectre d\u2019une troisi\u00e8me guerre mondiale s\u2019intensifie. Avec la prise d\u2019Alep par des terroristes, mettant en p\u00e9ril le gouvernement syrien, et l\u2019escalade des pr\u00e9paratifs d\u2019une guerre frontale avec la F\u00e9d\u00e9ration de Russie, les f\u00eates de No\u00ebl s\u2019annoncent bien moroses. En effet, les dirigeants europ\u00e9ens craignent que Donald Trump, \u00e0 partir du 20 janvier 2025, arr\u00eate l&rsquo;aide militaire \u00e0 Kiev, et que de facto, l\u2019ensemble des pays de l\u2019UE soient oblig\u00e9s de financer la guerre par procuration contre la Russie. L\u2019\u00e9conomie europ\u00e9enne, d\u00e9j\u00e0 chancelante, risque de sombrer d\u00e9finitivement dans un d\u00e9labrement total. \u00a0<\/p>\n<p>Voici une chronologie r\u00e9cente des principales \u00e9tapes des vell\u00e9it\u00e9s guerri\u00e8res de nos dirigeants occidentaux.<\/p>\n<p>Suite de la <a target=\"_blank\" href=\"https:\/\/edition.francesoir.fr\/opinions-tribunes\/l-ideologie-mortifere-des-faiseurs-de-guerres-partie-1\">partie 1<\/a><\/p>\n<p><span data-contrast=\"auto\"><strong>21 octobre 2024<\/strong>. Le secr\u00e9taire am\u00e9ricain \u00e0 la D\u00e9fense, Lloyd Austin, a annonc\u00e9 lundi lors d\u2019une visite \u00e0 Kiev, le versement prochain \u00e0 l\u2019Ukraine d\u2019une aide militaire d\u2019un montant de 400\u202fmillions de dollars, pr\u00e9vue dans le cadre d\u2019une enveloppe de plusieurs milliards de dollars annonc\u00e9e par Washington fin septembre.<\/span><span data-ccp-props=\"{}\">\u00a0<\/span><\/p>\n<p><span data-contrast=\"auto\">Cette aide s\u2019inscrit dans une enveloppe d\u2019un montant total de pr\u00e8s de 8\u202fmilliards de dollars, annonc\u00e9e par le pr\u00e9sident am\u00e9ricain Joe Biden fin septembre.\u00a0<\/span><span data-ccp-props=\"{}\">\u00a0<\/span><\/p>\n<p><span data-contrast=\"auto\"><strong>5 novembre 2024<\/strong>. N\u00e9gociations secr\u00e8tes en coulisse :\u00a0<\/span><span data-ccp-props=\"{&quot;201341983&quot;:0,&quot;335557856&quot;:16777215,&quot;335559739&quot;:0,&quot;335559740&quot;:240}\">\u00a0<\/span><\/p>\n<p><span data-contrast=\"auto\">Alors que Donald Trump vient d&rsquo;\u00eatre \u00e9lu \u00e0 la t\u00eate des Etats-Unis, le pr\u00e9sident ukrainien Volodymyr Zelensky subit la pression de ses alli\u00e9s pour aller vers la table des n\u00e9gociations. <\/span><a target=\"_blank\" href=\"https:\/\/www.lexpress.fr\/monde\/europe\/ukraine-les-scenarios-de-la-paix-enquete-sur-les-negociations-secretes-qui-ont-lieu-en-coulisses-V6XH5DN7NFESTEKFZ7USRFKTKM\/ \"><span data-contrast=\"auto\">Des \u00e9missaires s\u2019y attellent d\u00e9j\u00e0<\/span><\/a><span data-contrast=\"auto\">, dans le plus grand secret.<\/span><\/p>\n<p><span data-contrast=\"auto\" data-ccp-charstyle=\"Strong\"><strong>14 novembre 2024<\/strong>. \u00a0S\u00e9bastien Lecornu, ministre des Arm\u00e9es et des Anciens combattants, et Jean-No\u00ebl Barrot, ministre de l\u2019Europe et des Affaires \u00e9trang\u00e8res, se sont rendus dans un camp de man\u0153uvre de l\u2019Est de la France. (Mourmelon dans la Marne). L\u2019occasion d\u2019un point d\u2019\u00e9tape sur la mission de la Task force \u00ab\u202fChampagne\u202f\u00bb et de son travail de formation au profit des militaires ukrainiens.<\/span><span data-ccp-props=\"{}\">\u00a0<\/span><\/p>\n<p><span data-contrast=\"auto\">Depuis le mois de septembre 2024, la France forme et \u00e9quipe plus de <\/span><a target=\"_blank\" href=\"https:\/\/www.defense.gouv.fr\/actualites\/formation-brigade-ukrainienne-anne-kyiv-larmee-terre\"><span data-contrast=\"none\"><strong>2 000 soldats de la brigade Anne de Kyiv<\/strong><\/span><\/a><span data-contrast=\"none\">. Ils sont entra\u00een\u00e9s et encadr\u00e9s par 1 500 militaires fran\u00e7ais de la Task force \u00ab\u202fChampagne\u202f\u00bb. Cette formation r\u00e9pond aux besoins exprim\u00e9s par le partenaire. Pour cela, elle se base sur les retours d\u2019exp\u00e9rience du front russo-ukrainien. Elle s\u2019appuie sur un environnement r\u00e9aliste, notamment un r\u00e9seau de tranch\u00e9es, un environnement de combat en conditions r\u00e9elles et l\u2019emploi de drones.<\/span><span data-ccp-props=\"{&quot;134233117&quot;:true,&quot;134233118&quot;:true,&quot;201341983&quot;:0,&quot;335557856&quot;:16777215,&quot;335559740&quot;:240}\">\u00a0<\/span><\/p>\n<p><span data-contrast=\"auto\">Au terme de la formation, la brigade ukrainienne sera op\u00e9rationnelle et \u00e9quip\u00e9e de 128 v\u00e9hicules de l\u2019avant blind\u00e9, 18 canons Caesar, 18 blind\u00e9s de reconnaissance AMX10RC, 10 TRM ainsi que 20 postes Milan.<\/span><span data-ccp-props=\"{&quot;134233117&quot;:true,&quot;134233118&quot;:true,&quot;201341983&quot;:0,&quot;335557856&quot;:16777215,&quot;335559740&quot;:240}\">\u00a0<\/span><\/p>\n<p><span data-contrast=\"auto\">Au total, au 1<\/span><span data-contrast=\"auto\" data-fontsize=\"14\">er<\/span><span data-contrast=\"auto\">\u202fnovembre 2024, plus de <\/span><a target=\"_blank\" href=\"https:\/\/www.defense.gouv.fr\/actualites\/task-force-champagne-dernieres-semaines-formation-militaires-ukrainiens \"><span data-contrast=\"auto\">14\u202f000 soldats ukrainiens ont \u00e9t\u00e9 form\u00e9s par la France<\/span><\/a><span data-contrast=\"auto\">.<\/span><\/p>\n<p><span data-contrast=\"auto\"><strong>17 novembre 2024<\/strong>. <\/span><a target=\"_blank\" href=\"https:\/\/www.nordlittoral.fr\/228469\/article\/2024-11-18\/joe-biden-president-des-etats-unis-autorise-l-ukraine-utiliser-des-missiles \"><span data-contrast=\"auto\">Joe Biden donne une conf\u00e9rence de presse<\/span><\/a><span data-contrast=\"auto\"> o\u00f9 il autorise l\u2019Ukraine \u00e0 utiliser des missiles \u00e0 longue port\u00e9e contre la F\u00e9d\u00e9ration de Russie. Conf\u00e9rence de presse \u00ab lunaire\u202f\u00bb, car il a l\u2019air absent lors de cette d\u00e9claration et \u00e0 la fin, il s\u2019en va, sans r\u00e9pondre aux questions des journalistes.<\/span><\/p>\n<p><span data-contrast=\"auto\"><strong>18 novembre 2024<\/strong>. Boris Johnson a appel\u00e9 Paris et Londres \u00e0 propos de l\u2019autorisation accord\u00e9e \u00e0 l\u2019Ukraine pour utiliser des missiles \u00e0 longue port\u00e9e. \u00ab\u00a0<\/span><em><span data-contrast=\"auto\">Je me demande comment un type comme Donald Trump peut inaugurer son mandat par une capitulation, une humiliation pour les \u00c9tats-Unis, pour l&rsquo;OTAN, et pour lui-m\u00eame, s&rsquo;il donnait la possibilit\u00e9 \u00e0 Poutine de vaincre l&rsquo;Ukraine [&#8230;]. Il n&rsquo;accepterait jamais d&rsquo;\u00eatre battu par Poutine\u00a0\u00bb, assure par ailleurs l&rsquo;ex-dirigeant. \u00ab\u00a0Peut-\u00eatre, je suis na\u00eff, mais on verra\u00a0\u00bb, ajoute-t-il.\u202f<\/span><\/em><span data-ccp-props=\"{}\">\u00a0<\/span><\/p>\n<p><span data-contrast=\"auto\"><strong>18 novembre 2024<\/strong>. Ursula Von der Leyen exhorte l\u2019UE \u00e0 faire plus pour rivaliser avec les d\u00e9penses de d\u00e9fense de Moscou.<\/span><span data-ccp-props=\"{}\">\u00a0<\/span><\/p>\n<p><span data-contrast=\"auto\"><strong>18 novembre 2024<\/strong>. La Russie a promis une r\u00e9ponse \u00ab\u00a0appropri\u00e9e\u00a0\u00bb sur le champ de bataille en cas de tir par l&rsquo;Ukraine de missiles de longue port\u00e9e am\u00e9ricains contre son territoire.<\/span><span data-ccp-props=\"{}\">\u00a0<\/span><\/p>\n<p><span data-contrast=\"auto\" data-ccp-parastyle=\"heading 3\"><strong>18 novembre 2024<\/strong>. L&rsquo;Allemagne livre des drones. Les missiles longue port\u00e9e ne sont pas encore au programme. Le gouvernement allemand a r\u00e9it\u00e9r\u00e9 son refus de livrer des missiles de longue port\u00e9e Taurus r\u00e9clam\u00e9s par l&rsquo;Ukraine face \u00e0 la Russie, malgr\u00e9 le feu vert de Washington pour des armes similaires, mais va en revanche lui fournir 4<\/span><span data-contrast=\"auto\"> <\/span><span data-contrast=\"auto\" data-ccp-parastyle=\"heading 3\">000 drones sophistiqu\u00e9s.<\/span><span data-ccp-props=\"{&quot;134245418&quot;:true,&quot;134245529&quot;:true,&quot;335559738&quot;:0,&quot;335559739&quot;:150}\">\u00a0<\/span><\/p>\n<p><span data-contrast=\"auto\" data-ccp-parastyle=\"heading 3\"><strong>18 novembre 2024<\/strong>. La Su\u00e8de et la Finlande se pr\u00e9parent \u00e0 la guerre.\u00a0<\/span><span data-ccp-props=\"{&quot;134245418&quot;:true,&quot;134245529&quot;:true,&quot;335559738&quot;:0,&quot;335559739&quot;:150}\">\u00a0<\/span><\/p>\n<p><em><span data-contrast=\"auto\">Que faire si la guerre arrive<\/span><\/em><span data-contrast=\"auto\"> ? La Su\u00e8de a commenc\u00e9 ce lundi \u00e0 envoyer cinq millions de brochures \u00e0 ses habitants, les exhortant \u00e0 se pr\u00e9parer \u00e0 un potentiel conflit, au moment o\u00f9 l&rsquo;Ukraine est \u00e0 la peine face aux troupes russes. Depuis le d\u00e9but de ce conflit arm\u00e9, ce pays scandinave exhorte sa population \u00e0 se pr\u00e9parer, aussi bien mentalement que d&rsquo;un point de vue logistique, \u00e0 la possibilit\u00e9 d&rsquo;une guerre, \u00e9tant donn\u00e9 la proximit\u00e9 de la Russie. La Finlande voisine, a dans le m\u00eame temps, cr\u00e9\u00e9 un site web avec des conseils de pr\u00e9paration similaires.<\/span><span data-ccp-props=\"{&quot;201341983&quot;:0,&quot;335559739&quot;:0,&quot;335559740&quot;:240}\">\u00a0<\/span><\/p>\n<p><span data-contrast=\"auto\"><strong>18 novembre 2024. <\/strong>La Chine appelle \u00e0 la paix en Ukraine.<\/span><span data-ccp-props=\"{&quot;201341983&quot;:0,&quot;335559739&quot;:0,&quot;335559740&quot;:240}\">\u00a0<\/span><\/p>\n<p><em><span data-contrast=\"auto\">\u00ab\u00a0Le plus urgent est d&rsquo;encourager un apaisement de la situation aussi vite que possible\u00a0\u00bb,<\/span><\/em><span data-contrast=\"auto\"> a d\u00e9clar\u00e9 lors d&rsquo;une conf\u00e9rence de presse r\u00e9guli\u00e8re Lin Jian, porte-parole du minist\u00e8re chinois des Affaires \u00e9trang\u00e8res, apr\u00e8s que Washington a autoris\u00e9 l&rsquo;Ukraine \u00e0 frapper le territoire russe avec des missiles \u00e0 longue port\u00e9e am\u00e9ricains. Par ailleurs, P\u00e9kin r\u00e9clame un <\/span><em><span data-contrast=\"auto\">\u00ab\u00a0cessez-le-feu rapide et une solution politique\u00a0\u00bb.<\/span><\/em><span data-ccp-props=\"{&quot;201341983&quot;:2,&quot;335559740&quot;:389}\">\u00a0<\/span><\/p>\n<p><span data-contrast=\"auto\"><strong>18 novembre 2024<\/strong>. D\u00e9claration de M. Jean-No\u00ebl Barrot, ministre des Affaires \u00e9trang\u00e8res, sur les conflits en Ukraine et au Proche-Orient et la question du Mercosur, \u00e0 Bruxelles.\u00a0<\/span><span data-ccp-props=\"{}\">\u00a0<\/span><\/p>\n<p><em><span data-contrast=\"auto\">\u00ab\u202fSur le plan de l&rsquo;aide financi\u00e8re, il faut que les 50 milliards d&rsquo;euros tir\u00e9s des actifs russes gel\u00e9s, agr\u00e9\u00e9s au niveau du G7, puissent parvenir le plus rapidement possible aux Ukrainiens.<\/span><\/em><span data-ccp-props=\"{&quot;134233117&quot;:true,&quot;134233118&quot;:true,&quot;201341983&quot;:0,&quot;335557856&quot;:16777215,&quot;335559740&quot;:240}\">\u00a0<\/span><\/p>\n<p><em><span data-contrast=\"auto\">Sur le plan de la formation, les 2.300 soldats ukrainiens de la brigade Anne de Kiev qui viennent d&rsquo;\u00eatre form\u00e9s en France et \u00e9quip\u00e9s en France vont, dans quelques jours, regagner l&rsquo;Ukraine pour pouvoir se d\u00e9ployer sur le front. Il faut continuer avec ces initiatives qui sont soutenues par l&rsquo;Europe au travers de l&rsquo;op\u00e9ration <\/span><\/em><a target=\"_blank\" href=\"https:\/\/www.vie-publique.fr\/discours\/296182-jean-noel-barrot-18112024-politique-etrangere-de-lunion-europeenne \"><em><span data-contrast=\"auto\">EUMAM<\/span><\/em><\/a><span data-contrast=\"auto\">.\u202f\u00bb\u00a0<\/span><\/p>\n<p><span data-contrast=\"auto\"><strong>18 novembre 2024. <\/strong>Jens Stoltenberg, l\u2019ancien secr\u00e9taire g\u00e9n\u00e9ral de l\u2019OTAN, deviendra le nouveau co-pr\u00e9sident du <\/span><a target=\"_blank\" href=\"https:\/\/www.bloomberg.com\/news\/articles\/2024-11-18\/former-nato-chief-stoltenberg-to-co-chair-bilderberg-group \"><span data-contrast=\"auto\">Groupe Bilderberg<\/span><\/a><span data-contrast=\"auto\">. Jens Stoltenberg sera \u00e9galement le prochain pr\u00e9sident de la Conf\u00e9rence de Munich sur la s\u00e9curit\u00e9 en f\u00e9vrier 2025.\u00a0<\/span><\/p>\n<p><span data-contrast=\"auto\">Partie 3 \u00e0 suivre.<\/span><\/p>\n<\/div>\n<p><script>(function(d, s, id) {  var js, fjs = d.getElementsByTagName(s)[0];  if (d.getElementById(id)) return;  js = d.createElement(s); js.id = id;  js.src = \"\/\/connect.facebook.net\/fr_FR\/sdk.js#xfbml=1&version=v2.3\";  fjs.parentNode.insertBefore(js, fjs);}(document, \"script\", \"facebook-jssdk\"));<\/script><br \/>\n<br \/><br \/>\n<br \/><a href=\"https:\/\/www.francesoir.fr\/opinions-tribunes\/l-ideologie-mortifere-des-faiseurs-de-guerres-partie-2\" target=\"_blank\"\">Source link <\/a><\/p>\n","protected":false},"excerpt":{"rendered":"<p>En cette fin d\u2019ann\u00e9e 2024, le spectre d\u2019une troisi\u00e8me guerre mondiale s\u2019intensifie. Avec la prise d\u2019Alep par des terroristes, mettant en p\u00e9ril le gouvernement syrien, et l\u2019escalade des pr\u00e9paratifs d\u2019une&hellip; <\/p>\n","protected":false},"author":1,"featured_media":1830,"comment_status":"open","ping_status":"open","sticky":false,"template":"","format":"standard","meta":{"footnotes":""},"categories":[1],"tags":[],"class_list":["post-1829","post","type-post","status-publish","format-standard","has-post-thumbnail","hentry","category-non-classe"],"_links":{"self":[{"href":"https:\/\/monde25.info\/index.php\/wp-json\/wp\/v2\/posts\/1829","targetHints":{"allow":["GET"]}}],"collection":[{"href":"https:\/\/monde25.info\/index.php\/wp-json\/wp\/v2\/posts"}],"about":[{"href":"https:\/\/monde25.info\/index.php\/wp-json\/wp\/v2\/types\/post"}],"author":[{"embeddable":true,"href":"https:\/\/monde25.info\/index.php\/wp-json\/wp\/v2\/users\/1"}],"replies":[{"embeddable":true,"href":"https:\/\/monde25.info\/index.php\/wp-json\/wp\/v2\/comments?post=1829"}],"version-history":[{"count":0,"href":"https:\/\/monde25.info\/index.php\/wp-json\/wp\/v2\/posts\/1829\/revisions"}],"wp:featuredmedia":[{"embeddable":true,"href":"https:\/\/monde25.info\/index.php\/wp-json\/wp\/v2\/media\/1830"}],"wp:attachment":[{"href":"https:\/\/monde25.info\/index.php\/wp-json\/wp\/v2\/media?parent=1829"}],"wp:term":[{"taxonomy":"category","embeddable":true,"href":"https:\/\/monde25.info\/index.php\/wp-json\/wp\/v2\/categories?post=1829"},{"taxonomy":"post_tag","embeddable":true,"href":"https:\/\/monde25.info\/index.php\/wp-json\/wp\/v2\/tags?post=1829"}],"curies":[{"name":"wp","href":"https:\/\/api.w.org\/{rel}","templated":true}]}}