{"id":18290,"date":"2025-10-25T19:19:44","date_gmt":"2025-10-25T17:19:44","guid":{"rendered":"https:\/\/monde25.info\/index.php\/2025\/10\/25\/les-10-infos-de-la-semaine\/"},"modified":"2025-10-25T19:19:44","modified_gmt":"2025-10-25T17:19:44","slug":"les-10-infos-de-la-semaine","status":"publish","type":"post","link":"https:\/\/monde25.info\/index.php\/2025\/10\/25\/les-10-infos-de-la-semaine\/","title":{"rendered":"les 10 infos de la semaine"},"content":{"rendered":"<p> <br \/>\n<\/p>\n<div>\n<h4><strong>Vous n\u2019avez pas eu le temps de lire l\u2019actu ? Voici les 10 infos \u00e0 ne pas manquer cette semaine.\u00a0<\/strong><\/h4>\n<h2><strong>1. Un cessez-le-feu fragile \u00e0 Gaza\u00a0<\/strong><\/h2>\n<p><span style=\"font-weight: 400;\">\u00c0 Gaza, Isra\u00ebl maintient des restrictions strictes sur les entr\u00e9es d\u2019aides, tandis que le Hamas continue de d\u00e9tenir des d\u00e9pouilles. N\u00e9tanyahou, qui <strong>renouvelle sa candidature au poste de Premier ministre,<\/strong> refuse d\u2019ouvrir le passage de Rafah entre l\u2019\u00c9gypte et le territoire palestinien et <strong>multiplie les incidents en esp\u00e9rant une reprise de la guerre.<\/strong> (<a target=\"_blank\" href=\"https:\/\/www.humanite.fr\/monde\/bande-de-gaza\/cessez-le-feu-a-gaza-meme-ladministration-trump-est-de-plus-en-plus-inquiete-quisrael-rompe-la-treve\">L\u2019humanit\u00e9<\/a>)(<a target=\"_blank\" href=\"https:\/\/www.humanite.fr\/monde\/benyamin-netanyahou\/cessez-le-feu-a-gaza-comment-benyamin-netanyahou-multiplie-les-incidents-pour-reprendre-la-guerre\">L\u2019humanit\u00e9<\/a>)<\/span><\/p>\n<h2><strong>2. Les algorithmes tiktok qui poussent au suicide\u00a0<\/strong><\/h2>\n<p><span style=\"font-weight: 400;\">Sur Tiktok, <strong>les jeunes sont rapidement expos\u00e9s \u00e0 des contenus li\u00e9s au suicide,<\/strong> suscitant de fortes inqui\u00e9tudes sur la sant\u00e9 mentale des utilisateurs. Les m\u00e9canismes de contr\u00f4le de la plateforme sont vivement critiqu\u00e9s pour leur inefficacit\u00e9 face \u00e0 ces dangers, ce qui a d\u00e9j\u00e0 conduit \u00e0 plusieurs suicides.\u200b (<a target=\"_blank\" href=\"https:\/\/www.amnesty.be\/infos\/actualites\/sante-mentale-tiktok\">Amnesty)<\/a><\/span><\/p>\n<h2><strong>3. Lib\u00e9ration au Y\u00e9men<\/strong><\/h2>\n<p><span style=\"font-weight: 400;\">Au Yemen, <strong>20 employ\u00e9s de l\u2019ONU d\u00e9tenus par<\/strong> <strong>les rebelles houthistes \u00e0 Sanaa ont finalement \u00e9t\u00e9 lib\u00e9r\u00e9s<\/strong>, marquant un geste positif dans un conflit qui dure depuis plusieurs ann\u00e9es. Une belle avanc\u00e9e dans le cadre des n\u00e9gociations de paix.\u200b (<a target=\"_blank\" href=\"https:\/\/www.ungeneva.org\/fr\/news-media\/news\/2025\/10\/111951\/yemen-les-houthistes-liberent-les-employes-de-lonu-retenus-sanaa\">UNGeneva<\/a>)<\/span><\/p>\n<h2><strong>4. Des peines exemplaires qui n\u2019arr\u00eatent pas la contestation au Maroc<\/strong><\/h2>\n<p><span style=\"font-weight: 400;\">Des <strong>peines tr\u00e8s s\u00e9v\u00e8res frappent les jeunes manifestants<\/strong> de la Gen Z, dite \u00ab GenZ 212 \u00bb impliqu\u00e9s dans les protestations r\u00e9centes, traduisant une <strong>r\u00e9pression judiciaire forte.<\/strong> Cela n\u2019a pas emp\u00each\u00e9 <strong>le mouvement de reprendre apr\u00e8s 9 jours de pause.<\/strong> (<a target=\"_blank\" href=\"https:\/\/www.courrierinternational.com\/article\/protestation-au-maroc-le-coup-de-massue-judiciaire-contre-les-jeunes-manifestants-de-la-gen-z_236508\">courrier international<\/a>) (<a target=\"_blank\" href=\"https:\/\/www.rfi.fr\/fr\/afrique\/20251019-maroc-apr%C3%A8s-neuf-jours-de-pause-le-mouvement-gen-z-212-%C3%A0-nouveau-dans-la-rue\">rfi<\/a>)\u00a0<\/span><\/p>\n<p><iframe loading=\"lazy\" title=\"Maroc : le mouvement Gen Z 212 reprend les manifestations\" width=\"1110\" height=\"624\" src=\"https:\/\/www.youtube.com\/embed\/DB_Fis7oK2w?feature=oembed\" frameborder=\"0\" allow=\"accelerometer; autoplay; clipboard-write; encrypted-media; gyroscope; picture-in-picture; web-share\" referrerpolicy=\"strict-origin-when-cross-origin\" allowfullscreen><\/iframe><\/p>\n<h2><strong>5. Un cong\u00e9 parental l\u00e9g\u00e8rement plus g\u00e9n\u00e9reux\u00a0<\/strong><\/h2>\n<p>Le cong\u00e9 parental, <strong>autrefois indemnis\u00e9 \u00e0 hauteur de 400 euros, pourra permettre \u00e0 chacun des parents d\u2019\u00eatre indemnis\u00e9 le premier mois \u00e0 hauteur de 70 %,<\/strong> le second \u00e0 hauteur de 60 %. Une petite avanc\u00e9e vers l\u2019\u00e9galit\u00e9 femme-homme, mais pas \u00e0 l\u2019\u00e9chelle europ\u00e9enne. Mais seulement <strong>\u00e0 partir de juillet 2027.<\/strong> (<a target=\"_blank\" href=\"https:\/\/information.tv5monde.com\/terriennes\/nouveau-conge-naissance-en-france-un-tout-petit-pas-vers-plus-degalite-2795011\">TV5Monde<\/a>)<\/p>\n<h2><strong>6. Encore un pesticide sur le banc des accus\u00e9s !\u00a0<\/strong><\/h2>\n<p><span style=\"font-weight: 400;\">Une <a target=\"_blank\" href=\"https:\/\/ehjournal.biomedcentral.com\/articles\/10.1186\/s12940-025-01233-z\">\u00e9tude de l\u2019Inserm<\/a> r\u00e9v\u00e8le que <strong>l\u2019exposition des femmes au \u00ab chlord\u00e9cone \u00bb,<\/strong> un insecticide utilis\u00e9 aux Antilles jusqu\u2019en 1993 sur les bananes, peut allonger <strong>le d\u00e9lai de conception chez les couples.<\/strong> Cette d\u00e9couverte relance les pr\u00e9occupations sanitaires.\u200b (<a target=\"_blank\" href=\"https:\/\/pro.inserm.fr\/press_synth\/impact-du-chlordecone-sur-la-fertilite-leucemie-sclerose-en-plaques-des-ultrasons-pour-traiter-la-depression-augmentation-des-cancers-chez-les-jeunes#:~:text=L'AFP%2C%20avec%20plusieurs%20autres,d%C3%A9lai%20pour%20concevoir%20un%20enfant.\">Inserm<\/a>)<\/span><\/p>\n<p><iframe loading=\"lazy\" title=\"Chlord\u00e9cone : le scandale sanitaire expliqu\u00e9\" width=\"1110\" height=\"624\" src=\"https:\/\/www.youtube.com\/embed\/a7AqWZbwOJQ?feature=oembed\" frameborder=\"0\" allow=\"accelerometer; autoplay; clipboard-write; encrypted-media; gyroscope; picture-in-picture; web-share\" referrerpolicy=\"strict-origin-when-cross-origin\" allowfullscreen><\/iframe><\/p>\n<h2><strong>7. L\u2019in\u00e9galit\u00e9, toujours l\u2019in\u00e9galit\u00e9 !\u00a0<\/strong><\/h2>\n<p><span style=\"font-weight: 400;\"><strong>Selon leur classe sociale, les enfants ont un acc\u00e8s et un rapport tr\u00e8s diff\u00e9rent \u00e0 la nature,<\/strong> d\u2019apr\u00e8s le sociologue Julien Vitores. <strong>Les plus privil\u00e9gi\u00e9s en tirent des avantages \u00e0 l\u2019\u00e9cole<\/strong>, ce qui accentue encore les in\u00e9galit\u00e9s. (<a target=\"_blank\" href=\"https:\/\/reporterre.net\/Rentree-des-classes-pourquoi-l-acces-a-la-nature-est-important\">Reporterre<\/a>)<\/span><\/p>\n<h2><strong>8. Surtout, criminaliser les malades !\u00a0<\/strong><\/h2>\n<p><span style=\"font-weight: 400;\">Nouvelle p\u00e9pite du budget 2026, avec <strong>de fortes restrictions sur les arr\u00eats maladie, ce qui pourrait limiter l\u2019acc\u00e8s aux soins et les droits des travailleurs.<\/strong> Au menu, des indemnit\u00e9s journali\u00e8res des malades en ALD imposables, et une r\u00e9duction du temps d\u2019arr\u00eats maladie \u00ab primo-prescrit \u00bb passant de 15 jours en m\u00e9decine de ville, et 30 jours \u00e0 l\u2019h\u00f4pital. (<a target=\"_blank\" href=\"https:\/\/www.alternatives-economiques.fr\/sante-budget-lecornu-punit-malades\/00116592\">Alternatives \u00c9conomiques<\/a>)<\/span><\/p>\n<h2><strong>9. Coupe municipale (et budg\u00e9taire) pour la biodiversit\u00e9 !\u00a0<\/strong><\/h2>\n<p><span style=\"font-weight: 400;\"><strong>Le budget allou\u00e9 aux haies est en forte baisse, ce qui menace la biodiversit\u00e9 et les services \u00e9cologiques qu\u2019elles rendent, notamment en milieu rural.<\/strong> Cette r\u00e9duction inqui\u00e8te les d\u00e9fenseurs de l\u2019environnement et de l\u2019agriculture durable. (<a target=\"_blank\" href=\"https:\/\/reporterre.net\/Le-gouvernement-coupe-deja-court-a-la-relance-des-haies\">Reporterre<\/a>)<\/span><\/p>\n<div class=\"td-a-rec td-a-rec-id-content_inline  tdi_1 td_block_template_1\">\n<span class=\"td-adspot-title\">&#8211; Pour une information libre ! &#8211;<\/span><a target=\"_blank\" href=\"https:\/\/fr.tipeee.com\/mr-mondialisation\" class=\"tipeee-project-small\">Soutenir Mr Japanization sur Tipeee<\/a>\n<\/div>\n<h2><strong>10. Les parcs nationaux abandonn\u00e9s !<\/strong><\/h2>\n<p>Parmi <strong>les mesures pr\u00e9conis\u00e9es dans le plan d\u2019aust\u00e9rit\u00e9, figure la suppression ou la fusion de 30<small class=\"fine d-inline\">\u00a0<\/small>% des op\u00e9rateurs publics de l\u2019\u00c9tat,<\/strong> dont font partie les onze parcs nationaux fran\u00e7ais, afin de les int\u00e9grer \u00e0 l\u2019Office fran\u00e7ais de la biodiversit\u00e9 (<span class=\"caps\">OFB<\/span>), pour des raisons de <span style=\"font-weight: 400;\">\u00ab <\/span>lisibilit\u00e9 administrative <span style=\"font-weight: 400;\">\u00bb<\/span>. (<a target=\"_blank\" href=\"https:\/\/reporterre.net\/Austerite-l-Etat-veut-abandonner-les-parcs-nationaux\">Reporterre<\/a>)<\/p>\n<p>Photo de couverture : Unsplash<\/p>\n<p style=\"text-align: right;\"><em>\u2013\u00a0 Maureen Damman<\/em><\/p>\n<div class=\"td-a-rec td-a-rec-id-content_bottom  tdi_2 td_block_template_1\">\n<span class=\"td-adspot-title\">&#8211; Cet article gratuit et ind\u00e9pendant existe gr\u00e2ce \u00e0 vous &#8211;<\/span><\/p>\n<div class=\"td-all-devices\">\n    <a target=\"_blank\" href=\"https:\/\/mrmondialisation.org\/donation\/\" title=\"Faire_un_don\"><img decoding=\"async\" class=\"donationArticle\" src=\"https:\/\/mrmondialisation.org\/wp-content\/uploads\/2022\/12\/220405-flikalicious-final.jpg\" alt=\"Donation\"\/><\/a>\n<\/div>\n<\/div><\/div>\n<p><br \/>\n<br \/><a href=\"https:\/\/mrmondialisation.org\/cessez-le-feu-inegalites-et-haies-abandonnees-les-10-infos-de-la-semaine\/\" target=\"_blank\"\">Source link <\/a><\/p>\n","protected":false},"excerpt":{"rendered":"<p>Vous n\u2019avez pas eu le temps de lire l\u2019actu ? Voici les 10 infos \u00e0 ne pas manquer cette semaine.\u00a0 1. Un cessez-le-feu fragile \u00e0 Gaza\u00a0 \u00c0 Gaza, Isra\u00ebl maintient&hellip; <\/p>\n","protected":false},"author":1,"featured_media":18291,"comment_status":"open","ping_status":"open","sticky":false,"template":"","format":"standard","meta":{"footnotes":""},"categories":[1],"tags":[],"class_list":["post-18290","post","type-post","status-publish","format-standard","has-post-thumbnail","hentry","category-non-classe"],"_links":{"self":[{"href":"https:\/\/monde25.info\/index.php\/wp-json\/wp\/v2\/posts\/18290","targetHints":{"allow":["GET"]}}],"collection":[{"href":"https:\/\/monde25.info\/index.php\/wp-json\/wp\/v2\/posts"}],"about":[{"href":"https:\/\/monde25.info\/index.php\/wp-json\/wp\/v2\/types\/post"}],"author":[{"embeddable":true,"href":"https:\/\/monde25.info\/index.php\/wp-json\/wp\/v2\/users\/1"}],"replies":[{"embeddable":true,"href":"https:\/\/monde25.info\/index.php\/wp-json\/wp\/v2\/comments?post=18290"}],"version-history":[{"count":0,"href":"https:\/\/monde25.info\/index.php\/wp-json\/wp\/v2\/posts\/18290\/revisions"}],"wp:featuredmedia":[{"embeddable":true,"href":"https:\/\/monde25.info\/index.php\/wp-json\/wp\/v2\/media\/18291"}],"wp:attachment":[{"href":"https:\/\/monde25.info\/index.php\/wp-json\/wp\/v2\/media?parent=18290"}],"wp:term":[{"taxonomy":"category","embeddable":true,"href":"https:\/\/monde25.info\/index.php\/wp-json\/wp\/v2\/categories?post=18290"},{"taxonomy":"post_tag","embeddable":true,"href":"https:\/\/monde25.info\/index.php\/wp-json\/wp\/v2\/tags?post=18290"}],"curies":[{"name":"wp","href":"https:\/\/api.w.org\/{rel}","templated":true}]}}