{"id":18294,"date":"2025-10-25T20:25:39","date_gmt":"2025-10-25T18:25:39","guid":{"rendered":"https:\/\/monde25.info\/index.php\/2025\/10\/25\/actifs-russes-geles-avant-le-sommet-des-dirigeants-europeens-bruxelles-menace-de-bloquer-tout-accord\/"},"modified":"2025-10-25T20:25:39","modified_gmt":"2025-10-25T18:25:39","slug":"actifs-russes-geles-avant-le-sommet-des-dirigeants-europeens-bruxelles-menace-de-bloquer-tout-accord","status":"publish","type":"post","link":"https:\/\/monde25.info\/index.php\/2025\/10\/25\/actifs-russes-geles-avant-le-sommet-des-dirigeants-europeens-bruxelles-menace-de-bloquer-tout-accord\/","title":{"rendered":"Actifs russes gel\u00e9s : Avant le sommet des dirigeants europ\u00e9ens, Bruxelles menace de bloquer tout accord"},"content":{"rendered":"<p> <br \/>\n<\/p>\n<div>\n<p>Bart De Wever persiste et signe\u00a0: la Belgique ne prendra pas toute seule le risque en autorisant une utilisation des actifs russes gel\u00e9s et promet de bloquer le nouveau pr\u00eat propos\u00e9 par la Commission europ\u00e9enne \u00e0 l\u2019Ukraine si trois conditions ne sont pas r\u00e9unies. Sa d\u00e9claration est intervenue peu avant la r\u00e9union hier jeudi des Vingt-sept.<\/p>\n<p>Lors des pr\u00e9c\u00e9dentes semaines, l&rsquo;Union europ\u00e9enne a propos\u00e9 un m\u00e9canisme appel\u00e9 le \u201cpr\u00eat de r\u00e9parations\u201d destin\u00e9 \u00e0 financer la d\u00e9fense et la reconstruction de l\u2019Ukraine. Cette initiative consiste \u00e0 d\u00e9bloquer les avoirs gel\u00e9s de la Banque centrale russe, dont une large part est d\u00e9tenue en Belgique par Euroclear. Le pr\u00eat serait financ\u00e9 gr\u00e2ce \u00e0 la tr\u00e9sorerie issue de la maturit\u00e9 des titres russes immobilis\u00e9s, pr\u00eat\u00e9 ensuite \u00e0 l\u2019Ukraine \u00e0 hauteur de 140 milliards d\u2019euros. L\u2019Ukraine ne devrait rembourser ce pr\u00eat que si la Russie accepte de verser des r\u00e9parations de guerre. Une approche pr\u00e9sent\u00e9e comme une alternative \u00e0 la confiscation pure et simple des fonds russes, qui suscite des d\u00e9saccords parmi les Vingt-sept, notamment ceux de Bruxelles.<\/p>\n<p><strong>De Wever fixe ses conditions<\/strong><\/p>\n<p>Depuis l\u2019annonce de ce \u201cpr\u00eat\u201d, Bart De Wever, le Premier ministre belge, a exprim\u00e9 des r\u00e9serves importantes sur cette proposition. Il a soulign\u00e9 que la Belgique, o\u00f9 se trouve la majorit\u00e9 des actifs gel\u00e9s, ne peut assumer seule le risque financier et politique d\u2019un tel m\u00e9canisme. \u201cPrendre l\u2019argent du pr\u00e9sident russe Vladimir Poutine et laisser les risques \u00e0 la Belgique, cela n\u2019arrivera pas, je tiens \u00e0 \u00eatre tr\u00e8s clair \u00e0 ce sujet. It ain\u2019t gonna happen, das wird niemals passieren\u201d, avait martel\u00e9 \u00e0 la toute fin de septembre.<\/p>\n<p>De Wever, qui rappelle que le projet de l\u2019UE pourrait porter un s\u00e9rieux coup \u00e0 la cr\u00e9dibilit\u00e9 financi\u00e8re et juridique de la Belgique, exprimait \u00e9galement sa crainte de subir des repr\u00e9sailles de la part de Moscou, notamment la saisie d\u2019int\u00e9r\u00eats \u00e9conomiques belges.<\/p>\n<p>Jeudi, les dirigeants europ\u00e9ens se sont r\u00e9unis \u00e0 Bruxelles, pour \u00e9voquer, entre autres, cette question l\u00e0. Peu avant le sommet, le PM belge a r\u00e9it\u00e9r\u00e9 sa r\u00e9ticence, promettant qu\u2019il ferait \u201ctout son possible\u201d pour bloquer ce nouveau pr\u00eat si ses conditions ne sont pas satisfaites.<\/p>\n<p>Appelant \u00e0 une \u201cmutualisation totale des risques\u201d, il a en outre demand\u00e9 \u00e0 ce que d\u2019autres \u00c9tats membres de l\u2019UE fournissent des garanties financi\u00e8res au cas o\u00f9 l\u2019argent devrait \u00eatre rembours\u00e9 \u00e0 Moscou. De plus, les \u00c9tats d\u00e9tenant des actifs russes gel\u00e9s devront faire de m\u00eame en les exploitant. \u201cNous savons qu\u2019il y a d\u2019\u00e9normes quantit\u00e9s d\u2019argent russe dans d\u2019autres pays qui gardent le silence \u00e0 ce sujet\u201d, a d\u00e9clar\u00e9 Bart De Wever. \u201cSi nous agissons, nous devons le faire tous ensemble. C\u2019est cela, la solidarit\u00e9 europ\u00e9enne\u201d.<\/p>\n<p>Le PM belge a par ailleurs exhort\u00e9 hier la CE \u00e0 pr\u00e9senter une \u201cbase juridique\u201d pour son projet de pr\u00eat \u00e0 l\u2019Ukraine. \u201cCe n\u2019est pas un d\u00e9tail : m\u00eame pendant la Seconde Guerre mondiale, les actifs immobilis\u00e9s n\u2019ont jamais \u00e9t\u00e9 touch\u00e9s\u201d, a-t-il rappel\u00e9.<\/p>\n<p><strong>Les dirigeants europ\u00e9ens confiants<\/strong><\/p>\n<p>Telles sont ces exigences, qu\u2019il juge \u201ctout \u00e0 fait raisonnables\u201d et si elles sont satisfaites, \u201calors nous pourrons aller de l\u2019avant. Sinon, je ferai tout ce qui est en mon pouvoir au niveau europ\u00e9en, mais aussi au niveau national, sur le plan politique et juridique, pour emp\u00eacher cette d\u00e9cision\u201d, a-t-il affirm\u00e9.<span class=\"Apple-converted-space\">\u00a0<\/span><\/p>\n<p>Peu avant le sommet, Bart De Wever disait qu\u2019il serait \u201csurpris\u201d si les Vingt-Sept parvenaient \u00e0 un accord, m\u00eame si \u201cdes miracles se sont d\u00e9j\u00e0 produits\u2009\u201d. Le Premier ministre finlandais Petteri Orpo, tout en affirmant prendre \u201ctr\u00e8s au s\u00e9rieux\u201d les pr\u00e9occupations de la Belgique, estimait que \u201cla solution est tr\u00e8s proche\u201d. \u201cNous devons trouver une solution pour aller de l\u2019avant, et je pense qu\u2019\u00e0 pr\u00e9sent nous avons une solution r\u00e9aliste sur la table\u201d, a-t-il insist\u00e9.<span class=\"Apple-converted-space\">\u00a0<\/span><\/p>\n<p>Ant\u00f3nio Costa, pr\u00e9sident du Conseil europ\u00e9en, esp\u00e9rait aussi un accord \u00e0 l\u2019issue du sommet. Le pr\u00e9sident ukrainien, tout logiquement tr\u00e8s favorable \u00e0 une telle op\u00e9ration, a d\u00e9clar\u00e9 que \u201cquiconque retarde la d\u00e9cision sur l&rsquo;utilisation compl\u00e8te des avoirs russes gel\u00e9s limite non seulement notre d\u00e9fense, mais ralentit \u00e9galement les progr\u00e8s de l&rsquo;UE elle-m\u00eame\u201d.<\/p>\n<\/div>\n<p><script>(function(d, s, id) {  var js, fjs = d.getElementsByTagName(s)[0];  if (d.getElementById(id)) return;  js = d.createElement(s); js.id = id;  js.src = \"\/\/connect.facebook.net\/fr_FR\/sdk.js#xfbml=1&version=v2.3\";  fjs.parentNode.insertBefore(js, fjs);}(document, \"script\", \"facebook-jssdk\"));<\/script><br \/>\n<br \/><br \/>\n<br \/><a href=\"https:\/\/www.francesoir.fr\/politique-monde\/actifs-russes-geles-avant-le-sommet-des-dirigeants-europeens-bruxelles-menace-de\" target=\"_blank\"\">Source link <\/a><\/p>\n","protected":false},"excerpt":{"rendered":"<p>Bart De Wever persiste et signe\u00a0: la Belgique ne prendra pas toute seule le risque en autorisant une utilisation des actifs russes gel\u00e9s et promet de bloquer le nouveau pr\u00eat&hellip; <\/p>\n","protected":false},"author":1,"featured_media":18295,"comment_status":"open","ping_status":"open","sticky":false,"template":"","format":"standard","meta":{"footnotes":""},"categories":[1],"tags":[],"class_list":["post-18294","post","type-post","status-publish","format-standard","has-post-thumbnail","hentry","category-non-classe"],"_links":{"self":[{"href":"https:\/\/monde25.info\/index.php\/wp-json\/wp\/v2\/posts\/18294","targetHints":{"allow":["GET"]}}],"collection":[{"href":"https:\/\/monde25.info\/index.php\/wp-json\/wp\/v2\/posts"}],"about":[{"href":"https:\/\/monde25.info\/index.php\/wp-json\/wp\/v2\/types\/post"}],"author":[{"embeddable":true,"href":"https:\/\/monde25.info\/index.php\/wp-json\/wp\/v2\/users\/1"}],"replies":[{"embeddable":true,"href":"https:\/\/monde25.info\/index.php\/wp-json\/wp\/v2\/comments?post=18294"}],"version-history":[{"count":0,"href":"https:\/\/monde25.info\/index.php\/wp-json\/wp\/v2\/posts\/18294\/revisions"}],"wp:featuredmedia":[{"embeddable":true,"href":"https:\/\/monde25.info\/index.php\/wp-json\/wp\/v2\/media\/18295"}],"wp:attachment":[{"href":"https:\/\/monde25.info\/index.php\/wp-json\/wp\/v2\/media?parent=18294"}],"wp:term":[{"taxonomy":"category","embeddable":true,"href":"https:\/\/monde25.info\/index.php\/wp-json\/wp\/v2\/categories?post=18294"},{"taxonomy":"post_tag","embeddable":true,"href":"https:\/\/monde25.info\/index.php\/wp-json\/wp\/v2\/tags?post=18294"}],"curies":[{"name":"wp","href":"https:\/\/api.w.org\/{rel}","templated":true}]}}