{"id":18303,"date":"2025-10-26T01:24:08","date_gmt":"2025-10-25T23:24:08","guid":{"rendered":"https:\/\/monde25.info\/index.php\/2025\/10\/26\/il-ne-fait-pas-bon-deplaire-le-parquet-general-veut-un-reexamen-du-non-lieu-pour-la-journaliste-du-media-disclose\/"},"modified":"2025-10-26T01:24:08","modified_gmt":"2025-10-25T23:24:08","slug":"il-ne-fait-pas-bon-deplaire-le-parquet-general-veut-un-reexamen-du-non-lieu-pour-la-journaliste-du-media-disclose","status":"publish","type":"post","link":"https:\/\/monde25.info\/index.php\/2025\/10\/26\/il-ne-fait-pas-bon-deplaire-le-parquet-general-veut-un-reexamen-du-non-lieu-pour-la-journaliste-du-media-disclose\/","title":{"rendered":"Il ne fait pas bon d\u00e9plaire, le parquet g\u00e9n\u00e9ral veut un r\u00e9examen du non-lieu pour la journaliste du m\u00e9dia Disclose"},"content":{"rendered":"<p> <br \/>\n<\/p>\n<div>\n<p>Le parquet g\u00e9n\u00e9ral de Paris a fait appel lundi du non-lieu prononc\u00e9 en faveur d&rsquo;une journaliste, co-autrice d&rsquo;articles du m\u00e9dia Disclose \u00e9voquant des d\u00e9rives de la coop\u00e9ration militaire franco-\u00e9gyptienne, afin que la cour d&rsquo;appel puisse se prononcer sur \u00ab\u00a0les questions de droit\u00a0\u00bb, a-t-il indiqu\u00e9 vendredi, sollicit\u00e9 par l&rsquo;AFP.<\/p>\n<p>Une juge d&rsquo;instruction parisienne a ordonn\u00e9 le 9 octobre un proc\u00e8s pour compromission du secret de la d\u00e9fense nationale contre un ing\u00e9nieur militaire qu&rsquo;elle pr\u00e9sente comme la source de Disclose, et qui conteste toute infraction.<\/p>\n<p>Elle a en revanche prononc\u00e9 un non-lieu pour la journaliste, estimant que les articles qu&rsquo;elle a co-sign\u00e9s sont \u00ab\u00a0d&rsquo;int\u00e9r\u00eat g\u00e9n\u00e9ral, int\u00e9ressant le public et le d\u00e9bat d\u00e9mocratique\u00a0\u00bb.<\/p>\n<p>Le parquet de Paris n&rsquo;avait pas non plus demand\u00e9 de proc\u00e8s pour la journaliste.<\/p>\n<p>Sollicit\u00e9 pour conna\u00eetre les raisons pour lesquelles il a fait appel, le parquet g\u00e9n\u00e9ral a r\u00e9pondu \u00e0 l&rsquo;AFP que cela \u00ab\u00a0porte sur le non-lieu prononc\u00e9 \u00e0 l&rsquo;\u00e9gard d&rsquo;Ariane Lavrilleux\u00a0\u00bb.<\/p>\n<p>Il \u00ab\u00a0estime n\u00e9cessaire que la chambre de l&rsquo;instruction, en tant que second degr\u00e9 de juridiction, puisse se prononcer sur les questions de droit soulev\u00e9es par ce dossier, et notamment les enjeux en termes de conciliation de la libert\u00e9 de la presse et du respect du secret de la d\u00e9fense nationale\u00a0\u00bb, a-t-il pr\u00e9cis\u00e9.<\/p>\n<p>Cet appel \u00ab\u00a0est en totale contradiction avec la position adopt\u00e9e pendant l&rsquo;instruction\u00a0\u00bb, a d\u00e9plor\u00e9 M<sup>e<\/sup> Christophe Bigot, avocat de la journaliste.<\/p>\n<p>\u00ab\u00a0Le parquet n&rsquo;avait en effet pas sollicit\u00e9 la mise en examen de Mme Lavrilleux qui est sous statut de t\u00e9moin assist\u00e9, et avait requis un non-lieu \u00e0 son \u00e9gard faute de charges suffisantes. Cet acharnement est incompr\u00e9hensible et choquant\u00a0\u00bb, a d\u00e9nonc\u00e9 M<sup>e<\/sup> Bigot.<\/p>\n<p>Les investigations se sont pench\u00e9es sur plusieurs articles publi\u00e9s par Disclose depuis 2019, relatifs aux ventes d&rsquo;armes fran\u00e7aises \u00e0 l&rsquo;\u00e9tranger, mais aussi sur l&rsquo;op\u00e9ration \u00ab\u00a0Sirli\u00a0\u00bb, une mission de renseignement fran\u00e7aise en Egypte que ce pays aurait d\u00e9tourn\u00e9e pour cibler et tuer des opposants.<\/p>\n<p>Apr\u00e8s des plaintes contre X du minist\u00e8re des Arm\u00e9es, une instruction a \u00e9t\u00e9 ouverte en juillet 2022.<\/p>\n<p>L&rsquo;ing\u00e9nieur militaire a \u00e9t\u00e9 mis en examen en septembre 2023 et plac\u00e9 sous contr\u00f4le judiciaire.<\/p>\n<p>Perquisitionn\u00e9e et plac\u00e9e en garde \u00e0 vue le m\u00eame mois, Ariane Lavrilleux avait \u00e9chapp\u00e9 \u00e0 une mise en examen d\u00e9but 2025&#8230; Mais finalement ce n&rsquo;est pas comme cela qu&rsquo;on l&rsquo;entend en haut lieu.\u00a0<\/p>\n<p>Informer doit d\u00e9finitivement devenir un d\u00e9lit punissable.<\/p>\n<\/div>\n<p><script>(function(d, s, id) {  var js, fjs = d.getElementsByTagName(s)[0];  if (d.getElementById(id)) return;  js = d.createElement(s); js.id = id;  js.src = \"\/\/connect.facebook.net\/fr_FR\/sdk.js#xfbml=1&version=v2.3\";  fjs.parentNode.insertBefore(js, fjs);}(document, \"script\", \"facebook-jssdk\"));<\/script><br \/>\n<br \/><br \/>\n<br \/><a href=\"https:\/\/www.francesoir.fr\/societe-justice\/enquete-sur-les-sources-du-media-disclose-le-parquet-general-veut-un-reexamen-du\" target=\"_blank\"\">Source link <\/a><\/p>\n","protected":false},"excerpt":{"rendered":"<p>Le parquet g\u00e9n\u00e9ral de Paris a fait appel lundi du non-lieu prononc\u00e9 en faveur d&rsquo;une journaliste, co-autrice d&rsquo;articles du m\u00e9dia Disclose \u00e9voquant des d\u00e9rives de la coop\u00e9ration militaire franco-\u00e9gyptienne, afin&hellip; <\/p>\n","protected":false},"author":1,"featured_media":18304,"comment_status":"open","ping_status":"open","sticky":false,"template":"","format":"standard","meta":{"footnotes":""},"categories":[1],"tags":[],"class_list":["post-18303","post","type-post","status-publish","format-standard","has-post-thumbnail","hentry","category-non-classe"],"_links":{"self":[{"href":"https:\/\/monde25.info\/index.php\/wp-json\/wp\/v2\/posts\/18303","targetHints":{"allow":["GET"]}}],"collection":[{"href":"https:\/\/monde25.info\/index.php\/wp-json\/wp\/v2\/posts"}],"about":[{"href":"https:\/\/monde25.info\/index.php\/wp-json\/wp\/v2\/types\/post"}],"author":[{"embeddable":true,"href":"https:\/\/monde25.info\/index.php\/wp-json\/wp\/v2\/users\/1"}],"replies":[{"embeddable":true,"href":"https:\/\/monde25.info\/index.php\/wp-json\/wp\/v2\/comments?post=18303"}],"version-history":[{"count":0,"href":"https:\/\/monde25.info\/index.php\/wp-json\/wp\/v2\/posts\/18303\/revisions"}],"wp:featuredmedia":[{"embeddable":true,"href":"https:\/\/monde25.info\/index.php\/wp-json\/wp\/v2\/media\/18304"}],"wp:attachment":[{"href":"https:\/\/monde25.info\/index.php\/wp-json\/wp\/v2\/media?parent=18303"}],"wp:term":[{"taxonomy":"category","embeddable":true,"href":"https:\/\/monde25.info\/index.php\/wp-json\/wp\/v2\/categories?post=18303"},{"taxonomy":"post_tag","embeddable":true,"href":"https:\/\/monde25.info\/index.php\/wp-json\/wp\/v2\/tags?post=18303"}],"curies":[{"name":"wp","href":"https:\/\/api.w.org\/{rel}","templated":true}]}}