{"id":18305,"date":"2025-10-26T01:56:39","date_gmt":"2025-10-25T23:56:39","guid":{"rendered":"https:\/\/monde25.info\/index.php\/2025\/10\/26\/le-gel-du-bareme-de-limpot-sur-le-revenu-ecarte-par-les-deputes-rt-en-francais\/"},"modified":"2025-10-26T01:56:39","modified_gmt":"2025-10-25T23:56:39","slug":"le-gel-du-bareme-de-limpot-sur-le-revenu-ecarte-par-les-deputes-rt-en-francais","status":"publish","type":"post","link":"https:\/\/monde25.info\/index.php\/2025\/10\/26\/le-gel-du-bareme-de-limpot-sur-le-revenu-ecarte-par-les-deputes-rt-en-francais\/","title":{"rendered":"le gel du bar\u00e8me de l\u2019imp\u00f4t sur le revenu \u00e9cart\u00e9 par les d\u00e9put\u00e9s \u2014 RT en fran\u00e7ais"},"content":{"rendered":"<p> <br \/>\n<br \/><img decoding=\"async\" src=\"https:\/\/mf.b37mrtl.ru\/french\/images\/2025.10\/thumbnail\/68fd2d1087f3ec1dd504f013.jpg\" \/><\/p>\n<div>\n<p class=\"text__summary\">\n                                        En approuvant un amendement de Laurent Wauquiez, les d\u00e9put\u00e9s ont, ce 25 octobre, \u00e0 une large majorit\u00e9, rejet\u00e9 le gel du bar\u00e8me de l\u2019imp\u00f4t sur le revenu qui \u00e9tait souhait\u00e9 par le gouvernement. La d\u00e9fiscalisation totale des heures suppl\u00e9mentaires a \u00e9galement \u00e9t\u00e9 adopt\u00e9e par l\u2019Assembl\u00e9e nationale.\n                                    <\/p>\n<p>Pr\u00e9sent\u00e9e comme une mesure cens\u00e9e rapporter pr\u00e8s de deux milliards d\u2019euros de recettes fiscales suppl\u00e9mentaires, les d\u00e9put\u00e9s ont largement rejet\u00e9 ce 25 octobre le <a target=\"_blank\" href=\"https:\/\/francais.rt.com\/france\/126367-pression-fiscale-france-bareme-revenu\">gel du bar\u00e8me de l&rsquo;imp\u00f4t sur le revenu<\/a> (IR) qui aurait conduit 200 000 foyers suppl\u00e9mentaires \u00e0 payer cet imp\u00f4t.<\/p>\n<p>Une coalition h\u00e9t\u00e9roclite \u200b\u200b\u200bde d\u00e9put\u00e9s, allant du Rassemblement national (RN) \u00e0 la France insoumise, en passant par la droite et une bonne partie des macronistes, a approuv\u00e9 un amendement de Laurent Wauquiez, le chef de file des d\u00e9put\u00e9s Les R\u00e9publicains (LR), proposant d\u2019indexer le bar\u00e8me de l\u2019IR sur l&rsquo;inflation estim\u00e9e \u00e0 1,1 %. En face, les d\u00e9put\u00e9s socialites, du Modem, ainsi qu\u2019une partie des \u00c9cologistes et de LIOT se sont oppos\u00e9s au texte.<\/p>\n<p>\u00c9galement port\u00e9e par les d\u00e9put\u00e9s LR : une proposition de \u00ab\u00a0d\u00e9fiscaliser totalement\u00a0\u00bb les heures suppl\u00e9mentaires, actuellement exon\u00e9r\u00e9es d\u2019IR dans la limite de 7\u00a0500 euros par an, a \u00e9t\u00e9 adopt\u00e9e. Laurent Wauquiez a salu\u00e9 un \u00ab\u00a0signal d&rsquo;espoir\u00a0\u00bb qui encourage \u00ab\u00a0ceux qui se donnent du mal et la France qui travaille\u00a0\u00bb.<\/p>\n<h3>\u00ab\u00a0La taxe Zucman ne passera pas\u00a0\u00bb<\/h3>\n<p>Autre mesure, dont l&rsquo;examen est attendu dans l\u2019h\u00e9micycle du Palais Bourbon\u00a0: la taxe Zucman, <a target=\"_blank\" href=\"https:\/\/francais.rt.com\/france\/126363-budget-socialistes-taxe-zucman-amendement\">r\u00e9clam\u00e9e avec insistance<\/a> par la gauche et d\u00e9nonc\u00e9 par le reste du spectre politique. Si le texte \u00ab\u00a0est r\u00e9dig\u00e9 tel que le PS veut le r\u00e9diger, on ne le soutiendra pas\u00a0\u00bb, a averti Marine Le Pen.<\/p>\n<p>\u00ab\u00a0Nous ne la soutiendrons que si elle correspond exactement \u00e0 l&rsquo;imp\u00f4t sur la fortune financi\u00e8re que nous avons propos\u00e9, c&rsquo;est-\u00e0-dire en retirant la r\u00e9sidence principale ou la r\u00e9sidence unique de cet imp\u00f4t\u00a0\u00bb, a expliqu\u00e9 la pr\u00e9sidente du Rassemblement national \u00e0 l&rsquo;Assembl\u00e9e. M\u00eame son de cloche, du c\u00f4t\u00e9 du Modem, dont le porte-parole Bruno Fuchs a assur\u00e9 que \u00ab\u00a0la taxe Zucman ne passera pas\u00a0\u00bb.<\/p>\n<p>En fin de semaine, le chef des d\u00e9put\u00e9s socialistes Boris Vallaud ainsi que le Premier secr\u00e9taire du parti Olivier Faure avaient <a target=\"_blank\" href=\"https:\/\/francais.rt.com\/france\/126695-budget-2026-socialistes-agitent-censure\">brandi la menace<\/a> d\u2019arr\u00eater les d\u00e9bats si les d\u00e9put\u00e9s marconistes ne votaient pas en faveur de cette taxe.<\/p>\n<\/div>\n<p><br \/>\n<br \/><a href=\"https:\/\/francais.rt.com\/france\/126731-budget-2026-gel-bareme-impot\" target=\"_blank\"\">Source link <\/a><\/p>\n","protected":false},"excerpt":{"rendered":"<p>En approuvant un amendement de Laurent Wauquiez, les d\u00e9put\u00e9s ont, ce 25 octobre, \u00e0 une large majorit\u00e9, rejet\u00e9 le gel du bar\u00e8me de l\u2019imp\u00f4t sur le revenu qui \u00e9tait souhait\u00e9&hellip; <\/p>\n","protected":false},"author":1,"featured_media":18306,"comment_status":"open","ping_status":"open","sticky":false,"template":"","format":"standard","meta":{"footnotes":""},"categories":[1],"tags":[],"class_list":["post-18305","post","type-post","status-publish","format-standard","has-post-thumbnail","hentry","category-non-classe"],"_links":{"self":[{"href":"https:\/\/monde25.info\/index.php\/wp-json\/wp\/v2\/posts\/18305","targetHints":{"allow":["GET"]}}],"collection":[{"href":"https:\/\/monde25.info\/index.php\/wp-json\/wp\/v2\/posts"}],"about":[{"href":"https:\/\/monde25.info\/index.php\/wp-json\/wp\/v2\/types\/post"}],"author":[{"embeddable":true,"href":"https:\/\/monde25.info\/index.php\/wp-json\/wp\/v2\/users\/1"}],"replies":[{"embeddable":true,"href":"https:\/\/monde25.info\/index.php\/wp-json\/wp\/v2\/comments?post=18305"}],"version-history":[{"count":0,"href":"https:\/\/monde25.info\/index.php\/wp-json\/wp\/v2\/posts\/18305\/revisions"}],"wp:featuredmedia":[{"embeddable":true,"href":"https:\/\/monde25.info\/index.php\/wp-json\/wp\/v2\/media\/18306"}],"wp:attachment":[{"href":"https:\/\/monde25.info\/index.php\/wp-json\/wp\/v2\/media?parent=18305"}],"wp:term":[{"taxonomy":"category","embeddable":true,"href":"https:\/\/monde25.info\/index.php\/wp-json\/wp\/v2\/categories?post=18305"},{"taxonomy":"post_tag","embeddable":true,"href":"https:\/\/monde25.info\/index.php\/wp-json\/wp\/v2\/tags?post=18305"}],"curies":[{"name":"wp","href":"https:\/\/api.w.org\/{rel}","templated":true}]}}