{"id":18310,"date":"2025-10-26T04:14:42","date_gmt":"2025-10-26T03:14:42","guid":{"rendered":"https:\/\/monde25.info\/index.php\/2025\/10\/26\/les-canicules-marines-peuvent-entrainer-la-mort-subite-des-coraux\/"},"modified":"2025-10-26T04:14:42","modified_gmt":"2025-10-26T03:14:42","slug":"les-canicules-marines-peuvent-entrainer-la-mort-subite-des-coraux","status":"publish","type":"post","link":"https:\/\/monde25.info\/index.php\/2025\/10\/26\/les-canicules-marines-peuvent-entrainer-la-mort-subite-des-coraux\/","title":{"rendered":"Les canicules marines peuvent entra\u00eener la mort subite des coraux"},"content":{"rendered":"<p> <br \/>\n<br \/><img loading=\"lazy\" decoding=\"async\" src=\"https:\/\/reporterre.net\/local\/cache-vignettes\/L700xH467\/acro-06c13.jpg?1761305953\" class=\"spip_logo\" width=\"700\" height=\"467\" alt=\"\" \/><\/p>\n<p>On savait d\u00e9j\u00e0 que les canicules marines entra\u00eenaient le blanchiment des coraux. En revanche, on ignorait qu&rsquo;elles pouvaient provoquer leur mort subite. C&rsquo;est pourtant ce qui s&rsquo;est pass\u00e9 dans les r\u00e9cifs coralliens au large du sud-ouest de la Floride, \u00e0 la suite de la canicule marine de 2023, d&rsquo;apr\u00e8s une \u00e9tude de la revue Science, publi\u00e9e le 23\u00a0octobre. <br class=\"autobr\" \/><br \/>\n\u00c0 l&rsquo;\u00e9t\u00e9 2023, les temp\u00e9ratures de surface de la mer \u00e0 cet endroit ont \u00e9t\u00e9 sup\u00e9rieures ou \u00e9gales \u00e0 31\u00a0\u00b0C pendant plus de 40\u00a0jours, soit 2,2\u00a0(\u2026)<\/p>\n<p>                    <a target=\"_blank\" href=\"https:\/\/reporterre.net\/Les-canicules-marines-entrainent-la-mort-subite-des-coraux?utm_source=RSS&amp;utm_medium=RSS\">Lire la suite<\/a><\/p>\n<p>                    &#8211;<br \/>\n                        <a target=\"_blank\" href=\"https:\/\/reporterre.net\/Breves-20\" rel=\"directory\">En bref<\/a><\/p>\n<p>                    \/<br \/>\n                        <a target=\"_blank\" href=\"https:\/\/reporterre.net\/Climat-18\" rel=\"tag\">Climat <\/a><br \/>\n                    ,<br \/>\n                        <a target=\"_blank\" href=\"https:\/\/reporterre.net\/Nature\" rel=\"tag\">Nature<\/a><br \/>\n<br \/><br \/>\n<br \/><a href=\"https:\/\/reporterre.net\/Les-canicules-marines-entrainent-la-mort-subite-des-coraux\" target=\"_blank\"\">Source link <\/a><\/p>\n","protected":false},"excerpt":{"rendered":"<p>On savait d\u00e9j\u00e0 que les canicules marines entra\u00eenaient le blanchiment des coraux. En revanche, on ignorait qu&rsquo;elles pouvaient provoquer leur mort subite. C&rsquo;est pourtant ce qui s&rsquo;est pass\u00e9 dans les&hellip; <\/p>\n","protected":false},"author":1,"featured_media":0,"comment_status":"open","ping_status":"open","sticky":false,"template":"","format":"standard","meta":{"footnotes":""},"categories":[1],"tags":[],"class_list":["post-18310","post","type-post","status-publish","format-standard","hentry","category-non-classe"],"_links":{"self":[{"href":"https:\/\/monde25.info\/index.php\/wp-json\/wp\/v2\/posts\/18310","targetHints":{"allow":["GET"]}}],"collection":[{"href":"https:\/\/monde25.info\/index.php\/wp-json\/wp\/v2\/posts"}],"about":[{"href":"https:\/\/monde25.info\/index.php\/wp-json\/wp\/v2\/types\/post"}],"author":[{"embeddable":true,"href":"https:\/\/monde25.info\/index.php\/wp-json\/wp\/v2\/users\/1"}],"replies":[{"embeddable":true,"href":"https:\/\/monde25.info\/index.php\/wp-json\/wp\/v2\/comments?post=18310"}],"version-history":[{"count":0,"href":"https:\/\/monde25.info\/index.php\/wp-json\/wp\/v2\/posts\/18310\/revisions"}],"wp:attachment":[{"href":"https:\/\/monde25.info\/index.php\/wp-json\/wp\/v2\/media?parent=18310"}],"wp:term":[{"taxonomy":"category","embeddable":true,"href":"https:\/\/monde25.info\/index.php\/wp-json\/wp\/v2\/categories?post=18310"},{"taxonomy":"post_tag","embeddable":true,"href":"https:\/\/monde25.info\/index.php\/wp-json\/wp\/v2\/tags?post=18310"}],"curies":[{"name":"wp","href":"https:\/\/api.w.org\/{rel}","templated":true}]}}