{"id":18313,"date":"2025-10-26T05:20:50","date_gmt":"2025-10-26T04:20:50","guid":{"rendered":"https:\/\/monde25.info\/index.php\/2025\/10\/26\/le-pays-menace-detouffement-progressif-alerte-le-gouverneur-de-la-banque-de-france-rt-en-francais\/"},"modified":"2025-10-26T05:20:50","modified_gmt":"2025-10-26T04:20:50","slug":"le-pays-menace-detouffement-progressif-alerte-le-gouverneur-de-la-banque-de-france-rt-en-francais","status":"publish","type":"post","link":"https:\/\/monde25.info\/index.php\/2025\/10\/26\/le-pays-menace-detouffement-progressif-alerte-le-gouverneur-de-la-banque-de-france-rt-en-francais\/","title":{"rendered":"le pays menac\u00e9 \u00abd&rsquo;\u00e9touffement progressif\u00bb, alerte le gouverneur de la Banque de France \u2014 RT en fran\u00e7ais"},"content":{"rendered":"<p> <br \/>\n<br \/><img decoding=\"async\" src=\"https:\/\/mf.b37mrtl.ru\/french\/images\/2025.10\/thumbnail\/68fd21116f7ccc691a1cee64.jpg\" \/><\/p>\n<div>\n<p class=\"text__summary\">\n                                        \u00c9cartant un risque imm\u00e9diat de faillite, Fran\u00e7ois Villeroy de Galhau, gouverneur de la Banque de France, a alert\u00e9 ce 25 octobre sur la situation budg\u00e9taire du pays : le cercle vicieux de l\u2019accroissement du poids de la dette et les cons\u00e9quences de l\u2019instabilit\u00e9 politique qui paralyse la France depuis plus d\u2019un an.\n                                    <\/p>\n<p>\u00ab\u00a0Il est urgent d\u2019agir, et nous en avons la capacit\u00e9\u00a0\u00bb, a plaid\u00e9 le gouverneur de la Banque de France, Fran\u00e7ois Villeroy de Galhau, dans <a target=\"_blank\" href=\"https:\/\/www.la-croix.com\/economie\/francois-villeroy-de-galhau-notre-pays-n-est-pas-menace-de-faillite-mais-detouffement-progressif-20251025\">un entretien<\/a> publi\u00e9 dans <em>La Croix<\/em> ce 25 octobre, au lendemain de la\u00a0<a target=\"_blank\" href=\"https:\/\/francais.rt.com\/economie\/126705-dette-souveraine-moodys-revoit-baisse\">r\u00e9vision \u00e0 la baisse<\/a> par Moody\u2019s de ses perspectives sur la note de la France.<\/p>\n<p>Pour ce haut fonctionnaire, r\u00e9put\u00e9 \u00eatre <a target=\"_blank\" href=\"https:\/\/www.lecanardenchaine.fr\/economie\/49261-un-gouverneur-cher-a-deloger\">l\u2019un des mieux pay\u00e9s<\/a> de la R\u00e9publique fran\u00e7aise, \u00ab\u00a0notre probl\u00e8me sp\u00e9cifique est donc budg\u00e9taire\u00a0\u00bb et il a appel\u00e9 \u00e0 \u00ab\u00a0dire la v\u00e9rit\u00e9\u00a0\u00bb aux Fran\u00e7ais quant \u00e0 \u00ab\u00a0deux grandes illusions\u00a0\u00bb\u00a0: celle que \u00ab\u00a0ce n\u2019est pas si grave et que nous pouvons continuer \u00e0 d\u00e9penser comme avant\u00a0\u00bb et \u00ab\u00a0la seconde\u00a0qu\u2019il n\u2019y a pas de solution\u00a0\u00bb.<\/p>\n<p>\u00ab\u00a0Notre pays n\u2019est pas menac\u00e9 de faillite, mais d\u2019\u00e9touffement progressif\u00a0\u00bb, a-t-il assur\u00e9 dans sa r\u00e9ponse \u00e0 une question pos\u00e9e sur le \u00ab\u00a0maintien\u00a0\u00bb par l\u2019agence am\u00e9ricaine Moody\u2019s de la note de la France.<\/p>\n<p>\u00ab\u00a0D\u2019abord des int\u00e9r\u00eats de plus en plus co\u00fbteux, de 30 milliards par an en 2020 \u00e0 plus de 100 milliards \u00e0 la fin de la d\u00e9cennie, c\u2019est autant d\u2019argent que nous n\u2019avons pas pour la transition \u00e9cologique ou la d\u00e9fense\u00a0\u00bb, a-t-il poursuivi, \u00ab\u00a0ensuite, par contagion, des emprunts plus chers pour les m\u00e9nages \u2013 le cr\u00e9dit immobilier \u2013 et les entreprises. Enfin et surtout, une dette de plus en plus lourde que nous l\u00e9guons \u00e0 nos enfants et petits-enfants\u00a0\u00bb.<\/p>\n<h3>\u00ab Plus nous attendons, plus difficiles les rem\u00e8des in fine seront\u00a0\u00bb<\/h3>\n<p>Selon lui, le maintien du Aa3 de la France par Moody\u2019s, \u00e0 ses yeux, \u00ab\u00a0dit que notre pays garde des atouts, m\u00eame si la perspective sur la notation devient n\u00e9gative \u00bb. N\u00e9anmoins \u00ab toutes les agences s\u2019alarment de l\u2019instabilit\u00e9 politique et de notre s\u00e9rieux probl\u00e8me budg\u00e9taire\u00a0\u00bb, a ajout\u00e9 celui qui depuis des mois met en garde contre le \u00ab\u00a0d\u00e9ni budg\u00e9taire\u00a0\u00bb et le risque d\u2019\u00ab\u00a0<a target=\"_blank\" href=\"https:\/\/www.banque-france.fr\/fr\/interventions-gouverneur\/le-figaro-si-notre-pays-restait-dans-le-deni-budgetaire-il-risquerait-lenfoncement-progressif\">enfoncement progressif<\/a>\u00a0\u00bb, \u00e0 l\u2019instar d\u2019un entretien au\u00a0<em>Figaro<\/em>\u00a0publi\u00e9 fin 2024.<\/p>\n<p>\u00ab Plus nous attendons, plus difficiles les rem\u00e8des in fine seront, donc <a target=\"_blank\" href=\"https:\/\/www.youtube.com\/watch?v=UvqCYEJSF20\">la France doit traiter son probl\u00e8me budg\u00e9taire<\/a>\u00a0\u00bb, avait-il notamment assur\u00e9 mi-septembre dans une matinale de BFM Business et RMC D\u00e9couverte.<\/p>\n<p>La France est plong\u00e9e dans une\u00a0crise politique sans pr\u00e9c\u00e9dent sous la Ve R\u00e9publique depuis la dissolution de l\u2019Assembl\u00e9e nationale d\u00e9cid\u00e9e par Emmanuel Macron en juin 2024, au soir d\u2019une <a target=\"_blank\" href=\"https:\/\/francais.rt.com\/france\/111537-elections-europeennes-9-juin\">cuisante d\u00e9faite<\/a> du parti pr\u00e9sidentiel et de ses alli\u00e9s aux \u00e9lections europ\u00e9ennes face au Rassemblement national. Depuis son arriv\u00e9e au sommet de l\u2019\u00c9tat au printemps 2017, l\u2019endettement de la France s\u2019est aggrav\u00e9 de plus de 1 100 milliards d\u2019euros.<\/p>\n<\/div>\n<p><br \/>\n<br \/><a href=\"https:\/\/francais.rt.com\/france\/126730-france-menacee-etouffement-progressif-alerte\" target=\"_blank\"\">Source link <\/a><\/p>\n","protected":false},"excerpt":{"rendered":"<p>\u00c9cartant un risque imm\u00e9diat de faillite, Fran\u00e7ois Villeroy de Galhau, gouverneur de la Banque de France, a alert\u00e9 ce 25 octobre sur la situation budg\u00e9taire du pays : le cercle&hellip; <\/p>\n","protected":false},"author":1,"featured_media":18314,"comment_status":"open","ping_status":"open","sticky":false,"template":"","format":"standard","meta":{"footnotes":""},"categories":[1],"tags":[],"class_list":["post-18313","post","type-post","status-publish","format-standard","has-post-thumbnail","hentry","category-non-classe"],"_links":{"self":[{"href":"https:\/\/monde25.info\/index.php\/wp-json\/wp\/v2\/posts\/18313","targetHints":{"allow":["GET"]}}],"collection":[{"href":"https:\/\/monde25.info\/index.php\/wp-json\/wp\/v2\/posts"}],"about":[{"href":"https:\/\/monde25.info\/index.php\/wp-json\/wp\/v2\/types\/post"}],"author":[{"embeddable":true,"href":"https:\/\/monde25.info\/index.php\/wp-json\/wp\/v2\/users\/1"}],"replies":[{"embeddable":true,"href":"https:\/\/monde25.info\/index.php\/wp-json\/wp\/v2\/comments?post=18313"}],"version-history":[{"count":0,"href":"https:\/\/monde25.info\/index.php\/wp-json\/wp\/v2\/posts\/18313\/revisions"}],"wp:featuredmedia":[{"embeddable":true,"href":"https:\/\/monde25.info\/index.php\/wp-json\/wp\/v2\/media\/18314"}],"wp:attachment":[{"href":"https:\/\/monde25.info\/index.php\/wp-json\/wp\/v2\/media?parent=18313"}],"wp:term":[{"taxonomy":"category","embeddable":true,"href":"https:\/\/monde25.info\/index.php\/wp-json\/wp\/v2\/categories?post=18313"},{"taxonomy":"post_tag","embeddable":true,"href":"https:\/\/monde25.info\/index.php\/wp-json\/wp\/v2\/tags?post=18313"}],"curies":[{"name":"wp","href":"https:\/\/api.w.org\/{rel}","templated":true}]}}