{"id":18324,"date":"2025-10-26T10:54:03","date_gmt":"2025-10-26T09:54:03","guid":{"rendered":"https:\/\/monde25.info\/index.php\/2025\/10\/26\/ou-est-julia-chunil\/"},"modified":"2025-10-26T10:54:03","modified_gmt":"2025-10-26T09:54:03","slug":"ou-est-julia-chunil","status":"publish","type":"post","link":"https:\/\/monde25.info\/index.php\/2025\/10\/26\/ou-est-julia-chunil\/","title":{"rendered":"O\u00f9 est Julia Chu\u00f1il ?"},"content":{"rendered":"<p> <br \/>\n<\/p>\n<div id=\"\">\n<p><strong>CHILI\u00a0: Un an apr\u00e8s sa disparition, Julia Chu\u00f1il attend toujours justice<\/strong><\/p>\n<p>Le 8 novembre 2025 marquera un an depuis la disparition de Julia Chu\u00f1il Catricura, 72 ans, dirigeante mapuche et pr\u00e9sidente de la communaut\u00e9 de 17 familles de Putreguel (R\u00e9gion de Los R\u00edos, Chili). Malgr\u00e9 les promesses des autorit\u00e9s chiliennes, aucune avanc\u00e9e significative n\u2019a \u00e9t\u00e9 enregistr\u00e9e dans l\u2019enqu\u00eate. L\u2019association Al Sur exige que toute la lumi\u00e8re soit faite sur cette disparition et que justice soit rendue.<\/p>\n<p><strong> <strong>Qui est Julia Chu\u00f1il\u00a0?<\/strong> <\/strong><\/p>\n<p>M\u00e8re de 5 enfants et grand-m\u00e8re de 10 petits-enfants, Julia Chu\u00f1il se d\u00e9finissait elle-m\u00eame comme \u00ab\u00a0cheffe de famille et combattante\u00a0\u00bb. Depuis 2015, elle menait l\u2019occupation et la protection d\u2019un terrain de pr\u00e8s de 900 hectares, dont une grande partie de for\u00eat naturelle et cinq cours d\u2019eau, esp\u00e9rant sa r\u00e9gularisation fonci\u00e8re par la CONADI (Corporation nationale pour le d\u00e9veloppement autochtone).<\/p>\n<p>Elle y vivait de mani\u00e8re pr\u00e9caire, sans \u00e9lectricit\u00e9, ni eau potable, ni couverture t\u00e9l\u00e9phonique, pratiquant une agriculture paysanne de subsistance. Profond\u00e9ment engag\u00e9e dans la revitalisation de la culture mapuche, Julia organisait des *trafkint\u00fc* (trocs), ces espaces d\u2019\u00e9change non mon\u00e9taires de semences, plantes, artisanat et savoirs qui tissent les r\u00e9seaux de solidarit\u00e9 communautaire.<\/p>\n<p>\u00ab\u00a0On partage avec les personnes, parfois d\u2019autres communaut\u00e9s, on r\u00e9cup\u00e8re nos graines, c\u2019est important. Les graines qu\u2019on r\u00e9colte, on les \u00e9change contre des choses qu\u2019on n\u2019a pas. J\u2019aime participer et ramener des boutures, des graines, de la farine, tout ce que je fais dans ma maison\u00a0\u00bb*, confiait-elle quelques mois avant sa disparition.<\/p>\n<p><strong>Des menaces avant la disparition<\/strong><\/p>\n<p>Malgr\u00e9 les pressions constantes qu\u2019elle subissait de la part de l\u2019entrepreneur forestier Juan Carlos Morstadt Anwandter, Julia refusait de quitter ses terres ancestrales. Peu de temps avant sa disparition, elle confiait \u00e0 sa famille, pr\u00e9monitoire\u00a0: **\u00ab\u00a0S\u2019il m\u2019arrive quelque chose, vous savez d\u00e9j\u00e0 qui c\u2019est\u00a0\u00bb**, en faisant allusion \u00e0 J.C. Morstadt.<\/p>\n<p><strong>Le 8 novembre 2024\u00a0: une disparition inexpliqu\u00e9e<\/strong><\/p>\n<p>Ce jour-l\u00e0, Julia est partie avec trois de ses chiens pour surveiller ses animaux dans les collines voisines. Seuls deux chiens sont revenus. Julia et son jeune chien Cholito, qui ne la quittait jamais, n\u2019ont jamais \u00e9t\u00e9 retrouv\u00e9s. Aucune trace d\u2019elle n\u2019a \u00e9t\u00e9 d\u00e9couverte depuis.<\/p>\n<p>Ses enfants, soutenus par la Fondation Escaz\u00fa, ont port\u00e9 plainte pour enl\u00e8vement, \u00e9voquant la possibilit\u00e9 d\u2019un f\u00e9minicide politique.<\/p>\n<p><strong>Une enqu\u00eate d\u00e9faillante et opaque<\/strong><\/p>\n<p>L\u2019enqu\u00eate a \u00e9t\u00e9 marqu\u00e9e par une succession de quatre procureurs diff\u00e9rents et souffre d\u2019un manque flagrant de continuit\u00e9 et de transparence. Les avocats de la famille d\u00e9noncent\u00a0:<\/p>\n<p>&#8211;\u00a0La fuite du dossier confidentiel vers les m\u00e9dias<br \/>\n<br \/>&#8211;\u00a0L\u2019absence de moyens techniques ad\u00e9quats (g\u00e9oradar, drones)<br \/>\n<br \/>&#8211;\u00a0Des perquisitions r\u00e9p\u00e9t\u00e9es et violentes visant la famille de Julia, transformant les victimes en suspects.<\/p>\n<p><strong>Un t\u00e9moignage accablant<\/strong><\/p>\n<p>Dans un enregistrement issu d\u2019une conversation t\u00e9l\u00e9phonique expos\u00e9 aupr\u00e8s d\u2019organismes de d\u00e9fense des droits humains, J.C. Morstadt confie \u00e0 son p\u00e8re\u00a0: \u00ab\u00a0Julia Chu\u00f1il, ils l\u2019ont br\u00fbl\u00e9e\u00a0\u00bb<\/p>\n<p>Cette r\u00e9v\u00e9lation insoutenable doit acc\u00e9l\u00e9rer le processus d\u2019enqu\u00eate afin que justice soit faite.<\/p>\n<p><strong>Une campagne m\u00e9diatique de d\u00e9nigrement<\/strong><\/p>\n<p>Le 12 octobre 2025, un reportage diffus\u00e9 sur Canal 13, cha\u00eene de t\u00e9l\u00e9vision nationale chilienne, a remis en question l\u2019engagement de Julia Chu\u00f1il au sein du mouvement mapuche et \u00e9cologiste. Les journalistes ont insist\u00e9 sur une pr\u00e9tendue culpabilit\u00e9 de ses enfants dans sa disparition, sans aucune preuve concr\u00e8te.<\/p>\n<p>Silencieux durant plus de 11 mois, les m\u00e9dias dominants sortent de leur r\u00e9serve pour prot\u00e9ger l\u2019industrie foresti\u00e8re, niant une fois de plus la subjectivit\u00e9 politique de Julia Chu\u00f1il et, par extension, celle des femmes autochtones.<\/p>\n<p><strong>Un gouvernement aux promesses non tenues<\/strong><\/p>\n<p>Cette disparition rev\u00eat une port\u00e9e symbolique d\u2019autant plus forte qu\u2019elle survient sous un gouvernement qui s\u2019\u00e9tait engag\u00e9 \u00e0 r\u00e9soudre la dette historique de l\u2019\u00c9tat chilien envers la nation Mapuche.<\/p>\n<p>Si le pr\u00e9sident Gabriel Boric a publiquement exprim\u00e9 sa pr\u00e9occupation pour la disparition de Julia Chu\u00f1il et promis de poursuivre les recherches, sa d\u00e9claration n\u2019a \u00e9t\u00e9 suivie d\u2019aucune avanc\u00e9e concr\u00e8te.<\/p>\n<p><strong>D\u2019autres d\u00e9fenseuses menac\u00e9es<\/strong><\/p>\n<p>Aujourd\u2019hui, d\u2019autres d\u00e9fenseuses territoriales continuent leur lutte malgr\u00e9 les menaces. C\u2019est le cas de la machi (chaman) Millaray Huichalaf, engag\u00e9e depuis quinze ans pour la d\u00e9fense du fleuve Pilmaik\u00e9n (Los R\u00edos) contre l\u2019entreprise norv\u00e9gienne Statkraft et sa centrale hydro\u00e9lectrique.<\/p>\n<p>En ao\u00fbt 2025, l\u2019entreprise a ouvert les vannes du barrage sans pr\u00e9venir, alors que la machi et sa communaut\u00e9 c\u00e9l\u00e9braient une c\u00e9r\u00e9monie sur le fleuve. La crue provoqu\u00e9e a emport\u00e9 une jeune fille et un homme qui tentait de la sauver. Depuis, Millaray Huichalaf fait face \u00e0 des intimidations polici\u00e8res et \u00e0 une criminalisation de sa lutte.<\/p>\n<\/div>\n<p><br \/>\n<br \/><a href=\"https:\/\/www.legrandsoir.info\/chili-ou-est-julia-chunil-40879.html\" target=\"_blank\"\">Source link <\/a><\/p>\n","protected":false},"excerpt":{"rendered":"<p>CHILI\u00a0: Un an apr\u00e8s sa disparition, Julia Chu\u00f1il attend toujours justice Le 8 novembre 2025 marquera un an depuis la disparition de Julia Chu\u00f1il Catricura, 72 ans, dirigeante mapuche et&hellip; <\/p>\n","protected":false},"author":1,"featured_media":18325,"comment_status":"open","ping_status":"open","sticky":false,"template":"","format":"standard","meta":{"footnotes":""},"categories":[1],"tags":[],"class_list":["post-18324","post","type-post","status-publish","format-standard","has-post-thumbnail","hentry","category-non-classe"],"_links":{"self":[{"href":"https:\/\/monde25.info\/index.php\/wp-json\/wp\/v2\/posts\/18324","targetHints":{"allow":["GET"]}}],"collection":[{"href":"https:\/\/monde25.info\/index.php\/wp-json\/wp\/v2\/posts"}],"about":[{"href":"https:\/\/monde25.info\/index.php\/wp-json\/wp\/v2\/types\/post"}],"author":[{"embeddable":true,"href":"https:\/\/monde25.info\/index.php\/wp-json\/wp\/v2\/users\/1"}],"replies":[{"embeddable":true,"href":"https:\/\/monde25.info\/index.php\/wp-json\/wp\/v2\/comments?post=18324"}],"version-history":[{"count":0,"href":"https:\/\/monde25.info\/index.php\/wp-json\/wp\/v2\/posts\/18324\/revisions"}],"wp:featuredmedia":[{"embeddable":true,"href":"https:\/\/monde25.info\/index.php\/wp-json\/wp\/v2\/media\/18325"}],"wp:attachment":[{"href":"https:\/\/monde25.info\/index.php\/wp-json\/wp\/v2\/media?parent=18324"}],"wp:term":[{"taxonomy":"category","embeddable":true,"href":"https:\/\/monde25.info\/index.php\/wp-json\/wp\/v2\/categories?post=18324"},{"taxonomy":"post_tag","embeddable":true,"href":"https:\/\/monde25.info\/index.php\/wp-json\/wp\/v2\/tags?post=18324"}],"curies":[{"name":"wp","href":"https:\/\/api.w.org\/{rel}","templated":true}]}}