{"id":18326,"date":"2025-10-26T11:27:16","date_gmt":"2025-10-26T10:27:16","guid":{"rendered":"https:\/\/monde25.info\/index.php\/2025\/10\/26\/thierry-meyssan-invite-de-nicolas-stoquer\/"},"modified":"2025-10-26T11:27:16","modified_gmt":"2025-10-26T10:27:16","slug":"thierry-meyssan-invite-de-nicolas-stoquer","status":"publish","type":"post","link":"https:\/\/monde25.info\/index.php\/2025\/10\/26\/thierry-meyssan-invite-de-nicolas-stoquer\/","title":{"rendered":"Thierry Meyssan invit\u00e9 de Nicolas Stoquer"},"content":{"rendered":"<p> <br \/>\n<\/p>\n<div id=\"article-text\">\n<div class=\"article-text-images crayon article-texte-223052 \">\n<div align=\"center\"><img loading=\"lazy\" decoding=\"async\" src=\"https:\/\/www.voltairenet.org\/local\/cache-vignettes\/L800xH500\/400_-_1_1_-474-a864b.jpg?1761462621\" class=\"spip_logo\" width=\"800\" height=\"500\" alt=\"\"\/><\/div>\n<p>Thierry Meyssan \u00e9tait l\u2019invit\u00e9 de Nicolas Stoquer sur de plateau de GPTV. Il a \u00e9t\u00e9 interrog\u00e9 sur son analyse de la politique de Donald Tump, son combat contre les straussiens \u00e9tats-uniens d\u2019abord d\u00e9sign\u00e9s comme les n\u00e9o-conservateurs, puis la clique Biden-Clinton. Apr\u00e8s avoir essuy\u00e9 deux tentative de destitutions durant son premier mandat, il a d\u00fb affronter deux tentatives d\u2019assassinat pour son second. L\u2019\u00c9tat profond US s\u2019est reform\u00e9 au sein des Nations unies et de lu Groupe de Ramstein, d\u00e9sormais d\u00e9nomm\u00e9 Groupe de contact sur la d\u00e9fense de l\u2019Ukraine. Il a fait une alliance avec les groupes, issus de la Seconde Guerre mondiale, qui classifient hommes par ethnies et les hi\u00e9rarchisent\u00a0: les \u00ab\u00a0sionistes r\u00e9visionnistes\u00a0\u00bb au pouvoir derri\u00e8re Benyamin Netanyahou en Isra\u00ebl, les nationalistes int\u00e9graux au pouvoir derri\u00e8re Volodymyr Zelenski en Ukraine, aux \u00ab\u00a0imp\u00e9rialistes britanniques\u00a0\u00bb au pouvoir derri\u00e8re Keir Starmer au Royaume-Uni et aux \u00ab\u00a0imp\u00e9rialistes japonais\u00a0\u00bb d\u00e9sormais au pouvoir derri\u00e8re Sanae Takaichi au Japon. Pour comprendre ce que nous vivons aujourd\u2019hui, nous devons r\u00e9viser ce que nous avons interpr\u00e9t\u00e9, \u00e0 tort, de la Guerre mondiale en nous basant sur les documents d\u2019\u00e9poque r\u00e9v\u00e9l\u00e9s au cours des derni\u00e8re ann\u00e9es.<\/p>\n<p><iframe loading=\"lazy\" title=\"GUERRE DES \u00c9TATS PROFONDS : LES R\u00c9V\u00c9LATIONS DE THIERRY MEYSSAN ! | GPTV\" width=\"1110\" height=\"624\" src=\"https:\/\/www.youtube.com\/embed\/a-l5JHbQzEA?feature=oembed\" frameborder=\"0\" allow=\"accelerometer; autoplay; clipboard-write; encrypted-media; gyroscope; picture-in-picture; web-share\" referrerpolicy=\"strict-origin-when-cross-origin\" allowfullscreen><\/iframe>\n<\/div>\n<aside>\n<\/aside>\n<div class=\"follow\" id=\"social\">\n<h4>Restez en contact<\/h4>\n<div class=\"follow-left\">\n<h5>Suivez-nous sur les r\u00e9seaux sociaux<\/h5>\n<p><a target=\"_blank\" href=\"https:\/\/www.facebook.com\/R%C3%A9seau-Voltaire-en-fran%C3%A7ais-106616878523973\" title=\"\" target=\"_blank\"><img decoding=\"async\" src=\"https:\/\/www.voltairenet.org\/squelettes\/images\/follow-fb.png\" alt=\"\"\/><\/a><br \/>\n<a target=\"_blank\" href=\"https:\/\/t.me\/reseauvoltaire\" title=\"\" target=\"_blank\"><img decoding=\"async\" src=\"https:\/\/www.voltairenet.org\/squelettes\/images\/follow-tg.png\" alt=\"\"\/><\/a><br \/>\n<a target=\"_blank\" href=\"https:\/\/twitter.com\/voltairenetFr\" title=\"\" target=\"_blank\"><img decoding=\"async\" src=\"https:\/\/www.voltairenet.org\/squelettes\/images\/follow-tw.png\" alt=\"\"\/><\/a>\n<\/div>\n<p><h5>Subscribe to weekly newsletter<\/h5>\n<\/p>\n<\/div>\n<p><!--\n\n<div><\/div>\n\n--><\/p>\n<\/div>\n<p><script async src=\"\/\/platform.twitter.com\/widgets.js\" charset=\"utf-8\"><\/script><br \/>\n<br \/><br \/>\n<br \/><a href=\"https:\/\/www.voltairenet.org\/article223052.html\" target=\"_blank\"\">Source link <\/a><\/p>\n","protected":false},"excerpt":{"rendered":"<p>Thierry Meyssan \u00e9tait l\u2019invit\u00e9 de Nicolas Stoquer sur de plateau de GPTV. Il a \u00e9t\u00e9 interrog\u00e9 sur son analyse de la politique de Donald Tump, son combat contre les straussiens&hellip; <\/p>\n","protected":false},"author":1,"featured_media":18327,"comment_status":"open","ping_status":"open","sticky":false,"template":"","format":"standard","meta":{"footnotes":""},"categories":[1],"tags":[],"class_list":["post-18326","post","type-post","status-publish","format-standard","has-post-thumbnail","hentry","category-non-classe"],"_links":{"self":[{"href":"https:\/\/monde25.info\/index.php\/wp-json\/wp\/v2\/posts\/18326","targetHints":{"allow":["GET"]}}],"collection":[{"href":"https:\/\/monde25.info\/index.php\/wp-json\/wp\/v2\/posts"}],"about":[{"href":"https:\/\/monde25.info\/index.php\/wp-json\/wp\/v2\/types\/post"}],"author":[{"embeddable":true,"href":"https:\/\/monde25.info\/index.php\/wp-json\/wp\/v2\/users\/1"}],"replies":[{"embeddable":true,"href":"https:\/\/monde25.info\/index.php\/wp-json\/wp\/v2\/comments?post=18326"}],"version-history":[{"count":0,"href":"https:\/\/monde25.info\/index.php\/wp-json\/wp\/v2\/posts\/18326\/revisions"}],"wp:featuredmedia":[{"embeddable":true,"href":"https:\/\/monde25.info\/index.php\/wp-json\/wp\/v2\/media\/18327"}],"wp:attachment":[{"href":"https:\/\/monde25.info\/index.php\/wp-json\/wp\/v2\/media?parent=18326"}],"wp:term":[{"taxonomy":"category","embeddable":true,"href":"https:\/\/monde25.info\/index.php\/wp-json\/wp\/v2\/categories?post=18326"},{"taxonomy":"post_tag","embeddable":true,"href":"https:\/\/monde25.info\/index.php\/wp-json\/wp\/v2\/tags?post=18326"}],"curies":[{"name":"wp","href":"https:\/\/api.w.org\/{rel}","templated":true}]}}