{"id":1838,"date":"2024-12-09T16:33:05","date_gmt":"2024-12-09T15:33:05","guid":{"rendered":"https:\/\/monde25.info\/index.php\/2024\/12\/09\/une-inauguration-sous-le-site-de-la-profanation\/"},"modified":"2024-12-09T16:33:05","modified_gmt":"2024-12-09T15:33:05","slug":"une-inauguration-sous-le-site-de-la-profanation","status":"publish","type":"post","link":"https:\/\/monde25.info\/index.php\/2024\/12\/09\/une-inauguration-sous-le-site-de-la-profanation\/","title":{"rendered":"Une inauguration sous le site de la profanation"},"content":{"rendered":"<p> <br \/>\n<\/p>\n<div>\n<p>Notre Dame, un des symboles majeurs de notre appartenance \u00e0 la chr\u00e9tient\u00e9, a \u00e9t\u00e9 souill\u00e9e par les \u00ab\u00a0marchands du Temple\u00a0\u00bb. Le fossoyeur de notre pays a r\u00e9ussi malgr\u00e9 le ti\u00e8de refus du clerg\u00e9, \u00e0 \u00eatre le centre de l\u2019attention durant son la\u00efus \u00e0 l\u2019INTERIEUR de l\u2019\u00e9difice \u00e0 cause de la pluie. Pas de chants liturgiques, ni de musiques sacr\u00e9es, l\u2019 orgue hurlant un vacarme infernal sans harmonie, un duo d\u2019instruments \u00e0 cordes avec un morceau dissonant et tout aussi dis-harmonieux. Je passe sur la d\u00e9co qui n\u2019a rien de catholique, le baptist\u00e8re noir m\u2019a choqu\u00e9e, il m\u2019a fait penser \u00e0 un bidet d\u00e9mesur\u00e9. Pour clore cet outrage \u00e0 la Vierge Marie, l\u2019hymne national la \u00ab\u00a0Marseillaise\u00a0\u00bb avec ses paroles de vengeances et de sang. Appelle -t-on \u00ab\u00a0aux armes\u00a0\u00bb dans un lieux de Paix et de recueillement ? Combien de catholiques ont \u00e9t\u00e9 humili\u00e9s par cette mascarade sacril\u00e8ge ? Il y en a beaucoup, beaucoup\u2026. Et\u2026  combien vont nous co\u00fbter ces \u00ab\u00a0festivit\u00e9s\u00a0\u00bb somptuaires, en plus dans une France ruin\u00e9e ? <\/p>\n<p>Source : <a target=\"_blank\" href=\"https:\/\/jevousauraisprevenu.blogspot.com\/2024\/12\/une-inauguration-sous-le-signe-de-la.html\" data-type=\"link\" data-id=\"https:\/\/jevousauraisprevenu.blogspot.com\/2024\/12\/une-inauguration-sous-le-signe-de-la.html\">Le Blog de l\u2019\u00e9veill\u00e9<\/a><\/p>\n<div class=\"wp-block-image\">\n<figure class=\"alignleft size-large is-resized\"><img fetchpriority=\"high\" decoding=\"async\" width=\"330\" height=\"330\" src=\"https:\/\/lesmoutonsenrages.fr\/wp-content\/uploads\/2024\/12\/image-32-330x330.png\" alt=\"\" class=\"wp-image-164343\" style=\"width:298px;height:auto\" srcset=\"https:\/\/lesmoutonsenrages.fr\/wp-content\/uploads\/2024\/12\/image-32-330x330.png 330w, https:\/\/lesmoutonsenrages.fr\/wp-content\/uploads\/2024\/12\/image-32-250x250.png 250w, https:\/\/lesmoutonsenrages.fr\/wp-content\/uploads\/2024\/12\/image-32-150x150.png 150w, https:\/\/lesmoutonsenrages.fr\/wp-content\/uploads\/2024\/12\/image-32.png 640w\" sizes=\"(max-width: 330px) 100vw, 330px\"\/><\/figure>\n<\/div>\n<p>Ce 8 d\u00e9cembre 2024 marquait la r\u00e9ouverture au public de la Cath\u00e9drale Notre-Dame de Paris apr\u00e8s cinq ann\u00e9es de travaux et f\u00fbt c\u00e9l\u00e9br\u00e9e par tous les croyants chr\u00e9tiens (dont de nombreux incultes) comme un \u00e9v\u00e9nement historique. Au-del\u00e0 de l\u2019apparence d\u2019une restauration triomphante, cette c\u00e9r\u00e9monie soul\u00e8ve pourtant des interrogations majeures.<\/p>\n<p>Comme tous les \u00e9l\u00e9ments ornementaux de cette cath\u00e9drale transform\u00e9e en supermarch\u00e9, le choix de cette date, qui co\u00efncide avec la f\u00eate de l\u2019Immacul\u00e9e Conception, n\u2019est \u00e9videmment pas anodin. Cette date de solennit\u00e9 catholique c\u00e9l\u00e9brant normalement la puret\u00e9 originelle de la Vierge Marie et symbolisant une \u00e9l\u00e9vation spirituelle. Pourtant, cette inauguration para\u00eet \u00eatre bien plus qu\u2019un hommage \u00e0 ce haut lieu de la foi catholique et du patrimoine national, avec un mise en sc\u00e8ne macabre et vou\u00e9e aux d\u00e9mons qui peuplent dor\u00e9navant notre pays, s\u2019apparentant plus \u00e0 viol de la Sainte Vierge qu\u2019\u00e0 sa mise en valeur.\u00a0<\/p>\n<p><span id=\"more-164342\"\/><\/p>\n<p>Cependant, ce moment d\u00e9rangeant incarne parfaitement une nouvelle tentative de pervertir les esprits des fran\u00e7ais et sa signification profonde en la d\u00e9tournant vers cet agenda globaliste et mat\u00e9rialiste soutenu par les loges ma\u00e7onniques, manipul\u00e9es par la synagogue de Satan, et dont Macron est le trublion z\u00e9l\u00e9.<\/p>\n<p>Certes, le calendrier liturgique chr\u00e9tien conf\u00e8re une importance particuli\u00e8re au 8 d\u00e9cembre, mais dans ce contexte, ce jour sacr\u00e9 est utilis\u00e9 pour servir des desseins oppos\u00e9s \u00e0 ses valeurs spirituelles s\u00e9culaires. L\u2019Immacul\u00e9e Conception, qui c\u00e9l\u00e8bre la Lumi\u00e8re divine et l\u2019\u00e9l\u00e9vation vers le Ciel, se retrouve totalement pervertie par une logique d\u2019inversion, si ch\u00e8re aux psychopathes qui nous gouvernent actuellement. Ainsi, au lieu d\u2019exalter une qu\u00eate spirituelle personnelle, l\u2019inauguration de Notre-Dame de Paris s\u2019inscrit dans un cadre grandiloquent, domin\u00e9 par des rituels collectifs t\u00e9n\u00e9breux et impos\u00e9s par cette caste qui se prend pour une \u00e9lite technocratique et globaliste.<\/p>\n<p>Dans cette logique, les valeurs profondes du christianisme \u2013 la pri\u00e8re, le myst\u00e8re et la transcendance \u2013 sont irr\u00e9m\u00e9diablement remplac\u00e9es par une vision mat\u00e9rialiste o\u00f9 l\u2019Homme est fa\u00e7onn\u00e9 et manipul\u00e9 \u00e0 outrance pour servir des objectifs de domination marxo-communiste promus par le WEF.\u00a0<\/p>\n<p>La restauration de Notre-Dame appara\u00eet donc pour ce qu\u2019elle est, \u00e0 savoir comme une \u00e9tape strat\u00e9gique dans une entreprise plus vaste de remodelage et d\u2019inversion des symboles religieux chr\u00e9tiens pour les soumettre \u00e0 une id\u00e9ologie mortif\u00e8re, d\u00e9connect\u00e9e de toute spiritualit\u00e9 authentique, dont tous les dictateurs (tous socialistes) ont us\u00e9.<\/p>\n<p>Ce n\u2019est pas seulement un lieu de culte qu\u2019on d\u00e9figure, c\u2019est toute une vision du monde qui est pervertie. Les principes chr\u00e9tiens, fond\u00e9s sur l\u2019humilit\u00e9, la charit\u00e9 et la transcendance, sont remplac\u00e9s par un culte de la vanit\u00e9 technocratique, du mat\u00e9rialisme d\u00e9shumanisant, o\u00f9 l\u2019Homme est une simple unit\u00e9 de consommation soumise \u00e0 des int\u00e9r\u00eats id\u00e9ologiques totalitaires.<\/p>\n<p>Historiquement, Notre-Dame de Paris n\u2019est pas seulement un chef-d\u2019\u0153uvre architectural. C\u2019est un point nodal de l\u2019identit\u00e9 fran\u00e7aise, un lieu o\u00f9 se rejoignent spiritualit\u00e9, histoire et nation. Symbolisant \u00e9galement une Lumi\u00e8re divine qui guide l\u2019humanit\u00e9 vers l\u2019\u00e9l\u00e9vation spirituelle.\u00a0Pourtant, cette inauguration semble marquer une inversion symbolique et une volont\u00e9 farouche de profanation.\u00a0<\/p>\n<p>Depuis le Moyen \u00c2ge, elle est un t\u00e9moignage vivant de l\u2019alliance entre le sacr\u00e9 et le pouvoir temporel, sous l\u2019impulsion de figures comme Maurice de Sully et Louis VII, ou encore Louis XIII. Pourtant, la restauration entreprise apr\u00e8s l\u2019incendie de 2019 semble avoir op\u00e9r\u00e9 une transformation qui va bien au-del\u00e0 d\u2019une simple remise en \u00e9tat en d\u00e9sacralisant ce lieu embl\u00e9matique.<\/p>\n<p>Il est clair que le nouvel am\u00e9nagement int\u00e9rieur, con\u00e7u par le designer Guillaume Bardet, incarne cette rupture totale et cette salissure abjecte \u00e0 l\u2019encontre de cet embl\u00e8me national. Le mobilier liturgique (Ma\u00e7onnique) moderniste s\u2019\u00e9loigne tellement des canons traditionnels pour adopter un style neutre, voire profane et d\u00e9connect\u00e9 de l\u2019histoire spirituelle du lieu, qu\u2019il s\u2019agit bien d\u2019un second attentat contre cette Cath\u00e9drale. Les choix inesth\u00e9tiques et criards de pseudo progressisme renforcent, d\u00e8s l\u2019entr\u00e9e dans ce lieu, l\u2019impression que Notre-Dame est d\u00e9sormais pens\u00e9e comme un mus\u00e9e ou un centre culturel, et non comme une maison de pri\u00e8re d\u00e9di\u00e9e \u00e0 la Vierge Marie.<\/p>\n<p>M\u00eame l\u2019\u00e9clairage de la Cath\u00e9drale, tout juste digne d\u2019une discoth\u00e8que ou d\u2019un casino de Las Vegas, participe \u00e0 cette transformation sinon \u00e0 cette d\u00e9figuration. L\u00e0 o\u00f9 la p\u00e9nombre et la lumi\u00e8re tamis\u00e9e des bougies favorisaient autrefois le recueillement et la m\u00e9ditation, l\u2019intensit\u00e9 des nouveaux dispositifs lumineux ne laisse plus de place \u00e0 l\u2019obscurit\u00e9 et au myst\u00e8re mais offrent une vision \u00ab\u00a0disneylandesque\u00a0\u00bb du lieu. Ce sur-\u00e9clairage tout comme la cl\u00e9 de voute \u00e9toil\u00e9e, \u00e9voquant stricto sensu les loges ma\u00e7onniques, illustre cette volont\u00e9 de saccager, de rationaliser et de d\u00e9pouiller l\u2019espace de toute dimension transcendante.<\/p>\n<p>Chaque d\u00e9tail de cette r\u00e9novation semble enfoncer un clou dans le cercueil de ce qui f\u00fbt un sanctuaire de lumi\u00e8re spirituelle. L\u2019\u00e9clairage, loin d\u2019\u00e9voquer la Lumi\u00e8re divine, projette une ombre froide, uniforme, marqu\u00e9e par l\u2019indiff\u00e9rence, comme si l\u2019on voulait effacer les traces m\u00eames du sacr\u00e9. La cl\u00e9 de vo\u00fbte \u00e9toil\u00e9e, quant \u00e0 elle, ne fait plus r\u00e9f\u00e9rence \u00e0 l\u2019\u00e2me chr\u00e9tienne, mais rappelle des symboles \u00e9sot\u00e9riques et ma\u00e7onniques, substituant le ciel \u00e9toil\u00e9 \u00e0 la Providence divine.<\/p>\n<p>Ainsi la r\u00e9ouverture de Notre-Dame s\u2019inscrit \u00e9galement dans un contexte id\u00e9ologique bien plus large, marqu\u00e9 par une tentative de marginaliser les racines chr\u00e9tiennes de l\u2019Europe au profit d\u2019une id\u00e9ologie mondialiste et technocratique qui est le socle indubitable de la franc-ma\u00e7onnerie. Toujours sous pr\u00e9texte de modernisme et de progressisme dont personne ne veut, les \u00e9lites globalistes effacent syst\u00e9matiquement les symboles d\u2019une foi mill\u00e9naire pour promouvoir une pseudo-religion universelle d\u00e9nu\u00e9e de transcendance divine. Celle qu\u2019ils nomment \u00ab\u00a0la\u00efcit\u00e9\u00a0\u00bb mais dont ils oublient l\u00e0 aussi jusqu\u2019\u00e0 ces fondements. Un peu comme lorsque Tsahal ose parler de la Torah, sans jamais suivre les Dix Commandements !<\/p>\n<p>Or, ce processus ne se limite malheureusement pas \u00e0 Notre-Dame. Il s\u2019inscrit dans une tendance g\u00e9n\u00e9rale \u00e0 transformer tous les lieux de culte chr\u00e9tiens qui ont fait la grandeur et la renomm\u00e9e de notre pays en espaces vid\u00e9s de leurs substances mystiques, o\u00f9 la spiritualit\u00e9 est \u00e9cras\u00e9e par une c\u00e9l\u00e9bration de mauvais go\u00fbt, vulgaire et d\u00e9cadente de ce fameux progr\u00e8s qui m\u00e8ne \u00e0 l\u2019ab\u00eeme de la civilisation.<\/p>\n<p>Les travaux de restauration et d\u2019am\u00e9nagement de Notre-Dame refl\u00e8tent encore cette dynamique o\u00f9 le beau, le bon et le vrai sont annihil\u00e9s par la laideur, la grandiloquence et l\u2019inversion des valeurs o\u00f9 le mensonge r\u00e8gne en ma\u00eetre. Ainsi, la Cath\u00e9drale, autrefois un haut lieu de pri\u00e8re et de d\u00e9votion, est devenu un outil vulgaris\u00e9 de ce \u00ab\u00a0soft power\u00a0\u00bb au service d\u2019un agenda mondialiste dictatorial.<\/p>\n<p>Cette d\u00e9sacralisation est d\u2019autant plus pernicieuse qu\u2019elle se pr\u00e9sente sous des apparences trompeusement festives pour les chr\u00e9tiens qui croyaient retrouver leur lieu de culte restaur\u00e9 \u00e0 l\u2019identique. Et en faisant co\u00efncider la r\u00e9ouverture avec la f\u00eate de l\u2019Immacul\u00e9e Conception, les promoteurs Lucif\u00e9riens de ce projet qui pr\u00e9tendaient honorer la foi catholique et l\u2019h\u00e9ritage national, ont r\u00e9ussi \u00e0 massacrer une seconde fois la pauvre Notre-Dame qui prot\u00e9geait la France depuis des si\u00e8cles. En r\u00e9alit\u00e9, ils ont parfaitement invers\u00e9 toutes ces valeurs en violant la Sainte Vierge, apr\u00e8s avoir tent\u00e9 de tuer par le feu une fois encore son Fils, qu\u2019ils ha\u00efssent au plus profond de leur \u00eatre.<\/p>\n<p>Les catholiques eux-m\u00eames, devenus si incultes et moutonniers, risquent de ne pas saisir toute l\u2019ampleur de cette manipulation m\u00e9phitique. Habitu\u00e9s \u00e0 des d\u00e9cennies de s\u00e9cularisation, ils vont simplement se r\u00e9jouir de la r\u00e9ouverture de la Cath\u00e9drale sans voir, ni m\u00eame comprendre qu\u2019elle marque une \u00e9tape d\u00e9cisive dans la profanation progressive de leur patrimoine spirituel.<\/p>\n<p>L\u2019inauguration politique de Notre-Dame, le 7 d\u00e9cembre 2024, a \u00e9t\u00e9 orchestr\u00e9e avec une mise en sc\u00e8ne savamment \u00e9tudi\u00e9e, et s\u2019inscrit dans une logique affich\u00e9e de d\u00e9figuration volontaire du christianisme, port\u00e9e par Macron et ses alli\u00e9s de la loge de l\u2019Ordre de l\u2019\u00c9toile Orientale. Signant leurs forfaits avec l\u2019affichage des couleurs ostentatoires de cette loge, pr\u00e9sentes sur les chasubles des officiants dessin\u00e9es par Jean-Charles de Castelbajac. Et ayant marqu\u00e9 leur passage avec une vulgarit\u00e9 cynique, comparable \u00e0 celle d\u2019un chien marquant son territoire en pissant sur les piliers r\u00e9nov\u00e9s.<\/p>\n<p>Les \u00e9l\u00e9ments anti-chr\u00e9tiens n\u2019\u00e9taient pas en filigrane mais bien expos\u00e9s \u00e0 la vue de tous. Tels que les Archanges peints de noir, le tableau kabbaliste autour de la Couronne d\u2019\u00e9pines enferm\u00e9e dans des formes g\u00e9om\u00e9triques, les Croix protestantes d\u00e9pourvues du Christ, le Baptist\u00e8re aussi saccag\u00e9 que l\u2019Autel devenu celui de sacrifice de la Chr\u00e9tient\u00e9\u2026 Tout cela constituait une insulte, comme un claque en pleine figure \u00e0 la tradition catholique. \u00c0 cela s\u2019ajoutait une musique d\u2019orgue d\u2019une tonalit\u00e9 infernale, jou\u00e9e par un organiste qui semblait plus invoquer les t\u00e9n\u00e8bres que c\u00e9l\u00e9brer la Lumi\u00e8re divine.\u00a0<\/p>\n<p>Enfin, la pr\u00e9sence de figures politiques telles que le truand Sarkozy et son \u00e9pouse \u00e9changeable, Fran\u00e7ois Hollande et sa Gayet, (tous divorc\u00e9s) ou encore une Sandrine Rousseau \u2013 ouvertement anticl\u00e9ricale \u2013 et tout un parterre de raclures ha\u00efssant J\u00e9sus-Christ en particulier et Dieu en g\u00e9n\u00e9ral.\u00a0<\/p>\n<p>Sans oublier d\u2019autres ignobles, tels qu\u2019un Zelensky, ayant ferm\u00e9 les \u00e9glises dans son pays mais venant qu\u00e9mander, non pas sur le parvis comme les clochards de son esp\u00e8ce le font, mais directement \u00e0 l\u2019int\u00e9rieur, ont donn\u00e9 \u00e0 cette inauguration un caract\u00e8re de parodie macabre o\u00f9 aucune marque de vulgarit\u00e9 n\u2019a \u00e9t\u00e9 omise. Un \u00e9v\u00e9nement tragique, mais accept\u00e9 sinon pl\u00e9biscit\u00e9 par une caste politique et culturelle en qu\u00eate de \u00ab\u00a0d\u00e9sencombrement\u00a0\u00bb spirituel et identitaire.<\/p>\n<p>Macron et ses alli\u00e9s, tout comme leurs pr\u00e9d\u00e9cesseurs, ont non seulement permis cette profanation, mais l\u2019ont activement orchestr\u00e9e, dans un alignement parfait avec les objectifs de destruction des racines chr\u00e9tiennes de notre pays. Leur pr\u00e9sence, celle de ces individus qui ont depuis longtemps reni\u00e9 leur h\u00e9ritage spirituel, est une insulte ouverte aux g\u00e9n\u00e9rations qui ont sacrifi\u00e9 leur sang pour d\u00e9fendre cette foi.<\/p>\n<p>Les discours officiels, les choix esth\u00e9tiques et l\u2019organisation de l\u2019inauguration t\u00e9moignent d\u2019une volont\u00e9 de r\u00e9interpr\u00e9ter Notre-Dame comme un espace d\u00e9pouill\u00e9 de sa transcendance Divine. Loin d\u2019\u00eatre un hommage \u00e0 l\u2019h\u00e9ritage chr\u00e9tien de la France, cet \u00e9v\u00e9nement s\u2019est transform\u00e9 en une v\u00e9ritable profanation film\u00e9e en mondovision. A l\u2019instar de la c\u00e9r\u00e9monie d\u2019ouverture des J.O.2024 \u00e0 Paris, cette inauguration montre \u00e0 quel point la capitale fran\u00e7aise, envahie par un mat\u00e9rialisme sans \u00e2me, est devenue un symbole de la d\u00e9ch\u00e9ance spirituelle et de la domination d\u00e9moniaque des mondialistes.<\/p>\n<p>Ce \u00ab\u00a0progressisme\u00a0\u00bb n\u2019est rien d\u2019autre qu\u2019une tentative syst\u00e9matique de diluer l\u2019identit\u00e9 spirituelle et historique de notre nation. De la destruction des \u00e9glises \u00e0 la r\u00e9vision de l\u2019histoire, tout est fait pour effacer les racines chr\u00e9tiennes de l\u2019Europe. Ce processus ne se limite pas \u00e0 Notre-Dame, mais s\u2019\u00e9tend \u00e0 toute une civilisation qu\u2019ils cherchent \u00e0 d\u00e9construire pour instaurer un monde sans transcendance, sans rep\u00e8res, o\u00f9 l\u2019Homme n\u2019est plus qu\u2019un pion dans un jeu global.<\/p>\n<p>Notre-Dame de Paris avait toujours \u00e9t\u00e9 plus qu\u2019un simple \u00e9difice religieux. Elle est un point z\u00e9ro, un centre de gravit\u00e9 et de ralliement symbolique pour la nation fran\u00e7aise. Depuis le Moyen \u00c2ge, elle incarne l<em>\u2019Opus Francigenum<\/em>, cet \u00ab\u00a0art de France\u00a0\u00bb qui m\u00eale foi, royaut\u00e9 et peuple. Sa restauration aurait pu \u00eatre l\u2019occasion de renouer avec cette continuit\u00e9 historique. Au lieu de cela, elle semble participer \u00e0 un programme de fragmentation culturelle et de d\u00e9racinement spirituel o\u00f9 le petit poudr\u00e9, heureux de refaire la vedette (mais \u00e9clips\u00e9e par Trump !), s\u2019est encore une fois permis l\u2019innommable en faisant ces 2 discours \u00e0 l\u2019int\u00e9rieur malgr\u00e9 des injonctions l\u00e9gales. Se prenant cette fois pour un monarque et se croyant toujours chef d\u2019\u00e9tat !<\/p>\n<p>Le choix vestimentaire des officiants, celui du mobilier, la mise en lumi\u00e8re, et la tonalit\u00e9 de cette r\u00e9ouverture t\u00e9moignent d\u2019une volont\u00e9 d\u2019imposer une nouvelle interpr\u00e9tation totalement d\u00e9voy\u00e9e du christianisme et de ce monument d\u00e9sormais moins attirant qu\u2019une caf\u00e9t\u00e9ria d\u2019autoroute. Ce n\u2019est plus la Cath\u00e9drale de la Vierge Marie, Fille a\u00een\u00e9e de l\u2019\u00c9glise. C\u2019est un espace vide, sans \u00e2me ni \u00e9nergie c\u00e9leste et soumis aux exigences d\u2019une modernit\u00e9 d\u00e9shumanisante, sinon ali\u00e9nante. Dans ce contexte, on peut parler d\u2019un acte lucif\u00e9rien au sens propre, o\u00f9 la \u00ab\u00a0Lumi\u00e8re\u00a0\u00bb devient un outil de domination intellectuelle et spirituelle, plut\u00f4t qu\u2019un chemin vers Dieu. Ce n\u2019est plus la Lumi\u00e8re divine de l\u2019Immacul\u00e9e Conception, mais une lumi\u00e8re profane qui enferme l\u2019Homme dans une logique de contr\u00f4le technocratique.<\/p>\n<p>Depuis, non seulement Notre-Dame se transforme en un symbole d\u2019oppression, mais nous franchissons un seuil dans la guerre spirituelle qui se joue contre notre civilisation. Ce n\u2019est plus une question de restauration d\u2019un b\u00e2timent, mais celle de la survie de notre \u00e2me collective. Si nous laissons ces profanateurs poursuivre leur entreprise, nous abandonnons tout ce qui fait encore l\u2019essence de la France avec la foi, la culture et la dignit\u00e9 humaine. Ce jour marquera donc \u00e0 jamais la date officielle du saccage de Notre-Dame de Paris et pourrait bien marquer un tournant abyssal dans l\u2019histoire de ce monument qui avait r\u00e9sist\u00e9 aux plus grandes guerres et invasions jusque-l\u00e0.\u00a0<\/p>\n<p>L\u2019incendie de Notre-Dame en 2019 et sa r\u00e9ouverture en 2024 ne sont pas des \u00e9v\u00e9nements isol\u00e9s. Ils s\u2019inscrivent dans une guerre spirituelle globale, o\u00f9 les fondements religieux et culturels de nos soci\u00e9t\u00e9s sont m\u00e9thodiquement \u00e9rod\u00e9s. La rapidit\u00e9 avec laquelle certains ont \u00e9vacu\u00e9 l\u2019hypoth\u00e8se criminelle \u2013 alors m\u00eame que l\u2019ampleur et la nature du feu \u00e9voquaient l\u2019usage possible d\u2019acc\u00e9l\u00e9rateurs \u2013 interpelle. Face \u00e0 ce second attentat organis\u00e9 par le gouvernement Macron, le premier \u00e9tant d\u00e9sormais cach\u00e9 sous le sceau du \u00ab\u00a0secret d\u00e9fense\u00a0\u00bb, il est essentiel de s\u2019interroger sur ce que peut repr\u00e9senter v\u00e9ritablement Notre-Dame aujourd\u2019hui.\u00a0<\/p>\n<p>La r\u00e9ouverture de Notre-Dame n\u2019a pas \u00e9t\u00e9 un hommage, mais un v\u00e9ritable acte de domination. Par ses gestes ma\u00e7onniques, Macron a envoy\u00e9 un message clair : la cath\u00e9drale appartient d\u00e9sormais \u00e0 un nouveau symbole, d\u00e9connect\u00e9 de sa dimension chr\u00e9tienne. Cet acte n\u2019a pas seulement profan\u00e9 le lieu sacr\u00e9, il a aussi mis en lumi\u00e8re la soumission de l\u2019\u00c9glise de France aux pouvoirs politiques. En autorisant ce discours, l\u2019archev\u00each\u00e9 a renonc\u00e9 \u00e0 sa mission spirituelle, c\u00e9dant \u00e0 un agenda id\u00e9ologique qui cherche \u00e0 effacer l\u2019essence chr\u00e9tienne du monument. Notre-Dame n\u2019est plus un sanctuaire pour Dieu, mais un temple au service des marchands chass\u00e9s par le Christ.<\/p>\n<p>Est-elle encore un lieu de pri\u00e8re et de recueillement ? Ou est-elle devenue un outil au service d\u2019un agenda id\u00e9ologique qui cherche \u00e0 remodeler les valeurs et les croyances au c\u0153ur de nos soci\u00e9t\u00e9s ?\u00a0Cet \u00e9v\u00e9nement invite \u00e0 une r\u00e9flexion plus large qui est de savoir comment pr\u00e9server l\u2019\u00e2me d\u2019une nation dans un contexte o\u00f9 ses symboles sont d\u00e9tourn\u00e9s et d\u00e9natur\u00e9s ?\u00a0Le myst\u00e8re et le sacr\u00e9, qui faisaient de Notre-Dame un sanctuaire vivant, ont disparu, remplac\u00e9s par un vide aussi aseptis\u00e9 que l\u2019esprit ma\u00e7onnique et aussi clinquant que leur hybris leur permet.\u00a0<\/p>\n<p>Loin d\u2019\u00eatre une c\u00e9l\u00e9bration de la r\u00e9silience ou de l\u2019h\u00e9ritage, cette r\u00e9ouverture scelle la transformation de la Cath\u00e9drale en un symbole d\u2019une modernit\u00e9 d\u00e9cadente et mondialis\u00e9e qui nie ses racines spirituelles. \u00c0 l\u2019image de Notre-Dame, la France est confront\u00e9e \u00e0 un choix d\u00e9cisif : renouer avec ses racines ou s\u2019abandonner \u00e0 une modernit\u00e9 qui la prive de son essence.<\/p>\n<p>Si cette r\u00e9ouverture de Notre-Dame n\u2019est pas une prise de conscience collective, alors il sera trop tard. Car lorsque l\u2019on voit ce qui se passe aujourd\u2019hui, il est clair que la prochaine \u00e9tape sera de r\u00e9duire les derniers bastions de la foi chr\u00e9tienne \u00e0 des ruines. \u00c0 ceux qui veulent encore croire en une France chr\u00e9tienne, il est temps de se lever et de d\u00e9fendre notre h\u00e9ritage, avant que tout ne disparaisse sous l\u2019ombre de la domination des t\u00e9n\u00e8bres.\u00a0<\/p>\n<p>La France, Fille a\u00een\u00e9e de l\u2019\u00c9glise, semble avoir abandonn\u00e9 son h\u00e9ritage pour embrasser une vision post-nationale et post-spirituelle. Ainsi, une belle page de France se tourne, mais la prochaine ne sera pas forc\u00e9ment celle que l\u2019on croit\u2026<\/p>\n<p>Phil BROQ.<\/p>\n<p>Tous les articles, la tribune libre et commentaires sont sous la responsabilit\u00e9 de leurs auteurs. Les Moutons Enrag\u00e9s ne sauraient \u00eatre tenus responsables de leur contenu ou orientation.<\/p>\n<\/p><\/div>\n<p><br \/>\n<br \/><a href=\"https:\/\/lesmoutonsenrages.fr\/2024\/12\/09\/une-inauguration-sous-le-site-de-la-profanation-par-phil-broq\/\" target=\"_blank\"\">Source link <\/a><\/p>\n","protected":false},"excerpt":{"rendered":"<p>Notre Dame, un des symboles majeurs de notre appartenance \u00e0 la chr\u00e9tient\u00e9, a \u00e9t\u00e9 souill\u00e9e par les \u00ab\u00a0marchands du Temple\u00a0\u00bb. Le fossoyeur de notre pays a r\u00e9ussi malgr\u00e9 le ti\u00e8de&hellip; <\/p>\n","protected":false},"author":1,"featured_media":1839,"comment_status":"open","ping_status":"open","sticky":false,"template":"","format":"standard","meta":{"footnotes":""},"categories":[1],"tags":[],"class_list":["post-1838","post","type-post","status-publish","format-standard","has-post-thumbnail","hentry","category-non-classe"],"_links":{"self":[{"href":"https:\/\/monde25.info\/index.php\/wp-json\/wp\/v2\/posts\/1838","targetHints":{"allow":["GET"]}}],"collection":[{"href":"https:\/\/monde25.info\/index.php\/wp-json\/wp\/v2\/posts"}],"about":[{"href":"https:\/\/monde25.info\/index.php\/wp-json\/wp\/v2\/types\/post"}],"author":[{"embeddable":true,"href":"https:\/\/monde25.info\/index.php\/wp-json\/wp\/v2\/users\/1"}],"replies":[{"embeddable":true,"href":"https:\/\/monde25.info\/index.php\/wp-json\/wp\/v2\/comments?post=1838"}],"version-history":[{"count":0,"href":"https:\/\/monde25.info\/index.php\/wp-json\/wp\/v2\/posts\/1838\/revisions"}],"wp:featuredmedia":[{"embeddable":true,"href":"https:\/\/monde25.info\/index.php\/wp-json\/wp\/v2\/media\/1839"}],"wp:attachment":[{"href":"https:\/\/monde25.info\/index.php\/wp-json\/wp\/v2\/media?parent=1838"}],"wp:term":[{"taxonomy":"category","embeddable":true,"href":"https:\/\/monde25.info\/index.php\/wp-json\/wp\/v2\/categories?post=1838"},{"taxonomy":"post_tag","embeddable":true,"href":"https:\/\/monde25.info\/index.php\/wp-json\/wp\/v2\/tags?post=1838"}],"curies":[{"name":"wp","href":"https:\/\/api.w.org\/{rel}","templated":true}]}}