{"id":1862,"date":"2024-12-10T01:29:39","date_gmt":"2024-12-10T00:29:39","guid":{"rendered":"https:\/\/monde25.info\/index.php\/2024\/12\/10\/impunites-patronales-par-alexia-eychenne-le-monde-diplomatique-decembre-2024\/"},"modified":"2024-12-10T01:29:39","modified_gmt":"2024-12-10T00:29:39","slug":"impunites-patronales-par-alexia-eychenne-le-monde-diplomatique-decembre-2024","status":"publish","type":"post","link":"https:\/\/monde25.info\/index.php\/2024\/12\/10\/impunites-patronales-par-alexia-eychenne-le-monde-diplomatique-decembre-2024\/","title":{"rendered":"Impunit\u00e9s patronales, par Alexia Eychenne (Le Monde diplomatique, d\u00e9cembre 2024)"},"content":{"rendered":"<p> <br \/>\n<\/p>\n<div couleurfade=\"e5ebee\" couleurclaire=\"dfe7eb\" couleurpale=\"b0d3e7\" couleurmi=\"4f6c7c\" couleurfoncee=\"1c597c\" couleursombre=\"131b1f\" couleurfond=\"4c585e\" couleurtexte=\"ffffff\">\n<div class=\"enapercu\">\n<figure class=\"spip_document_33813 spip_documents spip_documents_center justecol\" style=\"width:650px;\">\n<div class=\"limage\">\n<p>\t\t\t<img loading=\"lazy\" decoding=\"async\" src=\"https:\/\/www.monde-diplomatique.fr\/\/local\/cache-vignettes\/L650xH972\/img018-50-05ba2.jpg?1732807336\" width=\"650\" height=\"972\" class=\"spip_logos\" alt=\"JPEG - 167.1\u00a0ko\"\/><\/p><\/div><figcaption>\n<p>Juraj Florek. \u2013 \u00ab<small class=\"fine\">\u00a0<\/small>Bruxelles &#8211; Centre-ville II<small class=\"fine\">\u00a0<\/small>\u00bb, 2024<\/p>\n<\/figcaption><\/figure>\n<p><span class=\"mot-lettrine\"><span class=\"lettrine\">E<\/span>n<\/span> 2017, Adrien Alcodori est d\u00e9c\u00e9d\u00e9 d\u2019une chute sur un chantier dans l\u2019H\u00e9rault. Aucun garde-corps n\u2019\u00e9quipait l\u2019\u00e9chafaudage o\u00f9 \u0153uvrait le jeune couvreur. Les gendarmes ont d\u2019abord refus\u00e9 d\u2019enregistrer la plainte d\u00e9pos\u00e9e par sa m\u00e8re, Mme\u00a0Christel Ricard. <i>\u00ab<small class=\"fine\">\u00a0<\/small>Ils m\u2019ont dit que mon fils \u00e9tait en tort. Heureusement que l\u2019inspectrice du travail avait point\u00e9 des manquements \u00e0 la s\u00e9curit\u00e9.<small class=\"fine\">\u00a0<\/small>\u00bb<\/i> Les patrons, g\u00e9rants d\u2019une entreprise familiale, ont fini par \u00e9coper de 60 000\u00a0euros d\u2019amende. <i>\u00ab<small class=\"fine\">\u00a0<\/small>Peut-\u00eatre que s\u2019ils \u00e9taient un peu plus punis, ils feraient davantage attention \u00e0 la vie humaine<small class=\"fine\">\u00a0<\/small>\u00bb,<\/i> lance Mme\u00a0Ricard.<\/p>\n<p>M.\u00a0Francis D., lui, attend depuis sept ans des nouvelles de l\u2019enqu\u00eate ouverte apr\u00e8s le d\u00e9c\u00e8s de son fr\u00e8re S\u00e9bastien, un agent territorial percut\u00e9 pendant le service par un chariot au frein d\u00e9fectueux. Quant \u00e0 Mme\u00a0Johanna Bento Daire, dont l\u2019\u00e9poux a p\u00e9ri en 2020 dans le s\u00e8che-linge d\u2019une blanchisserie, elle reprend espoir\u00a0: alors que, selon la police, l\u2019accident ne tenait pas \u00e0 une d\u00e9faillance de la machine, le rapport de l\u2019inspection du travail, rendu deux ans plus tard, a pouss\u00e9 le parquet \u00e0 rouvrir la proc\u00e9dure. <i>\u00ab<small class=\"fine\">\u00a0<\/small>Mon mari n\u2019est pas coupable de sa mort. Je veux un jugement qui le reconnaisse et une peine de prison pour les fautifs.<small class=\"fine\">\u00a0<\/small>\u00bb<\/i><\/p>\n<p>La construction, la p\u00eache ou la logistique\u00a0: dans certains secteurs, la fr\u00e9quence des drames se r\u00e9v\u00e8le particuli\u00e8rement \u00e9lev\u00e9e. Et l\u2019exposition au risque demeure cinq fois plus importante chez les ouvriers que chez les cadres. En France, au moins 700\u00a0personnes meurent chaque ann\u00e9e dans un accident du travail. La mobilisation de leurs proches et un regain d\u2019int\u00e9r\u00eat m\u00e9diatique pour ces d\u00e9c\u00e8s invisibles inspirent des campagnes de pr\u00e9vention aux pouvoirs publics. Jusque-l\u00e0, le traitement p\u00e9nal de ces affaires n\u2019a connu aucune am\u00e9lioration, comme c\u2019est le cas plus largement des infractions qui font le lit des accidents ainsi que des maladies professionnelles.<\/p>\n<h3 class=\"spip\">De nombreuses entreprises \u00e9chappent aux proc\u00e8s<\/h3>\n<p>Si l\u2019inspection du travail s\u2019alarme depuis des ann\u00e9es\u00a0(&#8230;)<\/p>\n<\/p><\/div>\n<p>Taille de l\u2019article complet\u00a0:\u00a0<span>2\u00a0007<\/span>\u00a0mots.<\/p>\n<div class=\"promo_dispo_article\">\n<h2 class=\"avantbloc\">\n\tCet article est r\u00e9serv\u00e9 aux\u00a0abonn\u00e9s<\/p>\n<\/h2>\n<div class=\"abo_inst\">\n\t<strong>Lyc\u00e9es, biblioth\u00e8ques, administrations, entreprises,<\/strong><br \/>\n\tacc\u00e9dez \u00e0 la base de donn\u00e9es en ligne de tous les articles du <i>Monde diplomatique<\/i> de 1954 \u00e0 nos\u00a0jours.<br \/>\n\t<a target=\"_blank\" id=\"pw-institutions\" class=\"suivi\" href=\"https:\/\/www.monde-diplomatique.fr\/archives\/institutions\">Retrouvez cette\u00a0offre sp\u00e9cifique<\/a>.\n<\/div>\n<\/div><\/div>\n<p><br \/>\n<br \/><a href=\"https:\/\/www.monde-diplomatique.fr\/2024\/12\/EYCHENNE\/67843\" target=\"_blank\"\">Source link <\/a><\/p>\n","protected":false},"excerpt":{"rendered":"<p>Juraj Florek. \u2013 \u00ab\u00a0Bruxelles &#8211; Centre-ville II\u00a0\u00bb, 2024 En 2017, Adrien Alcodori est d\u00e9c\u00e9d\u00e9 d\u2019une chute sur un chantier dans l\u2019H\u00e9rault. Aucun garde-corps n\u2019\u00e9quipait l\u2019\u00e9chafaudage o\u00f9 \u0153uvrait le jeune couvreur.&hellip; <\/p>\n","protected":false},"author":1,"featured_media":1863,"comment_status":"open","ping_status":"open","sticky":false,"template":"","format":"standard","meta":{"footnotes":""},"categories":[1],"tags":[],"class_list":["post-1862","post","type-post","status-publish","format-standard","has-post-thumbnail","hentry","category-non-classe"],"_links":{"self":[{"href":"https:\/\/monde25.info\/index.php\/wp-json\/wp\/v2\/posts\/1862","targetHints":{"allow":["GET"]}}],"collection":[{"href":"https:\/\/monde25.info\/index.php\/wp-json\/wp\/v2\/posts"}],"about":[{"href":"https:\/\/monde25.info\/index.php\/wp-json\/wp\/v2\/types\/post"}],"author":[{"embeddable":true,"href":"https:\/\/monde25.info\/index.php\/wp-json\/wp\/v2\/users\/1"}],"replies":[{"embeddable":true,"href":"https:\/\/monde25.info\/index.php\/wp-json\/wp\/v2\/comments?post=1862"}],"version-history":[{"count":0,"href":"https:\/\/monde25.info\/index.php\/wp-json\/wp\/v2\/posts\/1862\/revisions"}],"wp:featuredmedia":[{"embeddable":true,"href":"https:\/\/monde25.info\/index.php\/wp-json\/wp\/v2\/media\/1863"}],"wp:attachment":[{"href":"https:\/\/monde25.info\/index.php\/wp-json\/wp\/v2\/media?parent=1862"}],"wp:term":[{"taxonomy":"category","embeddable":true,"href":"https:\/\/monde25.info\/index.php\/wp-json\/wp\/v2\/categories?post=1862"},{"taxonomy":"post_tag","embeddable":true,"href":"https:\/\/monde25.info\/index.php\/wp-json\/wp\/v2\/tags?post=1862"}],"curies":[{"name":"wp","href":"https:\/\/api.w.org\/{rel}","templated":true}]}}