{"id":1868,"date":"2024-12-10T03:08:44","date_gmt":"2024-12-10T02:08:44","guid":{"rendered":"https:\/\/monde25.info\/index.php\/2024\/12\/10\/comptes-publics-insinceres-laurent-pele-met-lagence-judiciaire-de-letat-au-tribunal-pour-exiger-le-sequestre-de-limpot\/"},"modified":"2024-12-10T03:08:44","modified_gmt":"2024-12-10T02:08:44","slug":"comptes-publics-insinceres-laurent-pele-met-lagence-judiciaire-de-letat-au-tribunal-pour-exiger-le-sequestre-de-limpot","status":"publish","type":"post","link":"https:\/\/monde25.info\/index.php\/2024\/12\/10\/comptes-publics-insinceres-laurent-pele-met-lagence-judiciaire-de-letat-au-tribunal-pour-exiger-le-sequestre-de-limpot\/","title":{"rendered":"Comptes publics insinc\u00e8res : Laurent Pel\u00e9 met l\u2019Agence Judiciaire de l\u2019\u00c9tat au tribunal pour exiger le s\u00e9questre de l&rsquo;imp\u00f4t"},"content":{"rendered":"<p> <br \/>\n<\/p>\n<div>\n<p>En septembre, apr\u00e8s plusieurs semaines d\u2019enqu\u00eate, la commission des finances (men\u00e9e par les s\u00e9nateurs Huchon et Raynal) d\u00e9clarait les comptes de la France non sinc\u00e8res et le d\u00e9ficit\u00a0<a target=\"_blank\" href=\"https:\/\/www.francesoir.fr\/politique-france\/budget-selon-bercy-le-deficit-pourrait-bien-atteindre-62-du-pib-en-2024-la\">largement sup\u00e9rieur au 4 % attendus pour d\u00e9raper \u00e0 6,1\u2009% du PIB<\/a>\u00a0(produit int\u00e9rieur brut). Ce maquillage des comptes entrainait une couverture m\u00e9diatique importante. Cette situation ne laiss\u00e2t pas les fran\u00e7ais indiff\u00e9rents puisque d\u00e8s octobre 2024,\u00a0<a target=\"_blank\" href=\"https:\/\/edition.francesoir.fr\/politique-france-economie\/la-fracture-entre-les-francais-et-macron-est-consommee-confirme-un\">dans un sondage France-Soir\/BonSens.org<\/a>,\u00a0<strong>58\u2009% des Fran\u00e7ais reconnaissaient que les comptes de la nation n\u2019\u00e9taient pas sinc\u00e8res et avaient \u00e9t\u00e9 maquill\u00e9s par les gouvernements Macron<\/strong>.\u00a0 L\u2019augmentation de la dette de plus de 1100 milliards en sept ans sous la gouvernance des premiers ministres Gabriel Attal, Elisabeth Borne et du ministre de l\u2019\u00c9conomie et des Finances Bruno Le maire reste en travers de la gorge de bien de nos concitoyens. De plus, la responsabilit\u00e9 de ces trois ministres fut \u00e9pingl\u00e9e par\u00a0<a target=\"_blank\" href=\"https:\/\/www.publicsenat.fr\/actualites\/parlementaire\/info-public-senat-le-senat-va-reactiver-sa-mission-dinformation-sur-le-derapage-du-deficit-en-2024\">la commission des finances<\/a>\u00a0devant ce qui ne peut plus \u00eatre consid\u00e9r\u00e9 comme une erreur\u00a0:\u00a0<a target=\"_blank\" href=\"https:\/\/wordhtml.com\/D%C3%A9rapage%20du%20d%C3%A9ficit%20budg%C3%A9taire%20:%20la%20commission%20s%C3%A9natoriale%20d%C3%A9nonce%20le%20%E2%80%9Cdouble%20discours%E2%80%9D,%20%E2%80%9Cl%E2%80%99irresponsabilit%C3%A9%E2%80%9D%20et%20%E2%80%9Cla%20mystification%E2%80%9D%20de%20Le%20Maire,%20Borne,%20Attal%20et%20Macron\"><em>\u00ab\u00a0D\u00e9rapage du d\u00e9ficit budg\u00e9taire : la commission s\u00e9natoriale d\u00e9nonce le \u201cdouble discours\u201d, \u201cl\u2019irresponsabilit\u00e9\u201d et \u201cla mystification\u201d de Le Maire, Borne, Attal et Macron\u00a0\u00bb.<\/em><\/a><\/p>\n<p>La nomination de Michel Barnier, premier ministre en septembre 2024, ne changera rien, estimaient 58\u2009% des Fran\u00e7ais\u00a0<a target=\"_blank\" href=\"https:\/\/edition.francesoir.fr\/politique-france-economie\/la-fracture-entre-les-francais-et-macron-est-consommee-confirme-un\">dans le m\u00eame sondage France-Soir\/BonSens.org<\/a>.\u00a0 La\u00a0<a target=\"_blank\" href=\"https:\/\/www.francesoir.fr\/politique-france\/fin-de-regne-difficile-en-macronie-l-assemblee-censure-macron-travers-barnier\">censure du budget pr\u00e9sent\u00e9 par le gouvernement Barnier<\/a>\u00a0la semaine derni\u00e8re arrive comme la goutte d\u2019eau qui fait d\u00e9border le vase avec des gouvernements successifs irresponsables et un gouvernement actuel qui n\u2019arrive pas \u00e0 faire accepter un nouveau budget.<\/p>\n<p>Cependant, le gouvernement semble toujours trouver une parade pour faire face aux nombreuses incoh\u00e9rences dans la gestion tant de la dette que des comptes publics. En effet, fin 2023, la loi de finances de fin de gestion (LFG) pour 2023,\u00a0<a target=\"_blank\" href=\"https:\/\/www.vie-publique.fr\/loi\/291613-loi-du-30-novembre-2023-de-finances-de-fin-de-gestion-2023\">une nouvelle cat\u00e9gorie de loi de finances introduite par la r\u00e9forme de la loi organique aux lois de finances (LOLF),<\/a>\u00a0est la premi\u00e8re du genre \u00e0 \u00eatre adopt\u00e9e. Il s&rsquo;agit d&rsquo;un texte limit\u00e9 aux dispositions essentielles \u00e0 l\u2019ex\u00e9cution budg\u00e9taire de l\u2019ann\u00e9e 2023 pr\u00e9sentant les ajustements de cr\u00e9dits indispensables \u00e0 la gestion de la fin de l\u2019ann\u00e9e.\u00a0<a target=\"_blank\" href=\"https:\/\/wordhtml.com\/Promulgu%C3%A9e%20le%2030%20novembre%202023,%20elle%20a%20%C3%A9t%C3%A9%20publi%C3%A9e%20au%20journal%20officiel%20le%201er%20d%C3%A9cembre%202023.\">Il ne contenait\u00a0<strong>aucune disposition fiscale<\/strong>\u00a0nouvelle qui rel\u00e8ve<\/a>\u00a0du\u00a0<a target=\"_blank\" href=\"https:\/\/www.vie-publique.fr\/loi\/291190-projet-de-loi-de-finances-budget-2024-plf\">projet de loi de finances pour 2024<\/a><em>.<\/em>\u00a0Promulgu\u00e9e le 30 novembre 2023, elle a \u00e9t\u00e9 publi\u00e9e au journal officiel le 1\u1d49\u02b3\u00a0d\u00e9cembre 2023. Et, rebelote<a target=\"_blank\" href=\"https:\/\/www.vie-publique.fr\/loi\/296065-loi-du-6-decembre-2024-de-finances-de-fin-de-gestion-lfg-pour-2024\">\u00a0pour 2024 avec la loi du 6 d\u00e9cembre 2024 pour la fin de gestion pour 2024<\/a>\u00a0! Cette\u00a0<a target=\"_blank\" href=\"https:\/\/www.vie-publique.fr\/loi\/296065-loi-du-6-decembre-2024-de-finances-de-fin-de-gestion-lfg-pour-2024\">LFG annule 5,6 milliards d\u2019euros de cr\u00e9dit pour contenir le d\u00e9ficit \u00e0 6,1\u2009% pour 2024. De plus elle ouvre 4,2 milliards d\u2019euros pour financer des d\u00e9penses suppl\u00e9mentaires<\/a>\u00a0li\u00e9es \u00e0 la crise cal\u00e9donienne (c.\u00a0231 millions d\u2019euros), \u00e0 la s\u00e9curisation des Jeux olympiques ou au cout des \u00e9lections l\u00e9gislatives anticip\u00e9es.\u00a0<a target=\"_blank\" href=\"https:\/\/www.legifrance.gouv.fr\/jorf\/id\/JORFTEXT000050754939\">Sans toutefois donner les d\u00e9tails sur le cout exact de la s\u00e9curisation des Jeux olympiques ni celui des \u00e9l\u00e9ctions l\u00e9gislatives<\/a>.\u00a0<strong>L\u2019opacit\u00e9 en guise de transparence<\/strong>.<\/p>\n<p>Devant cette situation d\u00e9coulant\u00a0<strong>d\u2019une gestion rock&rsquo;n&rsquo;roll inacceptable<\/strong>, impos\u00e9e quasiment de fait aux fran\u00e7ais, la grogne monte et nombreux sont ceux qui\u00a0<strong>s\u2019interrogent sur leurs moyens d\u2019action<\/strong>.<\/p>\n<p>Laurent Pel\u00e9, membre de l\u2019association BonSens.org,\u00a0<strong>a d\u00e9cid\u00e9 de saisir le tribunal judiciaire contre l\u2019agence judiciaire de l\u2019\u00c9tat<\/strong>. Il demande au tribunal de\u00a0<strong>lui donner la possibilit\u00e9 de s\u00e9questrer ses imp\u00f4ts \u00e0 la Caisse des d\u00e9p\u00f4ts et des consignations,<\/strong>\u00a0le temps que le gouvernement \u00e9tablisse des comptes sinc\u00e8res et que la repr\u00e9sentation nationale puisse les \u00e9valuer l\u00e0 aussi sinc\u00e8rement. Son action judiciaire contre l\u2019\u00c9tat concerne donc le recouvrement des imp\u00f4ts bas\u00e9 selon lui\u00a0sur une loi de finances qu&rsquo;il\u00a0\u00e9value\u00a0\u00ab\u00a0f<em>rauduleuse\u00a0<\/em>\u00bb. De plus, la LFG 2023 ou 2024 ne paraissent pas suffisantes pour r\u00e9tablir la sinc\u00e9rit\u00e9 des comptes publics, et ainsi apporter\u00a0<strong>une certitude sur l\u2019assiette utilis\u00e9e pour calculer l\u2019imp\u00f4t. <\/strong>L&rsquo;audience se tiendra le mercredi 11 d\u00e9cembre 2024 \u00e0 13H30 au TGI de Paris.<\/p>\n<p><iframe style=\"left:0;position:absolute;top:0;\" width=\"100%\" height=\"100%\" frameborder=\"0\" allow=\"accelerometer; autoplay; encrypted-media; gyroscope; picture-in-picture\" allowfullscreen=\"true\" referrerpolicy=\"unsafe-url\" class=\"lazyload\" data-src=\"https:\/\/app.videas.fr\/embed\/media\/5c10a97c-859d-41e5-9488-dcdcf5600491\/\"><\/iframe><\/p>\n<p>\u00a0<\/p>\n<p>Un viol du consentement \u00e0 l&rsquo;imp\u00f4t qui s\u2019apparente \u00e0 celui sur la vaccination quasi obligatoire mis en place par le gouvernement Macron suite \u00e0 sa d\u00e9cision du 12 juillet 2021. Le cantonnement de l&rsquo;imp\u00f4t permettant \u00e0 Laurent Pel\u00e9 de d\u00e9montrer que ses intentions sont transparentes et de bonne foi contrairement \u00e0 l&rsquo;opacit\u00e9 qui semble r\u00e9gner en maitre \u00e0 Bercy.<\/p>\n<p>Une action citoyenne fort int\u00e9ressante, soutenue par l&rsquo;association BonSens.org. Elle permet aux citoyens de garder espoir devant la machine de l\u2019\u00c9tat qui trop souvent donne le sentiment d\u2019\u00eatre le pot de fer contre le pot de terre du citoyen.<\/p>\n<p>La confiance n\u2019exclut pas le contr\u00f4le\u00a0! \u00a0<\/p>\n<p>\u00a0<\/p>\n<\/div>\n<p><script>(function(d, s, id) {  var js, fjs = d.getElementsByTagName(s)[0];  if (d.getElementById(id)) return;  js = d.createElement(s); js.id = id;  js.src = \"\/\/connect.facebook.net\/fr_FR\/sdk.js#xfbml=1&version=v2.3\";  fjs.parentNode.insertBefore(js, fjs);}(document, \"script\", \"facebook-jssdk\"));<\/script><br \/>\n<br \/><br \/>\n<br \/><a href=\"https:\/\/www.francesoir.fr\/videos-les-debriefings\/comptes-publics-insinceres-les-prelevements-des-impots-ne-peuvent-pas-l-etre\" target=\"_blank\"\">Source link <\/a><\/p>\n","protected":false},"excerpt":{"rendered":"<p>En septembre, apr\u00e8s plusieurs semaines d\u2019enqu\u00eate, la commission des finances (men\u00e9e par les s\u00e9nateurs Huchon et Raynal) d\u00e9clarait les comptes de la France non sinc\u00e8res et le d\u00e9ficit\u00a0largement sup\u00e9rieur au&hellip; <\/p>\n","protected":false},"author":1,"featured_media":0,"comment_status":"open","ping_status":"open","sticky":false,"template":"","format":"standard","meta":{"footnotes":""},"categories":[1],"tags":[],"class_list":["post-1868","post","type-post","status-publish","format-standard","hentry","category-non-classe"],"_links":{"self":[{"href":"https:\/\/monde25.info\/index.php\/wp-json\/wp\/v2\/posts\/1868","targetHints":{"allow":["GET"]}}],"collection":[{"href":"https:\/\/monde25.info\/index.php\/wp-json\/wp\/v2\/posts"}],"about":[{"href":"https:\/\/monde25.info\/index.php\/wp-json\/wp\/v2\/types\/post"}],"author":[{"embeddable":true,"href":"https:\/\/monde25.info\/index.php\/wp-json\/wp\/v2\/users\/1"}],"replies":[{"embeddable":true,"href":"https:\/\/monde25.info\/index.php\/wp-json\/wp\/v2\/comments?post=1868"}],"version-history":[{"count":0,"href":"https:\/\/monde25.info\/index.php\/wp-json\/wp\/v2\/posts\/1868\/revisions"}],"wp:attachment":[{"href":"https:\/\/monde25.info\/index.php\/wp-json\/wp\/v2\/media?parent=1868"}],"wp:term":[{"taxonomy":"category","embeddable":true,"href":"https:\/\/monde25.info\/index.php\/wp-json\/wp\/v2\/categories?post=1868"},{"taxonomy":"post_tag","embeddable":true,"href":"https:\/\/monde25.info\/index.php\/wp-json\/wp\/v2\/tags?post=1868"}],"curies":[{"name":"wp","href":"https:\/\/api.w.org\/{rel}","templated":true}]}}