{"id":18727,"date":"2025-11-02T07:18:34","date_gmt":"2025-11-02T06:18:34","guid":{"rendered":"https:\/\/monde25.info\/index.php\/2025\/11\/02\/la-declaration-de-paris-letat-artisan-de-ses-propres-mensonges-face-a-une-verite-quil-pretend-proteger\/"},"modified":"2025-11-02T07:18:34","modified_gmt":"2025-11-02T06:18:34","slug":"la-declaration-de-paris-letat-artisan-de-ses-propres-mensonges-face-a-une-verite-quil-pretend-proteger","status":"publish","type":"post","link":"https:\/\/monde25.info\/index.php\/2025\/11\/02\/la-declaration-de-paris-letat-artisan-de-ses-propres-mensonges-face-a-une-verite-quil-pretend-proteger\/","title":{"rendered":"La D\u00e9claration de Paris : L&rsquo;\u00c9tat, artisan de ses propres mensonges face \u00e0 une \u00ab\u00a0v\u00e9rit\u00e9\u00a0\u00bb qu&rsquo;il pr\u00e9tend prot\u00e9ger"},"content":{"rendered":"<p> <br \/>\n<\/p>\n<div>\n<blockquote>\n<p>R\u00e9sum\u00e9 pour les press\u00e9s\u00a0: le 29 octobre 2025, au Forum de Paris sur la Paix, Emmanuel Macron parade avec 29 nations complices pour signer une D\u00e9claration qui \u00e9l\u00e8ve l&rsquo;information \u00ab\u00a0<em>ind\u00e9pendante et fiable<\/em>\u00a0\u00bb au rang de bien public sacr\u00e9, un rempart contre les deepfakes de l&rsquo;IA et les fant\u00f4mes russes en Ukraine. Sur le papier, c&rsquo;est noble, presque po\u00e9tique\u00a0! Dans les faits, <strong>c&rsquo;est un coup de th\u00e9\u00e2tre grotesque<\/strong>, un voile jet\u00e9 sur les mensonges \u00e9tatiques que l&rsquo;ex\u00e9cutif sert sans impunit\u00e9 depuis trop longtemps. Qui prot\u00e8ge la v\u00e9rit\u00e9 quand <strong>son fossoyeur en chef, l&rsquo;\u00c9tat fran\u00e7ais, s&rsquo;auto-proclame juge et partie ?<\/strong> Les \u00ab\u00a0<em>complotistes<\/em>\u00a0\u00bb d&rsquo;hier \u2013 ces pestif\u00e9r\u00e9s \u00e9tiquet\u00e9s pour oser questionner \u2013 s&rsquo;av\u00e8rent \u00eatre les seuls \u00e0 avoir vu clair, tandis que les sph\u00e8res officielles noient le d\u00e9bat dans un oc\u00e9an de fausses v\u00e9rit\u00e9s, des retraites aux comptes truqu\u00e9s de la nation.<\/p>\n<p>Prenez France-Soir, ce r\u00e9sistant num\u00e9rique qui r\u00e9sume l&rsquo;hypocrisie en un clin d&rsquo;\u0153il. En mars 2021, sa cha\u00eene YouTube \u2013 277 000 abonn\u00e9s, un vivier de voix scientifiques dissidentes \u2013 est invisibilis\u00e9 sans proc\u00e8s pour \u00ab\u00a0<em>d\u00e9sinfo COVID<\/em>\u00a0\u00bb, sur injonction d&rsquo;un gouvernement paniqu\u00e9 qui, via Roselyne Bachelot, la voue aux g\u00e9monies comme \u00ab\u00a0<em>complotiste<\/em>\u00a0\u00bb. Quatre ans de purgatoire, et paf ! Le 10 octobre 2025, Alphabet rouvre les vannes sans r\u00e9elles excuses, <strong>avouant une censure \u00ab\u00a0<\/strong><em><strong>unilat\u00e9rale<\/strong><\/em><strong>\u00a0\u00bb sans fondement<\/strong>. Les th\u00e8ses honnies ? Valid\u00e9es par l&rsquo;Histoire : hydroxychloroquine sabot\u00e9e par le fiasco LancetGate, masques \u00ab\u00a0<em>inutiles<\/em>\u00a0\u00bb pour camoufler une p\u00e9nurie scandaleuse, effets secondaires de la vaccination covid en nombre suffisant pour que l\u2019ACIP aux Etats-Unis s\u2019interroge. France-Soir rena\u00eet sur YouTube, \u00ab\u00a0<em>chien de garde<\/em>\u00a0\u00bb impitoyable, prouvant que <strong>la v\u00e9rit\u00e9 n&rsquo;est pas effac\u00e9e \u2013 elle est juste retard\u00e9e par des censeurs aux ordres<\/strong>.<\/p>\n<p>Et, les mensonges de l&rsquo;\u00c9tat ? Un catalogue inf\u00e2me, un arsenal goebbelsien o\u00f9 la r\u00e9p\u00e9tition forge le r\u00e9el truqu\u00e9. Sur les retraites, Barnier claironne que sa r\u00e9forme de 2023 \u00ab\u00a0<em>sauve le syst\u00e8me<\/em>\u00a0\u00bb en repoussant l&rsquo;\u00e2ge \u00e0 64 ans ; pur leurre, comme le mart\u00e8le \u00c9ric Weil ou SUD-Rail : ce sont les exon\u00e9rations fiscales impunies qui saignent les caisses, punissant surtout les femmes d&rsquo;une aust\u00e9rit\u00e9 masqu\u00e9e sous le spectre du d\u00e9ficit. La dette publique, ce monstre \u00e0 3 300 milliards d&rsquo;euros (115 % du PIB), n&rsquo;est qu&rsquo;un \u00ab\u00a0<em>fabuleux mensonge<\/em>\u00a0\u00bb budg\u00e9taire, dixit Solidaires Finances Publiques : niches fiscales voraces (500 milliards annuels) et paradis fiscaux intouchables gonflent le gouffre, pendant que Bayrou et Lecornu accusent les \u00ab\u00a0<em>d\u00e9penses sociales<\/em>\u00a0\u00bb. Laurent Pel\u00e9 tra\u00eene m\u00eame l&rsquo;\u00c9tat en justice pour insinc\u00e9rit\u00e9 des comptes, r\u00e9clamant le s\u00e9questre des imp\u00f4ts \u2013 d\u00e9bout\u00e9 en premi\u00e8re instance, mais l&rsquo;appel gronde, et la question fustige : <strong>comment exiger des citoyens qu&rsquo;ils paient rubis sur l&rsquo;ongle quand leurs repr\u00e9sentants paralysent le Parlement dans un chaos budg\u00e9taire insoluble ?<\/strong> Des baudruches \u00e9conomiques, dont une \u00ab\u00a0<em>croissance verte<\/em>\u00a0\u00bb via France 2030, vid\u00e9e en subventions occultes qui polluent jusqu&rsquo;aux \u00e9lections, l\u00e9gitimit\u00e9 d\u00e9j\u00e0 entach\u00e9e par la d\u00e9sinfo COVID.<\/p>\n<p>Macron, lui, nie l&rsquo;\u00e9vidence en juin 2025 : pas de \u00ab\u00a0<em>flotte industrielle fran\u00e7aise<\/em>\u00a0\u00bb, jure-t-il face aux journalistes, alors que Bloom Association le cloue au pilori d&rsquo;un \u00ab\u00a0<em>tissu de mensonges<\/em>\u00a0\u00bb \u2013 surp\u00eache effr\u00e9n\u00e9e en eaux africaines, oc\u00e9ans ravag\u00e9s au profit d&rsquo;int\u00e9r\u00eats agro-industriels, m\u00e9pris flagrant des faits scientifiques. Pour le budget 2026, Bayrou agite des \u00ab\u00a0<em>menaces de censure<\/em>\u00a0\u00bb pour museler les blocages routiers, tandis que RN et LFI s&rsquo;\u00e9garent sur une \u00ab\u00a0<em>imposition au passeport<\/em>\u00a0\u00bb fant\u00f4me ; le vrai crime ? Une opacit\u00e9 certifi\u00e9e \u00ab\u00a0<em>sinc\u00e8re<\/em>\u00a0\u00bb par la Cour des comptes, masquant un d\u00e9ficit \u00e0 6 % du PIB. Quant \u00e0 l&rsquo;Ukraine, le binarisme lisse \u00ab\u00a0<em>d\u00e9mocratie contre autocratie<\/em>\u00a0\u00bb gomme les livraisons d&rsquo;armes fran\u00e7aises, les manquements OTAN et le sabotage des accords de Minsk par des \u00c9tats complices.<\/p>\n<p>Pire encore, les institutions comme Sant\u00e9 publique France (SPF) orchestrent une pollution informationnelle qui fr\u00f4le la fraude. En avril 2025, pour la Semaine de la vaccination, SPF balance un \u00ab\u00a0<em>84 % de Fran\u00e7ais favorables<\/em>\u00a0\u00bb tir\u00e9 d&rsquo;un barom\u00e8tre 2023 obsol\u00e8te \u2013 \u00e9chantillon biais\u00e9, sans marges d&rsquo;erreur ni ventilation vaccinale, relay\u00e9 b\u00e9atement par CNEWS, Le Figaro et consorts. Un sondage MIS Group\/France-Soir (1 200 personnes, avril 2025) les ridiculise : 52 % de r\u00e9serves sur les vaccins (+15 points depuis 2023), 52 % imputant la perte de confiance aux \u00ab\u00a0<em>mensonges gouvernementaux<\/em>\u00a0\u00bb, et 72 % refusant le vaccin COVID en octobre. Yannick Neuder lance une mission anti-d\u00e9sinfo avec des experts toxiques \u2013 BonSens.org en demande le retrait \u2013, mais sans miroir tendu aux institutions, c&rsquo;est un aveu path\u00e9tique d&rsquo;\u00e9chec, occultant m\u00eame les relents du H1N1.<\/p>\n<p>Qui donc auditera ces \u00ab\u00a0<em>v\u00e9rit\u00e9s \u00e9tatiques<\/em>\u00a0\u00bb ? La D\u00e9claration invoque un multilat\u00e9ralisme UNESCO\/ONU sans croc ni recours, tandis que subventions aux m\u00e9dias (120 millions annuels) ach\u00e8tent le silence, et la loi anti-fake news de 2018 hante comme un fant\u00f4me censur\u00e9. La Cour des comptes grogne pour 2025, mena\u00e7ant de l\u00e2cher la certification ; les enqu\u00eates sur la censure COVID ? Enterr\u00e9es. <em>France-Soir<\/em> l&rsquo;avait proph\u00e9tis\u00e9 en 2021 : <strong>sans transparence brute \u2013 mod\u00e8les \u00e9pi, conflits d&rsquo;int\u00e9r\u00eats \u2013, le relativisme est l&rsquo;essence m\u00eame du pouvoir<\/strong>. Avec comme r\u00e9sultat, 84 % des Fran\u00e7ais qui voient les m\u00e9dias comme des machines \u00e0 peur propagandistes et 53 % qui les fuient. <strong>La fracture b\u00e9ante oppose une \u00e9lite narquoise \u00e0 un peuple qui migre vers les alternatives.<\/strong><\/p>\n<p>Ce n&rsquo;est pas du cynisme, c&rsquo;est un scalpel : les \u00ab\u00a0<em>vrais mensonges<\/em>\u00a0\u00bb \u2013 contre-v\u00e9rit\u00e9s saintes pour un \u00ab\u00a0<em>bien sup\u00e9rieur<\/em>\u00a0\u00bb \u2013 et \u00ab\u00a0<em>fausses v\u00e9rit\u00e9s<\/em>\u00a0\u00bb \u2013 faits tordus en dogmes \u2013 \u00e9rodent l&rsquo;\u00e2me d\u00e9mocratique. Macron jure en 2021 que ses vaccins \u00ab\u00a0divisent la contagion par douze\u00a0\u00bb ; McCullough le d\u00e9monte. Z\u00e9ro carbone en 2050 ? Un mirage face aux fossiles accroch\u00e9s. INSEE pavane un PIB +0,5 % au T3 2025, mais la dette explose en silence, France 2030 mal ficel\u00e9e par des indicateurs maquill\u00e9s. L&rsquo;\u00c9tat fustige le relativisme citoyen tout en l&rsquo;incarnant \u2013 un obstruant du d\u00e9bat, comme le tonnent les \u00e9ditos sur \u00ab\u00a0<em>le mensonge dans la peau<\/em>\u00a0\u00bb ou \u00ab\u00a0<em>la v\u00e9rit\u00e9, un luxe ?<\/em>\u00a0\u00bb.<\/p>\n<p>La D\u00e9claration de Paris ? Un pas de deux cosm\u00e9tique vers <strong>un journalisme musel\u00e9, sans l&rsquo;ombre d&rsquo;une auto-flagellation<\/strong>. Les le\u00e7ons de France-Soir \u2013 quatre ans de tombe num\u00e9rique pour des crimes imaginaires \u2013 et les bourdes de SPF crient l&rsquo;\u00e9vidence : <strong>les parias d&rsquo;hier sont les \u00e9claireurs d&rsquo;aujourd&rsquo;hui.<\/strong><\/p>\n<p>Renversons les tables : <strong>que l&rsquo;\u00c9tat fasse transparence sur les donn\u00e9es brutes, ploie sous un audit impitoyable, et arr\u00eate de graisser la complaisance<\/strong>. Sinon, l&rsquo;\u00a0\u00ab\u00a0<em>int\u00e9grit\u00e9 informationnelle<\/em>\u00a0\u00bb ne restera qu&rsquo;un oxymore risible.<\/p>\n<p>Fran\u00e7ais, gardiens las de la R\u00e9publique, exigez la v\u00e9rit\u00e9 crue, sans le fard pudique de l&rsquo;\u00e9lite. Comme Hugo le gravait : \u00ab\u00a0<em>Si je mens, il n&rsquo;en reste qu&rsquo;un<\/em>\u00a0\u00bb \u2013 et ce sera la raison collective, impitoyable, que <em>France-Soir<\/em> tente de porter en \u00e9tendard.<\/p>\n<\/blockquote>\n<p>\u00a0<\/p>\n<p class=\"text-align-center\">*** Edito complet ***<\/p>\n<p>Dans un monde o\u00f9 l&rsquo;information circule \u00e0 la vitesse de la lumi\u00e8re, la <a target=\"_blank\" href=\"https:\/\/www.elysee.fr\/emmanuel-macron\/2025\/10\/29\/declaration-de-paris-sur-laction-multilaterale-pour-lintegrite-de-linformation-et-les-medias-independants\">D\u00e9claration de Paris<\/a> sur l&rsquo;action multilat\u00e9rale pour l&rsquo;int\u00e9grit\u00e9 de l&rsquo;information et les m\u00e9dias ind\u00e9pendants, adopt\u00e9e le 29 octobre 2025 lors du Forum de Paris sur la Paix, sonne <strong>comme un appel solennel \u00e0 la vertu<\/strong>. Sign\u00e9e par 29 \u00c9tats, dont la France, l&rsquo;Allemagne et le Br\u00e9sil, elle r\u00e9affirme que \u00ab\u00a0<em>l&rsquo;information ind\u00e9pendante, pluraliste et fiable constitue un bien public essentiel \u00e0 l&rsquo;humanit\u00e9<\/em>\u00a0\u00bb. Emmanuel Macron, h\u00f4te de l&rsquo;\u00e9v\u00e9nement, y voit un rempart contre la d\u00e9sinformation amplifi\u00e9e par l&rsquo;IA et les ing\u00e9rences \u00e9trang\u00e8res. Mais au-del\u00e0 des belles paroles, <strong>cette initiative soul\u00e8ve un paradoxe criant<\/strong> : <strong>qui donc prot\u00e8ge la v\u00e9rit\u00e9, quand l&rsquo;\u00c9tat lui-m\u00eame en est le principal fossoyeur ?<\/strong><\/p>\n<p>Aujourd&rsquo;hui, les fausses informations ne proviennent plus de ceux que l\u2019on a, trop souvent \u00e0 tort, \u00e9tiquet\u00e9s \u00ab\u00a0<em>complotistes<\/em>\u00a0\u00bb ou des r\u00e9seaux sociaux, mais <strong>bien souvent des sph\u00e8res officielles<\/strong>. L&rsquo;exemple de <em>France-Soir<\/em>, dont la cha\u00eene YouTube a \u00e9t\u00e9 ferm\u00e9e puis rouverte apr\u00e8s quatre ans de purgatoire injustifi\u00e9, en est une illustration flagrante. Et que dire des \u00ab\u00a0<em>vrais mensonges<\/em>\u00a0\u00bb et \u00ab\u00a0<em>fausses v\u00e9rit\u00e9s<\/em>\u00a0\u00bb qui gangr\u00e8nent les discours publics, des retraites \u00e0 la dette nationale ? D\u00e9cortiquons ce glissement dangereux vers une \u00ab\u00a0<em>v\u00e9rit\u00e9 \u00e9tatique<\/em>\u00a0\u00bb non contr\u00f4l\u00e9e, o\u00f9 l&rsquo;opacit\u00e9 devient la norme.<\/p>\n<p>\u00a0<\/p>\n<h5><strong>Une d\u00e9claration louable, mais suspecte<\/strong><\/h5>\n<p>Adopt\u00e9e sous l&rsquo;\u00e9gide de l&rsquo;\u00c9lys\u00e9e, la D\u00e9claration de Paris engage les signataires \u00e0 renforcer le multilat\u00e9ralisme pour <strong>financer les m\u00e9dias ind\u00e9pendants<\/strong> et <strong>contrer la manipulation informationnelle<\/strong>. Elle prolonge des initiatives comme le Partenariat international pour l&rsquo;information et la d\u00e9mocratie (PID), lanc\u00e9 par la France en 2018. \u00c0 l&rsquo;heure des \u00e9lections truqu\u00e9es par des \u00ab\u00a0deepfakes\u00a0\u00bb et des \u00ab\u00a0pr\u00e9sum\u00e9es\u00a0\u00bb campagnes russes en Ukraine, l&rsquo;urgence semble bien r\u00e9elle. Macron insiste : il faut encadrer les r\u00e9seaux sociaux pour \u00ab\u00a0<em>r\u00e9duire les ing\u00e9rences \u00e9trang\u00e8res<\/em>\u00a0\u00bb et pr\u00e9server un journalisme comme \u00ab\u00a0<em>premier rempart contre la d\u00e9sinformation<\/em>\u00a0\u00bb.<\/p>\n<p>Pourtant, cette croisade arrive mal et sonne faux. En France, le gouvernement a multipli\u00e9 les subventions aux m\u00e9dias mainstream (120 millions d&rsquo;euros annuels), <strong>cr\u00e9ant une d\u00e9pendance qui bride le pluralisme<\/strong>. Pire, elle ignore <a target=\"_blank\" href=\"https:\/\/www.elysee.fr\/emmanuel-macron\/2020\/11\/24\/adresse-aux-francais-24-novembre\">les le\u00e7ons du pass\u00e9<\/a> : en 2020-2021, sous couvert de lutte contre le \u00ab\u00a0<em>complotisme<\/em>\u00a0\u00bb, <a target=\"_blank\" href=\"https:\/\/www.francesoir.fr\/politique-france\/le-mensonge-un-nouvel-outil-de-communication-pour-le-gouvernement\">l&rsquo;\u00c9tat a orchestr\u00e9 <strong>une censure s\u00e9lective<\/strong> qui a touch\u00e9 des voix dissidentes<\/a>. La d\u00e9claration, en promouvant un \u00ab\u00a0<em>Fonds international pour les m\u00e9dias d&rsquo;int\u00e9r\u00eat public<\/em>\u00a0\u00bb, <strong>risque de subventionner un journalisme align\u00e9 sur les narratifs officiels<\/strong>, transformant la \u00ab\u00a0<em>v\u00e9rit\u00e9<\/em>\u00a0\u00bb en monopole \u00e9tatique. Et alors se pose la question\u00a0: <strong>qui contr\u00f4le le contr\u00f4leur ?<\/strong> Quand l&rsquo;\u00c9tat se pose en arbitre, c&rsquo;est la d\u00e9mocratie qui trinque.<\/p>\n<h5><strong>L&rsquo;affaire <\/strong><em><strong>France-Soir<\/strong><\/em><strong> : La preuve d&rsquo;une censure arbitraire<\/strong><\/h5>\n<p>Rien ne symbolise mieux ce dysfonctionnement que le calvaire de France-Soir. En mars 2021, la cha\u00eene YouTube du m\u00e9dia alternatif, comptant alors 277 000 abonn\u00e9s, est brutalement supprim\u00e9e pour \u00ab\u00a0<em>non-respect des r\u00e8gles de la communaut\u00e9<\/em>\u00a0\u00bb li\u00e9es \u00e0 ce que les plateformes et autorit\u00e9s appellent \u00ab\u00a0<em>d\u00e9sinformation sur la covid <\/em>\u00bb. Accus\u00e9e sans preuve de promouvoir des th\u00e9ories complotistes \u2013 comme l&rsquo;inefficacit\u00e9 des vaccins ou les origines manipul\u00e9es du virus \u2013, elle est \u00e9tiquet\u00e9e comme ne relevant pas de l\u2019int\u00e9r\u00eat g\u00e9n\u00e9ral car ces informations \u00ab\u00a0<em>pourraient repr\u00e9senter un\u00a0danger pour la sant\u00e9 du public<\/em>\u00a0\u00bb par les autorit\u00e9s fran\u00e7aises et les plateformes tech, sous pression gouvernementale. Roselyne Bachelot, alors ministre de la Culture, avait soutenu la qualification de France-Soir de \u00ab\u00a0<em>complotiste<\/em>\u00a0\u00bb dans une interview.<\/p>\n<p>Quatre ans plus tard, <a target=\"_blank\" href=\"https:\/\/www.francesoir.fr\/opinions-editos\/france-soir-renait-sur-youtube-le-retour-du-chien-de-garde-que-macron-et-google\">le 10 octobre 2025<\/a>, la cha\u00eene est restaur\u00e9e sans appel ni justification formelle. Alphabet (maison-m\u00e8re de YouTube) admet implicitement une erreur : la suppression \u00e9tait \u00ab\u00a0<em>unilat\u00e9rale<\/em>\u00a0\u00bb, <strong>sans preuve d&rsquo;infraction aux r\u00e8gles de la communaut\u00e9<\/strong>. La chaine <em>France-Soir<\/em> rena\u00eet de ses cendres, avec une vid\u00e9o triomphante annon\u00e7ant : \u00ab\u00a0<em>Apr\u00e8s plus de quatre ans de suppression unilat\u00e9rale ! Abonnez-vous \u00e0 notre cha\u00eene<\/em>.\u00a0\u00bb Ce revirement n&rsquo;est pas isol\u00e9. Il fait \u00e9cho \u00e0 des r\u00e9v\u00e9lations aux \u00c9tats-Unis, o\u00f9 des documents internes montrent que la censure COVID \u00e9tait coordonn\u00e9e avec les gouvernements, y compris fran\u00e7ais, via des pressions sur Big Tech. Christian Perronne, figure de la dissidence m\u00e9dicale, y voit un \u00ab\u00a0<em>vent de transparence inattendu<\/em>\u00a0\u00bb sur les vaccins et l&rsquo;autisme.<\/p>\n<p>Cette affaire d\u00e9montre que les th\u00e8ses \u00e9tiquet\u00e9es erron\u00e9ment \u00ab\u00a0<em>complotistes<\/em>\u00a0\u00bb <strong>\u00e9taient souvent des critiques l\u00e9gitimes<\/strong>, valid\u00e9es a posteriori. L&rsquo;hydroxychloroquine ? Discr\u00e9dit\u00e9e par des \u00e9tudes frauduleuses (<a target=\"_blank\" href=\"https:\/\/www.francesoir.fr\/societe-sante\/scandale-lancetgate-efficacite-hydroxychloroquine\">LancetGate<\/a>, <a target=\"_blank\" href=\"https:\/\/www.francesoir.fr\/societe-sante\/lyonbordeauxgate-les-professeurs-lega-et-molimard-font-ils-du-blanchiment-de-fausses\">LegaGate<\/a>). Les masques inutiles ? N\u00e9gation initiale pour masquer une p\u00e9nurie. La cha\u00eene France-Soir, loin d&rsquo;\u00eatre une officine de fake news, s&rsquo;est mu\u00e9e <a target=\"_blank\" href=\"https:\/\/www.francesoir.fr\/opinions-editos\/france-soir-renait-sur-youtube-le-retour-du-chien-de-garde-que-macron-et-google\">en \u00ab\u00a0<em>chien de garde<\/em>\u00a0\u00bb<\/a> r\u00e9silient, prouvant que <strong>la censure n&rsquo;efface pas la v\u00e9rit\u00e9 \u2013 elle la retarde<\/strong>.<\/p>\n<p>\u00a0<\/p>\n<h5><strong>Les fausses infos de l&rsquo;\u00c9tat : un catalogue de <\/strong><a target=\"_blank\" href=\"https:\/\/www.francesoir.fr\/opinions-editos\/vrais-mensonges-et-fausses-verites-les-nouveaux-standards-de-la-propagande-1\"><strong>\u00ab\u00a0<\/strong><em><strong>vrais mensonges<\/strong><\/em><strong>\u00a0\u00bb<\/strong><\/a><\/h5>\n<p>Si la D\u00e9claration de Paris cible les \u00ab\u00a0<em>discours de haine<\/em>\u00a0\u00bb et les ing\u00e9rences, elle passe sous silence le <strong>principal vecteur de d\u00e9sinformation : l&rsquo;\u00c9tat lui-m\u00eame<\/strong>. En 2025, les exemples pullulent, <a target=\"_blank\" href=\"https:\/\/www.francesoir.fr\/politique-france\/le-mensonge-un-nouvel-outil-de-communication-pour-le-gouvernement\">transformant le mensonge<\/a> en outil strat\u00e9gique de gouvernance. Prenons-en quelques-uns, embl\u00e9matiques de ces \u00ab\u00a0<em>fausses v\u00e9rit\u00e9s<\/em>\u00a0\u00bb qui travestissent le r\u00e9el.<\/p>\n<p><strong>Les retraites, un d\u00e9bat \u00ab\u00a0<\/strong><em><strong>truff\u00e9 de mensonges<\/strong><\/em><strong>\u00a0\u00bb<\/strong>\u00a0: le gouvernement Barnier r\u00e9p\u00e8te que la r\u00e9forme de 2023 \u00ab\u00a0<em>sauve le syst\u00e8me<\/em>\u00a0\u00bb en repoussant l&rsquo;\u00e2ge l\u00e9gal \u00e0 64 ans. Faux, selon \u00c9ric Weil, ancien conseiller minist\u00e9riel : les exon\u00e9rations de cotisations non compens\u00e9es vident les caisses, et les femmes \u2013 premi\u00e8res victimes \u2013 voient leurs carri\u00e8res p\u00e9nalis\u00e9es. SUD-Rail liste dix contre-v\u00e9rit\u00e9s flagrantes, comme l&rsquo;id\u00e9e que la CSG baisse \u00ab\u00a0<em>compense<\/em>\u00a0\u00bb les pertes. En r\u00e9sulte un blocage fran\u00e7ais persistant, o\u00f9 la peur du d\u00e9ficit masque une aust\u00e9rit\u00e9 s\u00e9lective.<\/p>\n<p><strong>La dette publique ou le \u00ab\u00a0<\/strong><em><strong>fabuleux mensonge<\/strong><\/em><strong>\u00a0\u00bb budg\u00e9taire<\/strong>\u00a0: avec 3 300 milliards d&rsquo;euros (115 % du PIB), la dette est maquill\u00e9e par des comptabilit\u00e9s cr\u00e9atives. <a target=\"_blank\" href=\"https:\/\/solidairesfinancespubliques.org\/le-syndicat\/actions\/campagne-sans-nous\/6922-dette-publique-le-fabuleux-mensonge-du-gouvernement.html\">Solidaires Finances Publiques<\/a> d\u00e9nonce un \u00ab\u00a0<em>tissu de mensonges<\/em>\u00a0\u00bb : les paradis fiscaux non tax\u00e9s et les niches fiscales (500 milliards annuels) gonflent le trou, mais le gouvernement accuse les \u00ab\u00a0<em>d\u00e9penses sociales<\/em>\u00a0\u00bb. Une question pressante et critique\u00a0: comment l&rsquo;\u00c9tat peut-il solliciter des citoyens \u00e0 payer des imp\u00f4ts s\u2019il n\u2019est pas en capacit\u00e9 de publier des comptes sinc\u00e8res\u00a0? Avec \u00e0 titre subsidiaire, mais non des moindres, la complexit\u00e9 pour les d\u00e9put\u00e9s de se mettre d\u2019accord sur un budget de l&rsquo;\u00c9tat\u00a0! Laurent Pel\u00e9 <a target=\"_blank\" href=\"https:\/\/www.francesoir.fr\/videos-les-debriefings\/comptes-publics-insinceres-les-prelevements-des-impots-ne-peuvent-pas-l-etre\">a mis l\u2019agence judiciaire de l&rsquo;\u00c9tat au tribunal, demandant le s\u00e9questre de l\u2019imp\u00f4t<\/a> devant l\u2019insinc\u00e9rit\u00e9 des comptes publics. D\u00e9bout\u00e9 en premi\u00e8re instance, Pel\u00e9 a fait appel.<\/p>\n<p>De plus se pose aussi la question de la l\u00e9gitimit\u00e9 des \u00e9lections. Malgr\u00e9 sa contribution \u00e0 nombreuses pollutions informationnelles sur la Covid, l&rsquo;Express recense dix baudruches \u00e9conomiques, dont celle d&rsquo;une \u00ab\u00a0<em>croissance verte<\/em>\u00a0\u00bb financ\u00e9e par France 2030, en r\u00e9alit\u00e9 dilapid\u00e9e en subventions opaques.<\/p>\n<p><strong>La p\u00eache et l&rsquo;environnement, Macron face \u00e0 ses contradictions<\/strong>\u00a0: en juin 2025, lors d&rsquo;une rencontre avec des journalistes, le pr\u00e9sident nie l&rsquo;existence d&rsquo;une \u00ab\u00a0<em>flotte industrielle fran\u00e7aise<\/em>\u00a0\u00bb, malgr\u00e9 des preuves accablantes de surp\u00eache en eaux africaines. <a target=\"_blank\" href=\"https:\/\/bloomassociation.org\/le-tissu-de-mensonges-demmanuel-macron-face-aux-journalistes\/\">Bloom Association qualifie cela de \u00ab\u00a0<em>tissu de mensonges<\/em>\u00a0\u00bb<\/a> : m\u00e9pris des faits, refus de r\u00e9guler un secteur qui \u00e9puise les oc\u00e9ans au nom d&rsquo;int\u00e9r\u00eats agro-industriels.<\/p>\n<p><strong>Le budget 2026 entre imposition fant\u00f4me et motions de censure<\/strong>\u00a0: Fran\u00e7ois Bayrou, alors Premier ministre, alerte sur des \u00ab\u00a0<em>menaces de censure<\/em>\u00a0\u00bb pour sauver sa peau, minimisant un blocage routier massif. Le RN et LFI s&rsquo;affrontent sur une \u00ab\u00a0<em>imposition au passeport<\/em>\u00a0\u00bb imaginaire, mais le vrai scandale est l&rsquo;opacit\u00e9 du PLF 2026, certifi\u00e9, on ne sait comment, \u00ab\u00a0<em>sinc\u00e8re<\/em>\u00a0\u00bb par la Cour des comptes tout en masquant un d\u00e9ficit \u00e0 6 % du PIB. Et l\u2019actuel Premier ministre Lecornu n\u2019est pas loin de suivre le m\u00eame chemin.<\/p>\n<p>Ces cas ne sont que la pointe de l&rsquo;iceberg. Comme l&rsquo;\u00e9crit La France Insoumise dans un pamphlet r\u00e9cent, le <strong>mensonge n&rsquo;est plus un d\u00e9rapage<\/strong> : c&rsquo;est une \u00ab\u00a0<em>strat\u00e9gie<\/em>\u00a0\u00bb goebbelsienne, o\u00f9 la r\u00e9p\u00e9tition forge la r\u00e9alit\u00e9. Et pour l&rsquo;Ukraine ? <a target=\"_blank\" href=\"https:\/\/www.francesoir.fr\/opinions-editos\/le-metaverse-de-la-guerre-en-ukraine-mythe-ou-realite\">Simplification binaire<\/a> \u00ab\u00a0<em>d\u00e9mocratie vs autocratie<\/em>\u00a0\u00bb, occultant les livraisons d&rsquo;armes fran\u00e7aises, les responsabilit\u00e9s OTAN et de certains \u00c9tats dans le <a target=\"_blank\" href=\"https:\/\/www.francesoir.fr\/videos-les-debriefings\/les-accords-de-minsk-l-ukraine-n-rien-respecte\">non respect des accords de Minsk<\/a>.<\/p>\n<p>\u00a0<\/p>\n<h5><strong>Les institutions au c\u0153ur de la pollution informationnelle : <\/strong><a target=\"_blank\" href=\"https:\/\/www.francesoir.fr\/societe-sante\/sante-publique-france-et-les-medias-desinformation-institutionnelle-qui-frole-la\"><strong>le cas Sant\u00e9 publique France<\/strong><\/a><\/h5>\n<p>Au-del\u00e0 des mensonges macro-\u00e9conomiques, les agences publiques comme Sant\u00e9 publique France (SPF) illustrent parfaitement comment les <strong>institutions contribuent activement \u00e0 la \u00ab\u00a0<\/strong><em><strong>pollution informationnelle<\/strong><\/em><strong>\u00a0\u00bb<\/strong>. Un <a target=\"_blank\" href=\"https:\/\/www.francesoir.fr\/societe-sante\/sante-publique-france-et-les-medias-desinformation-institutionnelle-qui-frole-la\">article r\u00e9cent d\u00e9nonce<\/a> une \u00ab\u00a0<em>d\u00e9sinformation institutionnelle qui fr\u00f4le la tromperie<\/em>\u00a0\u00bb, pointant du doigt <strong>la communication biais\u00e9e de SPF<\/strong> lors de la Semaine europ\u00e9enne de la vaccination en avril 2025. L&rsquo;agence a publi\u00e9 un communiqu\u00e9 affirmant que \u00ab\u00a0<em>84 % des r\u00e9pondants en France m\u00e9tropolitaine se d\u00e9clarent favorables \u00e0 la vaccination en g\u00e9n\u00e9ral<\/em>\u00a0\u00bb, en citant son Barom\u00e8tre sant\u00e9 2023, sans fournir de d\u00e9tails cruciaux : pas de ventilation par type de vaccin (omettant les COVID-19), pas d&rsquo;intervalles de confiance, pas de marge d&rsquo;erreur, et un \u00e9chantillon de 3 007 personnes collect\u00e9 sur 15 mois (f\u00e9vrier 2023 \u00e0 mai 2024), biais\u00e9 temporellement et excluant les non-francophones et les territoires d&rsquo;outre-mer.<\/p>\n<p>Les m\u00e9dias mainstream \u2013 CNEWS, Le Figaro, France Info, BFM TV et LCI \u2013 ont relay\u00e9 cette statistique simpliste (\u00ab\u00a0<em>8 Fran\u00e7ais sur 10 favorables<\/em>\u00a0\u00bb) <strong>sans v\u00e9rification, amplifiant une opacit\u00e9 qui mine la confiance publique<\/strong>.<\/p>\n<p>Pire, <a target=\"_blank\" href=\"https:\/\/www.francesoir.fr\/politique-france\/sondage-exclusif-les-francais-expriment-leur-totale-defiance-envers-macron-et\">un sondage exclusif MIS Group pour France-Soir\/BonSens.org d\u2019avril 2025<\/a>, r\u00e9alis\u00e9 aupr\u00e8s de 1 200 Fran\u00e7ais repr\u00e9sentatifs, <strong>met SPF et les institutions totalement en d\u00e9faut<\/strong>\u00a0: ces derniers ont utilis\u00e9 des donn\u00e9es anciennes sans v\u00e9rifier la r\u00e9alit\u00e9 actuelle de l\u2019adh\u00e9sion \u00e0 la vaccination avec une diminution importante et significative de la confiance en la vaccination.<\/p>\n<p><img decoding=\"async\" data-entity-uuid=\"8be11caf-6064-4148-947e-5b05e8686a66\" data-entity-type=\"file\" alt=\"sondage\" width=\"945\" height=\"510\" class=\"align-center lazyload\" loading=\"lazy\" src=\"https:\/\/www.francesoir.fr\/sites\/default\/files\/inline-images\/image_707.png\"\/><\/p>\n<p>Cependant, 52\u00a0% expriment des r\u00e9serves sur certains vaccins. Une augmentation tr\u00e8s marqu\u00e9e depuis 2023, o\u00f9 37 % exprimaient des r\u00e9serves. Avec 52 % qui estiment que \u00ab\u00a0le gouvernement et ses mensonges leur ont fait perdre confiance en la vaccination\u00a0\u00bb. Un score qui aurait d\u00fb int\u00e9resser le ministre de la Sant\u00e9 qui a lanc\u00e9 une campagne contre la d\u00e9sinformation.\u00a0<\/p>\n<p><img decoding=\"async\" data-entity-uuid=\"69016bf6-e8b5-4b29-80bd-655e99c177a3\" data-entity-type=\"file\" alt=\"sondage\" width=\"945\" height=\"589\" loading=\"lazy\" class=\"lazyload\" src=\"https:\/\/www.francesoir.fr\/sites\/default\/files\/inline-images\/image_708.png\"\/><\/p>\n<p>En <a target=\"_blank\" href=\"https:\/\/www.francesoir.fr\/politique-france\/les-francais-en-crise-de-confiance-entre-desillusion-economique-et-scepticisme\">octobre 2025<\/a>, <strong>72 % refusent de se faire vacciner contre la covid.<\/strong><\/p>\n<p>Ces enqu\u00eates d\u00e9montrent que les institutions, loin d&rsquo;\u00eatre des remparts, sont des acteurs majeurs de la pollution informationnelle : en occultant des faits (comme les scandales H1N1 pass\u00e9s) et en refusant la transparence, elles alimentent le scepticisme qu&rsquo;elles pr\u00e9tendent combattre. Yannick Neuder, ministre de la Sant\u00e9, lance une <a target=\"_blank\" href=\"https:\/\/www.francesoir.fr\/opinions-editos\/la-mission-sur-la-desinformation-en-sante-de-neuder-un-pari-risque-pour-la-verite\">mission anti-d\u00e9sinformation<\/a> avec <a target=\"_blank\" href=\"https:\/\/bonsens.info\/bonsens-org-lance-un-combat-decisif-contre-les-conflits-dinterets-au-ministere-de-la-sante\/\">des experts controvers\u00e9s<\/a> dont <a target=\"_blank\" href=\"https:\/\/bonsens.info\/bonsens-org-lance-un-combat-decisif-contre-les-conflits-dinterets-au-ministere-de-la-sante\/\">l\u2019association BonSens.org a demand\u00e9 le retrait<\/a>. Sans auto-critique, cette mission ressemble \u00e0 un aveu d&rsquo;\u00e9chec institutionnel.<\/p>\n<p>\u00a0<\/p>\n<h5><strong>Qui va contr\u00f4ler l&rsquo;\u00c9tat et ses \u00ab\u00a0<\/strong><em><strong>v\u00e9rit\u00e9s \u00e9tatiques<\/strong><\/em><strong>\u00a0\u00bb ?<\/strong><\/h5>\n<p>C&rsquo;est la question lancinante. La D\u00e9claration de Paris appelle \u00e0 un \u00ab\u00a0<em>multilat\u00e9ralisme renforc\u00e9<\/em>\u00a0\u00bb via l&rsquo;UNESCO et l&rsquo;ONU, mais sans m\u00e9canismes de recours ind\u00e9pendants. En France, la loi anti-fake news de 2018, censur\u00e9e par le Conseil constitutionnel pour exc\u00e8s, hante les esprits. Si l&rsquo;\u00c9tat subventionne les m\u00e9dias et contribue \u00e0 dicter les \u00ab\u00a0<em>r\u00e8gles de la communaut\u00e9<\/em>\u00a0\u00bb sur YouTube, <strong>qui auditera ses propres narratifs ?<\/strong> La Cour des comptes certifie la \u00ab\u00a0<em>sinc\u00e9rit\u00e9<\/em>\u00a0\u00bb des comptes de l&rsquo;\u00c9tat pour 2023, <strong>mais pour 2025, elle menace de refuser la certification si le d\u00e9ficit persiste<\/strong>. Quant aux enqu\u00eates parlementaires sur la censure COVID, elles restent lettre morte.<\/p>\n<p>France-Soir, dans <a target=\"_blank\" href=\"https:\/\/www.francesoir.fr\/opinions-editos\/emmanuel-macron-au-defi-de-la-verite\">un article \u00ab\u00a0D\u00e9fi de la v\u00e9rit\u00e9\u00a0\u00bb de 2021<\/a>, l&rsquo;avait pr\u00e9dit : <strong>sans transparence<\/strong> (mod\u00e8les \u00e9pid\u00e9miologiques publi\u00e9s, conflits d&rsquo;int\u00e9r\u00eats du comit\u00e9 scientifique), <strong>le relativisme n&rsquo;est pas une menace externe \u2013 c&rsquo;est l&rsquo;ADN de l&rsquo;ex\u00e9cutif<\/strong>. Aujourd&rsquo;hui, <a target=\"_blank\" href=\"https:\/\/www.francesoir.fr\/politique-france\/medias-peur-et-mensonges-les-francais-disent-stop\">84 % des Fran\u00e7ais croient que les m\u00e9dias amplifient la peur par propagande<\/a>, et 53 % boycottent la presse subventionn\u00e9e. La fracture est l\u00e0 : <strong>une \u00e9lite qui impose sa \u00ab\u00a0<\/strong><em><strong>v\u00e9rit\u00e9<\/strong><\/em><strong>\u00a0\u00bb, et un peuple qui, lass\u00e9, se tourne vers les alternatives.<\/strong><\/p>\n<p>\u00a0<\/p>\n<h5><a target=\"_blank\" href=\"https:\/\/www.francesoir.fr\/opinions-editos\/vrais-mensonges-et-fausses-verites-les-nouveaux-standards-de-la-propagande-1\"><strong>Vrais mensonges, fausses v\u00e9rit\u00e9s<\/strong><\/a><strong> : une \u00e9rosion morale<\/strong><\/h5>\n<p>Parler de \u00ab\u00a0<em>vrais mensonges<\/em>\u00a0\u00bb \u2013 ces contre-v\u00e9rit\u00e9s assum\u00e9es pour un \u00ab\u00a0<em>bien sup\u00e9rieur<\/em>\u00a0\u00bb \u2013 ou de \u00ab\u00a0<em>fausses v\u00e9rit\u00e9s<\/em>\u00a0\u00bb \u2013 des faits d\u00e9form\u00e9s en dogmes incontestables \u2013 <strong>n&rsquo;est pas une posture cynique. C&rsquo;est un diagnostic.<\/strong> Sur le COVID, les assertions de Macron en 2021 (vaccins \u00ab\u00a0<em>divisent par douze la contagion<\/em>\u00a0\u00bb) se sont effondr\u00e9es <a target=\"_blank\" href=\"https:\/\/www.francesoir.fr\/videos-les-debriefings\/analyse-des-assertions-scientifiques-demmanuel-macron-par-le-pr-peter\">sous l&rsquo;analyse du Pr Peter McCullough<\/a>.<\/p>\n<p>Sur le climat, les promesses de \u00ab\u00a0<em>z\u00e9ro carbone en 2050<\/em>\u00a0\u00bb masquent une d\u00e9pendance aux \u00e9nergies fossiles. Et les comptes de la nation ? Les chiffres INSEE pour le T3 2025 montrent un PIB en hausse (+0,5 %), mais une dette qui explose sans alarme. La Cour des comptes, dans son rapport de f\u00e9vrier 2025, pointe un \u00ab\u00a0<em>investissement pour France 2030<\/em>\u00a0\u00bb mal calibr\u00e9, avec des indicateurs truqu\u00e9s pour valider les maquettes budg\u00e9taires.<\/p>\n<p>Cette inversion \u2013 <strong>o\u00f9 l&rsquo;\u00c9tat accuse les citoyens de relativisme tout en pratiquant l&rsquo;opacit\u00e9 \u2013 mine la confiance<\/strong>. Comme l&rsquo;avertissent divers \u00e9ditoriaux (<a target=\"_blank\" href=\"https:\/\/www.francesoir.fr\/opinions-editos\/au-nom-de-la-verite-si-je-mens-ou-le-mensonge-dans-la-peau\">Le mensonge dans la peau<\/a>, <a target=\"_blank\" href=\"https:\/\/www.francesoir.fr\/opinions-editos\/la-verite-travestie-quand-le-mensonge-s-invite-partout-la-verite-est-elle-un-luxe\">la v\u00e9rit\u00e9 est-elle un luxe<\/a>) les divers mensonges \u00e9conomiques \u00ab\u00a0<em>obstruent le d\u00e9bat<\/em>\u00a0\u00bb, rendant impossible une politique lucide, des d\u00e9cisions inform\u00e9es des d\u00e9put\u00e9s et des citoyens laiss\u00e9s pour compte ou <a target=\"_blank\" href=\"https:\/\/www.francesoir.fr\/opinions-editos\/s-interroger-est-il-encore-possible-fausses-verites-contre-vrais-mensonges\">\u00e9tiquet\u00e9s \u00ab\u00a0complotistes\u00a0\u00bb quand ils s\u2019interrogent<\/a>.<\/p>\n<p>\u00a0<\/p>\n<h5><strong>Vers une vigilance collective essentielle<\/strong><\/h5>\n<p>La D\u00e9claration de Paris aurait d\u00fb \u00eatre un pas vers un journalisme lib\u00e9r\u00e9, mais sans autocritique, <strong>elle n&rsquo;est qu&rsquo;un voile sur les failles de l&rsquo;\u00c9tat<\/strong>. Les le\u00e7ons de France-Soir \u2013 chaine YouTube ferm\u00e9e pour rien pendant 4 ans, <a target=\"_blank\" href=\"https:\/\/edition.francesoir.fr\/politique-monde-societe-justice-science-tech\/google-admet-la-censure-sous-pression-de-l\">rouverte suite aux aveux de censure<\/a> \u2013 et les dysfonctionnements de SPF hurlent une v\u00e9rit\u00e9 simple : <strong>les \u00ab\u00a0complotistes\u00a0\u00bb d&rsquo;hier sont les visionnaires d&rsquo;aujourd&rsquo;hui<\/strong>.<\/p>\n<blockquote>\n<p>Face \u00e0 des \u00ab\u00a0<em>vrais mensonges<\/em>\u00a0\u00bb qui saignent la d\u00e9mocratie, <strong>il est temps de renverser la charge de la preuve : que l&rsquo;\u00c9tat publie ses donn\u00e9es brutes, soumette ses narratifs \u00e0 un audit ind\u00e9pendant, et cesse de subventionner la complaisance<\/strong>.<\/p>\n<p>Sinon, l\u2019\u00a0\u00ab\u00a0int\u00e9grit\u00e9 de l&rsquo;information\u00a0\u00bb ne sera qu&rsquo;un oxymore. Les Fran\u00e7ais, gardiens ultimes de la R\u00e9publique, doivent exiger plus qu&rsquo;un bien public : <strong>une v\u00e9rit\u00e9 nue, sans fard \u00e9tatique<\/strong>. Car, comme l&rsquo;\u00e9crivait Hugo, \u00ab\u00a0<em>si je mens, il n&rsquo;en reste qu&rsquo;un<\/em>\u00a0\u00bb \u2013 et ce sera celui de la raison partag\u00e9e.<\/p>\n<\/blockquote>\n<p>Et c\u2019est bien dans cette d\u00e9marche que <a target=\"_blank\" href=\"https:\/\/www.francesoir.fr\/opinions-editos\/et-s-il-n-en-reste-qu-un-france-soir-sera-celui-la\"><em>France-Soir s\u2019inscrit<\/em><\/a>.<\/p>\n<\/div>\n<p><script>(function(d, s, id) {  var js, fjs = d.getElementsByTagName(s)[0];  if (d.getElementById(id)) return;  js = d.createElement(s); js.id = id;  js.src = \"\/\/connect.facebook.net\/fr_FR\/sdk.js#xfbml=1&version=v2.3\";  fjs.parentNode.insertBefore(js, fjs);}(document, \"script\", \"facebook-jssdk\"));<\/script><br \/>\n<br \/><br \/>\n<br \/><a href=\"https:\/\/www.francesoir.fr\/opinions-editos\/la-declaration-de-paris-l-etat-artisan-de-ses-propres-mensonges-face-une-verite-qu\" target=\"_blank\"\">Source link <\/a><\/p>\n","protected":false},"excerpt":{"rendered":"<p>R\u00e9sum\u00e9 pour les press\u00e9s\u00a0: le 29 octobre 2025, au Forum de Paris sur la Paix, Emmanuel Macron parade avec 29 nations complices pour signer une D\u00e9claration qui \u00e9l\u00e8ve l&rsquo;information \u00ab\u00a0ind\u00e9pendante&hellip; <\/p>\n","protected":false},"author":1,"featured_media":18728,"comment_status":"open","ping_status":"open","sticky":false,"template":"","format":"standard","meta":{"footnotes":""},"categories":[1],"tags":[],"class_list":["post-18727","post","type-post","status-publish","format-standard","has-post-thumbnail","hentry","category-non-classe"],"_links":{"self":[{"href":"https:\/\/monde25.info\/index.php\/wp-json\/wp\/v2\/posts\/18727","targetHints":{"allow":["GET"]}}],"collection":[{"href":"https:\/\/monde25.info\/index.php\/wp-json\/wp\/v2\/posts"}],"about":[{"href":"https:\/\/monde25.info\/index.php\/wp-json\/wp\/v2\/types\/post"}],"author":[{"embeddable":true,"href":"https:\/\/monde25.info\/index.php\/wp-json\/wp\/v2\/users\/1"}],"replies":[{"embeddable":true,"href":"https:\/\/monde25.info\/index.php\/wp-json\/wp\/v2\/comments?post=18727"}],"version-history":[{"count":0,"href":"https:\/\/monde25.info\/index.php\/wp-json\/wp\/v2\/posts\/18727\/revisions"}],"wp:featuredmedia":[{"embeddable":true,"href":"https:\/\/monde25.info\/index.php\/wp-json\/wp\/v2\/media\/18728"}],"wp:attachment":[{"href":"https:\/\/monde25.info\/index.php\/wp-json\/wp\/v2\/media?parent=18727"}],"wp:term":[{"taxonomy":"category","embeddable":true,"href":"https:\/\/monde25.info\/index.php\/wp-json\/wp\/v2\/categories?post=18727"},{"taxonomy":"post_tag","embeddable":true,"href":"https:\/\/monde25.info\/index.php\/wp-json\/wp\/v2\/tags?post=18727"}],"curies":[{"name":"wp","href":"https:\/\/api.w.org\/{rel}","templated":true}]}}