{"id":18815,"date":"2025-11-04T00:07:40","date_gmt":"2025-11-03T23:07:40","guid":{"rendered":"https:\/\/monde25.info\/index.php\/2025\/11\/04\/teletravailler-sous-ordonnance-le-nouvel-arret-maladie-des-deputes\/"},"modified":"2025-11-04T00:07:40","modified_gmt":"2025-11-03T23:07:40","slug":"teletravailler-sous-ordonnance-le-nouvel-arret-maladie-des-deputes","status":"publish","type":"post","link":"https:\/\/monde25.info\/index.php\/2025\/11\/04\/teletravailler-sous-ordonnance-le-nouvel-arret-maladie-des-deputes\/","title":{"rendered":"T\u00e9l\u00e9travailler sous ordonnance, le nouvel arr\u00eat maladie des d\u00e9put\u00e9s"},"content":{"rendered":"<p> <br \/>\n<\/p>\n<div>\n<p><strong>Entre \u00ab continuit\u00e9 d\u2019activit\u00e9 \u00bb et surmenage, l\u2019Assembl\u00e9e nationale voudrait donner un cadre l\u00e9gal \u00e0 des pratiques jusque-l\u00e0 discr\u00e8tes. La commission des Affaires sociales, en pleine r\u00e9vision du budget de la S\u00e9curit\u00e9 sociale 2026, a valid\u00e9 deux amendements permettant aux m\u00e9decins de prescrire du t\u00e9l\u00e9travail ou un changement de poste plut\u00f4t qu\u2019un arr\u00eat maladie. Une mesure qui ferait de la convalescence une variable d\u2019ajustement \u00e9conomique.<\/strong><\/p>\n<p>Selon <a target=\"_blank\" href=\"https:\/\/www.lesechos.fr\/economie-france\/social\/arrets-maladie-des-deputes-veulent-autoriser-des-alternatives-2195931\"><em>Les \u00c9chos<\/em><\/a>, 76 % des salari\u00e9s interrog\u00e9s par l\u2019Observatoire du t\u00e9l\u00e9travail en octobre disent avoir d\u00e9j\u00e0 travaill\u00e9 malades. D\u00e9sormais, ce comportement pourrait devenir officiel, \u00e0 condition que le poste s\u2019y pr\u00eate et que le salari\u00e9 y consente. L\u2019amendement du d\u00e9put\u00e9 LR Thibault Bazin pr\u00e9cise que le m\u00e9decin devra s\u2019assurer de la compatibilit\u00e9 de la situation avec la sant\u00e9 du patient, \u00e9ventuellement en lien avec le m\u00e9decin du travail. En parall\u00e8le, une modification juridique ent\u00e9rine la jurisprudence de la Cour de cassation selon laquelle l\u2019incapacit\u00e9 ouvrant droit aux indemnit\u00e9s ne d\u00e9pend plus seulement de l\u2019inaptitude au poste habituel, mais de l\u2019impossibilit\u00e9 d\u2019exercer toute activit\u00e9 salari\u00e9e.<\/p>\n<p>Derri\u00e8re cette r\u00e9forme se cache une double ambition : freiner la hausse vertigineuse des indemnit\u00e9s journali\u00e8res, pass\u00e9es de 6 \u00e0 plus de 11 milliards d\u2019euros en quinze ans, et lutter contre la fraude. Un amendement compl\u00e9mentaire impose m\u00eame aux organismes de S\u00e9curit\u00e9 sociale de signaler toute fraude \u00e0 l\u2019employeur, qui pourra suspendre le maintien de salaire. Les syndicats y voient d\u00e9j\u00e0 une pente glissante entre confiance et contr\u00f4le.<\/p>\n<\/div>\n<p><script>(function(d, s, id) {  var js, fjs = d.getElementsByTagName(s)[0];  if (d.getElementById(id)) return;  js = d.createElement(s); js.id = id;  js.src = \"\/\/connect.facebook.net\/fr_FR\/sdk.js#xfbml=1&version=v2.3\";  fjs.parentNode.insertBefore(js, fjs);}(document, \"script\", \"facebook-jssdk\"));<\/script><br \/>\n<br \/><br \/>\n<br \/><a href=\"https:\/\/www.francesoir.fr\/politique-france\/teletravailler-sous-ordonnance-le-nouvel-arret-maladie-des-deputes\" target=\"_blank\"\">Source link <\/a><\/p>\n","protected":false},"excerpt":{"rendered":"<p>Entre \u00ab continuit\u00e9 d\u2019activit\u00e9 \u00bb et surmenage, l\u2019Assembl\u00e9e nationale voudrait donner un cadre l\u00e9gal \u00e0 des pratiques jusque-l\u00e0 discr\u00e8tes. La commission des Affaires sociales, en pleine r\u00e9vision du budget de&hellip; <\/p>\n","protected":false},"author":1,"featured_media":18816,"comment_status":"open","ping_status":"open","sticky":false,"template":"","format":"standard","meta":{"footnotes":""},"categories":[1],"tags":[],"class_list":["post-18815","post","type-post","status-publish","format-standard","has-post-thumbnail","hentry","category-non-classe"],"_links":{"self":[{"href":"https:\/\/monde25.info\/index.php\/wp-json\/wp\/v2\/posts\/18815","targetHints":{"allow":["GET"]}}],"collection":[{"href":"https:\/\/monde25.info\/index.php\/wp-json\/wp\/v2\/posts"}],"about":[{"href":"https:\/\/monde25.info\/index.php\/wp-json\/wp\/v2\/types\/post"}],"author":[{"embeddable":true,"href":"https:\/\/monde25.info\/index.php\/wp-json\/wp\/v2\/users\/1"}],"replies":[{"embeddable":true,"href":"https:\/\/monde25.info\/index.php\/wp-json\/wp\/v2\/comments?post=18815"}],"version-history":[{"count":0,"href":"https:\/\/monde25.info\/index.php\/wp-json\/wp\/v2\/posts\/18815\/revisions"}],"wp:featuredmedia":[{"embeddable":true,"href":"https:\/\/monde25.info\/index.php\/wp-json\/wp\/v2\/media\/18816"}],"wp:attachment":[{"href":"https:\/\/monde25.info\/index.php\/wp-json\/wp\/v2\/media?parent=18815"}],"wp:term":[{"taxonomy":"category","embeddable":true,"href":"https:\/\/monde25.info\/index.php\/wp-json\/wp\/v2\/categories?post=18815"},{"taxonomy":"post_tag","embeddable":true,"href":"https:\/\/monde25.info\/index.php\/wp-json\/wp\/v2\/tags?post=18815"}],"curies":[{"name":"wp","href":"https:\/\/api.w.org\/{rel}","templated":true}]}}