{"id":18823,"date":"2025-11-04T02:52:35","date_gmt":"2025-11-04T01:52:35","guid":{"rendered":"https:\/\/monde25.info\/index.php\/2025\/11\/04\/en-dordogne-des-centaines-de-manifestants-contre-40-hectares-de-carriere\/"},"modified":"2025-11-04T02:52:35","modified_gmt":"2025-11-04T01:52:35","slug":"en-dordogne-des-centaines-de-manifestants-contre-40-hectares-de-carriere","status":"publish","type":"post","link":"https:\/\/monde25.info\/index.php\/2025\/11\/04\/en-dordogne-des-centaines-de-manifestants-contre-40-hectares-de-carriere\/","title":{"rendered":"En Dordogne, des centaines de manifestants contre 40 hectares de carri\u00e8re"},"content":{"rendered":"<p> <br \/>\n<br \/><img loading=\"lazy\" decoding=\"async\" src=\"https:\/\/reporterre.net\/local\/cache-vignettes\/L700xH467\/editrazac4-2b389.jpg?1762184052\" class=\"spip_logo\" width=\"700\" height=\"467\" alt=\"\" \/><\/p>\n<p>Les opposants \u00e0 l&rsquo;extension d&rsquo;une carri\u00e8re de quartz de l&rsquo;entreprise Imerys ont manifest\u00e9 en Dordogne le 1\u1d49\u02b3 novembre. Ils ont \u00e9t\u00e9 rejoints par les \u00e9cologistes qui luttent contre d&rsquo;autres projets miniers en France et dans le monde. <br class=\"autobr\" \/> Thiviers (Dordogne), reportage <br class=\"autobr\" \/><br \/>\nSamedi 1\u1d49\u02b3 novembre, entre 200 et 300\u00a0personnes se sont r\u00e9unies \u00e0 Thiviers, en Dordogne, pour s&rsquo;opposer \u00e0 l&rsquo;extension de la carri\u00e8re de quartz de l&rsquo;entreprise Imerys. 4\u00a0hectares de bois ont d\u00e9j\u00e0 \u00e9t\u00e9 abattus le 22\u00a0octobre. Les\u00a0(\u2026)<\/p>\n<p>                    <a target=\"_blank\" href=\"https:\/\/reporterre.net\/En-Dordogne-des-centaines-de-manifestants-contre-40-hectares-de-carriere?utm_source=RSS&amp;utm_medium=RSS\">Lire la suite<\/a><\/p>\n<p>                    &#8211;<br \/>\n                        <a target=\"_blank\" href=\"https:\/\/reporterre.net\/Reportage\" rel=\"directory\">Reportage<\/a><\/p>\n<p>                    \/<br \/>\n                        <a target=\"_blank\" href=\"https:\/\/reporterre.net\/Mines-et-Gaz-de-schiste\" rel=\"tag\">Mines et m\u00e9taux<\/a><br \/>\n                    ,<br \/>\n                        <a target=\"_blank\" href=\"https:\/\/reporterre.net\/Luttes\" rel=\"tag\">Luttes<\/a><br \/>\n<br \/><br \/>\n<br \/><a href=\"https:\/\/reporterre.net\/En-Dordogne-des-centaines-de-manifestants-contre-40-hectares-de-carriere\" target=\"_blank\"\">Source link <\/a><\/p>\n","protected":false},"excerpt":{"rendered":"<p>Les opposants \u00e0 l&rsquo;extension d&rsquo;une carri\u00e8re de quartz de l&rsquo;entreprise Imerys ont manifest\u00e9 en Dordogne le 1\u1d49\u02b3 novembre. Ils ont \u00e9t\u00e9 rejoints par les \u00e9cologistes qui luttent contre d&rsquo;autres projets&hellip; <\/p>\n","protected":false},"author":1,"featured_media":0,"comment_status":"open","ping_status":"open","sticky":false,"template":"","format":"standard","meta":{"footnotes":""},"categories":[1],"tags":[],"class_list":["post-18823","post","type-post","status-publish","format-standard","hentry","category-non-classe"],"_links":{"self":[{"href":"https:\/\/monde25.info\/index.php\/wp-json\/wp\/v2\/posts\/18823","targetHints":{"allow":["GET"]}}],"collection":[{"href":"https:\/\/monde25.info\/index.php\/wp-json\/wp\/v2\/posts"}],"about":[{"href":"https:\/\/monde25.info\/index.php\/wp-json\/wp\/v2\/types\/post"}],"author":[{"embeddable":true,"href":"https:\/\/monde25.info\/index.php\/wp-json\/wp\/v2\/users\/1"}],"replies":[{"embeddable":true,"href":"https:\/\/monde25.info\/index.php\/wp-json\/wp\/v2\/comments?post=18823"}],"version-history":[{"count":0,"href":"https:\/\/monde25.info\/index.php\/wp-json\/wp\/v2\/posts\/18823\/revisions"}],"wp:attachment":[{"href":"https:\/\/monde25.info\/index.php\/wp-json\/wp\/v2\/media?parent=18823"}],"wp:term":[{"taxonomy":"category","embeddable":true,"href":"https:\/\/monde25.info\/index.php\/wp-json\/wp\/v2\/categories?post=18823"},{"taxonomy":"post_tag","embeddable":true,"href":"https:\/\/monde25.info\/index.php\/wp-json\/wp\/v2\/tags?post=18823"}],"curies":[{"name":"wp","href":"https:\/\/api.w.org\/{rel}","templated":true}]}}