{"id":18832,"date":"2025-11-04T05:37:49","date_gmt":"2025-11-04T04:37:49","guid":{"rendered":"https:\/\/monde25.info\/index.php\/2025\/11\/04\/vers-une-solution-equilibree-entre-le-maroc-et-le-front-polisario\/"},"modified":"2025-11-04T05:37:49","modified_gmt":"2025-11-04T04:37:49","slug":"vers-une-solution-equilibree-entre-le-maroc-et-le-front-polisario","status":"publish","type":"post","link":"https:\/\/monde25.info\/index.php\/2025\/11\/04\/vers-une-solution-equilibree-entre-le-maroc-et-le-front-polisario\/","title":{"rendered":"vers une solution \u00e9quilibr\u00e9e entre le Maroc et le Front Polisario ? \u00bb"},"content":{"rendered":"<p> <br \/>\n<\/p>\n<div style=\"word-wrap:break-word;\">\n<p>Une nouvelle initiative de paix propose une solution \u00e9quilibr\u00e9e au conflit du Sahara occidental, fond\u00e9e sur le partage du territoire entre le Maroc et le Front Polisario, repr\u00e9sentant du peuple sahraoui.<\/p>\n<p>Selon cette proposition, environ 60\u00a0% du territoire reviendrait au Maroc, tandis que 40\u00a0% seraient attribu\u00e9s au Front Polisario, afin de permettre aux Sahraouis de disposer d\u2019un espace viable et souverain.<\/p>\n<p>L\u2019un des points centraux de cette proposition est la garantie pour les Sahraouis d\u2019un acc\u00e8s \u00e0 l\u2019oc\u00e9an Atlantique, \u00e0 travers la cr\u00e9ation d\u2019un port autonome, leur permettant de d\u00e9velopper leur \u00e9conomie, d\u2019assurer leur ind\u00e9pendance et de pr\u00e9server leurs droits fondamentaux.<\/p>\n<p>L\u2019accord de paix serait sign\u00e9 dans une d\u00e9marche hautement symbolique\u00a0: \u00e0 la Grande Mosqu\u00e9e de Rabat et \u00e0 la Grande Mosqu\u00e9e d\u2019Alger, en pr\u00e9sence des fid\u00e8les, des repr\u00e9sentants de l\u2019Organisation des Nations Unies, de l\u2019Union Africaine, de l\u2019Union Europ\u00e9enne, ainsi que de grands savants et imams des deux pays et du monde musulman.<\/p>\n<p>Le texte de l\u2019accord pr\u00e9voirait plusieurs garanties\u00a0:<\/p>\n<ul class=\"spip\" role=\"list\">\n<li> Le droit des Sahraouis \u00e0 une autonomie compl\u00e8te dans la gestion de leurs affaires locales, avec protection de leur s\u00e9curit\u00e9 et de leur dignit\u00e9.<\/li>\n<\/ul>\n<ul class=\"spip\" role=\"list\">\n<li> La reconnaissance du peuple sahraoui et de son \u00c9tat par le Maroc, accompagn\u00e9e d\u2019un engagement \u00e0 respecter ses institutions et \u00e0 ne pas interf\u00e9rer dans ses affaires internes.<\/li>\n<\/ul>\n<ul class=\"spip\" role=\"list\">\n<li> L\u2019acc\u00e8s au littoral atlantique et la gestion d\u2019un port \u00e9conomique propre.<\/li>\n<\/ul>\n<ul class=\"spip\" role=\"list\">\n<li> L\u2019engagement mutuel de non-agression et le respect des fronti\u00e8res existantes.<\/li>\n<\/ul>\n<ul class=\"spip\" role=\"list\">\n<li> La cr\u00e9ation d\u2019un m\u00e9canisme international de suivi pour garantir l\u2019application de l\u2019accord et la stabilit\u00e9 de la r\u00e9gion.<\/li>\n<\/ul>\n<ul class=\"spip\" role=\"list\">\n<li> Une gestion \u00e9quitable et concert\u00e9e des ressources naturelles, dans l\u2019int\u00e9r\u00eat des populations locales.<\/li>\n<\/ul>\n<p>Cette approche, fond\u00e9e sur la r\u00e9conciliation, le r\u00e9alisme et le respect mutuel, pourrait constituer une avanc\u00e9e majeure vers la paix durable au Maghreb et en Afrique du Nord.<\/p>\n<p>Elle met en avant la force du dialogue, de la justice et de la sagesse comme seules voies possibles pour mettre fin \u00e0 des d\u00e9cennies de conflit et ouvrir la voie \u00e0 un avenir de coop\u00e9ration et de coexistence pacifique entre les peuples.<\/p>\n<\/div>\n<p><br \/>\n<br \/><a href=\"https:\/\/www.legrandsoir.info\/sahara-occidental-vers-une-solution-equilibree-entre-le-maroc-et-le-front-polisario.html\" target=\"_blank\"\">Source link <\/a><\/p>\n","protected":false},"excerpt":{"rendered":"<p>Une nouvelle initiative de paix propose une solution \u00e9quilibr\u00e9e au conflit du Sahara occidental, fond\u00e9e sur le partage du territoire entre le Maroc et le Front Polisario, repr\u00e9sentant du peuple&hellip; <\/p>\n","protected":false},"author":1,"featured_media":18833,"comment_status":"open","ping_status":"open","sticky":false,"template":"","format":"standard","meta":{"footnotes":""},"categories":[1],"tags":[],"class_list":["post-18832","post","type-post","status-publish","format-standard","has-post-thumbnail","hentry","category-non-classe"],"_links":{"self":[{"href":"https:\/\/monde25.info\/index.php\/wp-json\/wp\/v2\/posts\/18832","targetHints":{"allow":["GET"]}}],"collection":[{"href":"https:\/\/monde25.info\/index.php\/wp-json\/wp\/v2\/posts"}],"about":[{"href":"https:\/\/monde25.info\/index.php\/wp-json\/wp\/v2\/types\/post"}],"author":[{"embeddable":true,"href":"https:\/\/monde25.info\/index.php\/wp-json\/wp\/v2\/users\/1"}],"replies":[{"embeddable":true,"href":"https:\/\/monde25.info\/index.php\/wp-json\/wp\/v2\/comments?post=18832"}],"version-history":[{"count":0,"href":"https:\/\/monde25.info\/index.php\/wp-json\/wp\/v2\/posts\/18832\/revisions"}],"wp:featuredmedia":[{"embeddable":true,"href":"https:\/\/monde25.info\/index.php\/wp-json\/wp\/v2\/media\/18833"}],"wp:attachment":[{"href":"https:\/\/monde25.info\/index.php\/wp-json\/wp\/v2\/media?parent=18832"}],"wp:term":[{"taxonomy":"category","embeddable":true,"href":"https:\/\/monde25.info\/index.php\/wp-json\/wp\/v2\/categories?post=18832"},{"taxonomy":"post_tag","embeddable":true,"href":"https:\/\/monde25.info\/index.php\/wp-json\/wp\/v2\/tags?post=18832"}],"curies":[{"name":"wp","href":"https:\/\/api.w.org\/{rel}","templated":true}]}}