{"id":18853,"date":"2025-11-04T13:53:49","date_gmt":"2025-11-04T12:53:49","guid":{"rendered":"https:\/\/monde25.info\/index.php\/2025\/11\/04\/avant-la-guerre-la-peur-letat-muscle-son-appareil-securitaire-face-a-sa-propre-population\/"},"modified":"2025-11-04T13:53:49","modified_gmt":"2025-11-04T12:53:49","slug":"avant-la-guerre-la-peur-letat-muscle-son-appareil-securitaire-face-a-sa-propre-population","status":"publish","type":"post","link":"https:\/\/monde25.info\/index.php\/2025\/11\/04\/avant-la-guerre-la-peur-letat-muscle-son-appareil-securitaire-face-a-sa-propre-population\/","title":{"rendered":"Avant la guerre, la peur : l\u2019\u00c9tat muscle son appareil s\u00e9curitaire face \u00e0 sa propre population"},"content":{"rendered":"<p> <br \/>\n<\/p>\n<div>\n<p>Le message du g\u00e9n\u00e9ral Fabien Mandon, nouveau chef d\u2019\u00e9tat-major des arm\u00e9es, a fait l\u2019effet d\u2019un \u00e9lectrochoc : les forces fran\u00e7aises doivent \u00ab se tenir pr\u00eates \u00e0 un choc dans les trois ou quatre ans \u00e0 venir \u00bb. Une mise en garde lourde de sous-entendus : la France doit se pr\u00e9parer \u00e0 la guerre. Mais laquelle, contre qui, au juste ? La Russie, d\u00e9sign\u00e9e comme menace principale par le CEMA ? Ou une partie de ses propres citoyens, que le gouvernement soup\u00e7onne d\u00e9j\u00e0 de s\u2019opposer \u00e0 une intervention \u00e0 l\u2019Est ? Telle est la question !<\/p>\n<p><strong>L\u2019ombre d\u2019un engagement \u00e0 l\u2019Est<\/strong><\/p>\n<p>Depuis de nombreux mois d\u00e9j\u00e0, les signaux se multiplient : dans les \u00e9tats-majors, \u00e0 Matignon et \u00e0 l\u2019\u00c9lys\u00e9e, on \u00e9voque ouvertement la possibilit\u00e9 d\u2019un engagement militaire majeur en Europe de l\u2019Est, en soutien \u00e0 l\u2019Otan ou \u00e0 un pays alli\u00e9. Le chef des arm\u00e9es le dit sans d\u00e9tour : une Russie \u00ab tent\u00e9e de poursuivre la guerre sur notre continent \u00bb impose \u00e0 la France d\u2019\u00eatre pr\u00eate. Mais pr\u00eate \u00e0 quoi en fait ?<\/p>\n<p>Cette rh\u00e9torique guerri\u00e8re s\u2019accompagne d\u2019une pr\u00e9paration certes moins visible, mais n\u00e9anmoins bel et bien l\u00e0 : celle d\u2019un dispositif de s\u00e9curit\u00e9 int\u00e9rieure destin\u00e9 \u00e0 contenir les r\u00e9actions que pourrait provoquer une telle d\u00e9cision. Au minist\u00e8re de l\u2019Int\u00e9rieur, on ne se fait gu\u00e8re d\u2019illusion : un envoi de troupes \u00e0 l\u2019Est pourrait rallumer les braises d\u2019une contestation sociale et politique d\u00e9j\u00e0 vive.<\/p>\n<p><strong>La Gendarmerie en premi\u00e8re ligne du \u201cfront int\u00e9rieur\u201d<\/strong><\/p>\n<p>Le g\u00e9n\u00e9ral <a target=\"_blank\" href=\"https:\/\/www.opex360.com\/2025\/11\/01\/la-gendarmerie-met-en-garde-contre-un-risque-dagitation-en-france-en-cas-dengagement-majeur-a-lest\/\">Hubert Bonneau<\/a>, directeur g\u00e9n\u00e9ral de la Gendarmerie nationale (DGGN), l\u2019a reconnu devant les parlementaires : <strong>\u00ab Si nous avons un engagement majeur \u00e0 l\u2019Est, je pense que cela ne se passera pas sans agitation sur le territoire national. \u00bb<\/strong><\/p>\n<p>Un euph\u00e9misme pour d\u00e9crire une inqui\u00e9tude bien r\u00e9elle. Dans un rapport interne, la Gendarmerie se pr\u00e9pare d\u00e9sormais \u00e0 r\u00e9primer d\u2019\u00e9ventuelles manifestations hostiles \u00e0 un engagement militaire, \u00e0 faire face \u00e0 des actions de sabotage, voire \u00e0 des op\u00e9rations d\u2019influence ou de d\u00e9sinformation, pourquoi pas orchestr\u00e9es depuis l\u2019\u00e9tranger. La guerre ext\u00e9rieure aurait son miroir int\u00e9rieur, du macrocosme au microcosme\u2026 et le maintien de l\u2019ordre deviendra de fait le prolongement de la politique de d\u00e9fense, voire m\u00eame le nerf de la guerre.<\/p>\n<p>Cette logique de \u201ccontinuum s\u00e9curit\u00e9\u2013d\u00e9fense\u201d est assum\u00e9e par la hi\u00e9rarchie militaire. Elle inqui\u00e8te toutefois certains observateurs, qui y voient une militarisation croissante de la s\u00e9curit\u00e9 int\u00e9rieure et un risque de confusion entre contestation politique et menace \u00e0 la s\u00fbret\u00e9 nationale, un amalgame ais\u00e9 qui autoriserait du coup pas mal de d\u00e9bordements c\u00f4t\u00e9 d\u00e9mocratie.<\/p>\n<p><strong>Les \u201cCentaures\u201d, symbole d\u2019une pr\u00e9paration tous azimuts, au milieu de millions de munitions\u00a0<\/strong><\/p>\n<p>Le d\u00e9ploiement des v\u00e9hicules blind\u00e9s Centaure le 18 septembre dernier illustre cette \u00e9volution.<br \/>Vingt-quatre engins, parmi les quatre-vingt-dix command\u00e9s par l&rsquo;\u00c9lys\u00e9e, \u00e9quip\u00e9s de grenades lacrymog\u00e8nes, cam\u00e9ras thermiques et d\u2019un syst\u00e8me pouvant accueillir une mitrailleuse l\u00e9g\u00e8re, ont \u00e9t\u00e9 mobilis\u00e9s dans toute la France lors d\u2019une journ\u00e9e de gr\u00e8ve nationale \u2014 du jamais-vu. Une mise en garde ?<\/p>\n<p>Selon Le Figaro, les services de renseignement redoutaient la pr\u00e9sence de plus de 8 000 individus \u201c\u00e0 risque\u201d. Mais pour beaucoup, ce d\u00e9ploiement massif a surtout marqu\u00e9 le retour d\u2019une logique de confrontation entre l\u2019\u00c9tat et une partie de sa population. Un signe, peut-\u00eatre, que le gouvernement se pr\u00e9pare \u00e0 g\u00e9rer une guerre\u2026 sur deux fronts : ext\u00e9rieur, mais surtout int\u00e9rieur.<\/p>\n<p><strong>Quand la d\u00e9fense du territoire commence dans la rue<\/strong><\/p>\n<p>Officiellement, il ne s\u2019agit que de prudence. Le g\u00e9n\u00e9ral Bonneau \u00e9voque la n\u00e9cessit\u00e9 de \u00ab couvrir le territoire \u00bb et de renforcer les capacit\u00e9s de la Gendarmerie en cas de mont\u00e9e en puissance des arm\u00e9es. En pratique, le dispositif ressemble de plus en plus \u00e0 un pr\u00e9-positionnement s\u00e9curitaire pr\u00e9ventif \u2014 pour encadrer, voire neutraliser, toute forme d\u2019opposition \u00e0 une future intervention, une opposition donc politique.<\/p>\n<p>Avec 800 millions d\u2019euros pr\u00e9vus pour moderniser ses \u00e9quipements \u2014 dont 22 000 fusils d\u2019assaut et de nouveaux syst\u00e8mes de vision nocturne \u2014 la Gendarmerie se dote d\u2019un arsenal qui va bien au-del\u00e0 du simple maintien de l\u2019ordre, la plupart de ces armements \u00e9tant l\u00e9taux. Pour le pouvoir, la d\u00e9fense de la nation semble d\u00e9sormais passer par la rue plut\u00f4t que par le champ de bataille.<\/p>\n<p><strong>Un \u201cchoc\u201d \u00e0 deux visages<\/strong><\/p>\n<p>Les mots du g\u00e9n\u00e9ral Mandon r\u00e9sonnent d\u00e9sormais avec une double signification.<br \/>Oui, la France se pr\u00e9pare \u00e0 un \u201cchoc\u201d g\u00e9opolitique, face \u00e0 une Russie per\u00e7ue comme une menace. Mais elle se pr\u00e9pare aussi \u00e0 un choc int\u00e9rieur, celui d\u2019une soci\u00e9t\u00e9 potentiellement fractur\u00e9e par une \u00e9ventuelle d\u00e9cision de guerre qu\u2019une bonne partie des citoyens refuserait.<\/p>\n<p>Entre peur de la Russie et peur de la contestation, le gouvernement semble avoir choisi de privil\u00e9gier la plus facile \u00e0 mater. Une question gronde, d\u00e9sormais dans le silence des salons, la guerre qui se profile se jouera-t-elle \u00e0 l\u2019Est\u2026 ou ici, en France, en passant par l&rsquo;article 16 ?<\/p>\n<\/div>\n<p><script>(function(d, s, id) {  var js, fjs = d.getElementsByTagName(s)[0];  if (d.getElementById(id)) return;  js = d.createElement(s); js.id = id;  js.src = \"\/\/connect.facebook.net\/fr_FR\/sdk.js#xfbml=1&version=v2.3\";  fjs.parentNode.insertBefore(js, fjs);}(document, \"script\", \"facebook-jssdk\"));<\/script><br \/>\n<br \/><br \/>\n<br \/><a href=\"https:\/\/www.francesoir.fr\/politique-france\/avant-la-guerre-la-peur-l-etat-muscle-son-appareil-securitaire-face-sa-propre\" target=\"_blank\"\">Source link <\/a><\/p>\n","protected":false},"excerpt":{"rendered":"<p>Le message du g\u00e9n\u00e9ral Fabien Mandon, nouveau chef d\u2019\u00e9tat-major des arm\u00e9es, a fait l\u2019effet d\u2019un \u00e9lectrochoc : les forces fran\u00e7aises doivent \u00ab se tenir pr\u00eates \u00e0 un choc dans les&hellip; <\/p>\n","protected":false},"author":1,"featured_media":18854,"comment_status":"open","ping_status":"open","sticky":false,"template":"","format":"standard","meta":{"footnotes":""},"categories":[1],"tags":[],"class_list":["post-18853","post","type-post","status-publish","format-standard","has-post-thumbnail","hentry","category-non-classe"],"_links":{"self":[{"href":"https:\/\/monde25.info\/index.php\/wp-json\/wp\/v2\/posts\/18853","targetHints":{"allow":["GET"]}}],"collection":[{"href":"https:\/\/monde25.info\/index.php\/wp-json\/wp\/v2\/posts"}],"about":[{"href":"https:\/\/monde25.info\/index.php\/wp-json\/wp\/v2\/types\/post"}],"author":[{"embeddable":true,"href":"https:\/\/monde25.info\/index.php\/wp-json\/wp\/v2\/users\/1"}],"replies":[{"embeddable":true,"href":"https:\/\/monde25.info\/index.php\/wp-json\/wp\/v2\/comments?post=18853"}],"version-history":[{"count":0,"href":"https:\/\/monde25.info\/index.php\/wp-json\/wp\/v2\/posts\/18853\/revisions"}],"wp:featuredmedia":[{"embeddable":true,"href":"https:\/\/monde25.info\/index.php\/wp-json\/wp\/v2\/media\/18854"}],"wp:attachment":[{"href":"https:\/\/monde25.info\/index.php\/wp-json\/wp\/v2\/media?parent=18853"}],"wp:term":[{"taxonomy":"category","embeddable":true,"href":"https:\/\/monde25.info\/index.php\/wp-json\/wp\/v2\/categories?post=18853"},{"taxonomy":"post_tag","embeddable":true,"href":"https:\/\/monde25.info\/index.php\/wp-json\/wp\/v2\/tags?post=18853"}],"curies":[{"name":"wp","href":"https:\/\/api.w.org\/{rel}","templated":true}]}}