{"id":18863,"date":"2025-11-04T16:38:34","date_gmt":"2025-11-04T15:38:34","guid":{"rendered":"https:\/\/monde25.info\/index.php\/2025\/11\/04\/liberons-la-colere-et-la-joie-remedes-a-lecoanxiete\/"},"modified":"2025-11-04T16:38:34","modified_gmt":"2025-11-04T15:38:34","slug":"liberons-la-colere-et-la-joie-remedes-a-lecoanxiete","status":"publish","type":"post","link":"https:\/\/monde25.info\/index.php\/2025\/11\/04\/liberons-la-colere-et-la-joie-remedes-a-lecoanxiete\/","title":{"rendered":"Lib\u00e9rons la col\u00e8re et la joie, rem\u00e8des \u00e0 l&#039;\u00e9coanxi\u00e9t\u00e9"},"content":{"rendered":"<p> <br \/>\n<br \/><img loading=\"lazy\" decoding=\"async\" src=\"https:\/\/reporterre.net\/local\/cache-vignettes\/L700xH467\/hl-7336e.jpg?1762269528\" class=\"spip_logo\" width=\"700\" height=\"467\" alt=\"\" \/><\/p>\n<p>La col\u00e8re et la joie contre l&rsquo;\u00e9coanxi\u00e9t\u00e9<small class=\"fine d-inline\">\u00a0<\/small>? En croisant les enseignements du dernier ouvrage d&rsquo;\u00c9ric la Blanche et du recueil \u00ab<small class=\"fine d-inline\">\u00a0<\/small>Pour la joie<small class=\"fine d-inline\">\u00a0<\/small>\u00bb dirig\u00e9 par Kiy\u00e9mis, cultiver ces \u00e9motions nous permettrait de nous soulever, et nous transformer. <br class=\"autobr\" \/> En ces jours d&rsquo;automne, entre le temps gris et les mauvaises nouvelles du front \u00e9cologique, l&rsquo;humeur peut rapidement virer maussade. Alors que l&rsquo;on pourrait bien vite sombrer dans la d\u00e9prime \u00e9coanxieuse, deux essais parus ces derni\u00e8res semaines invitent\u00a0(\u2026)<\/p>\n<p>                    <a target=\"_blank\" href=\"https:\/\/reporterre.net\/Liberons-la-colere-et-la-joie-remedes-a-l-ecoanxiete?utm_source=RSS&amp;utm_medium=RSS\">Lire la suite<\/a><\/p>\n<p>                    &#8211;<br \/>\n                        <a target=\"_blank\" href=\"https:\/\/reporterre.net\/idee\" rel=\"directory\">Id\u00e9e<\/a><\/p>\n<p>                    \/<br \/>\n                        <a target=\"_blank\" href=\"https:\/\/reporterre.net\/Luttes\" rel=\"tag\">Luttes<\/a><br \/>\n                    ,<br \/>\n                        <a target=\"_blank\" href=\"https:\/\/reporterre.net\/Idees\" rel=\"tag\">Id\u00e9es<\/a><br \/>\n<br \/><br \/>\n<br \/><a href=\"https:\/\/reporterre.net\/Liberons-la-colere-et-la-joie-remedes-a-l-ecoanxiete\" target=\"_blank\"\">Source link <\/a><\/p>\n","protected":false},"excerpt":{"rendered":"<p>La col\u00e8re et la joie contre l&rsquo;\u00e9coanxi\u00e9t\u00e9\u00a0? En croisant les enseignements du dernier ouvrage d&rsquo;\u00c9ric la Blanche et du recueil \u00ab\u00a0Pour la joie\u00a0\u00bb dirig\u00e9 par Kiy\u00e9mis, cultiver ces \u00e9motions nous&hellip; <\/p>\n","protected":false},"author":1,"featured_media":0,"comment_status":"open","ping_status":"open","sticky":false,"template":"","format":"standard","meta":{"footnotes":""},"categories":[1],"tags":[],"class_list":["post-18863","post","type-post","status-publish","format-standard","hentry","category-non-classe"],"_links":{"self":[{"href":"https:\/\/monde25.info\/index.php\/wp-json\/wp\/v2\/posts\/18863","targetHints":{"allow":["GET"]}}],"collection":[{"href":"https:\/\/monde25.info\/index.php\/wp-json\/wp\/v2\/posts"}],"about":[{"href":"https:\/\/monde25.info\/index.php\/wp-json\/wp\/v2\/types\/post"}],"author":[{"embeddable":true,"href":"https:\/\/monde25.info\/index.php\/wp-json\/wp\/v2\/users\/1"}],"replies":[{"embeddable":true,"href":"https:\/\/monde25.info\/index.php\/wp-json\/wp\/v2\/comments?post=18863"}],"version-history":[{"count":0,"href":"https:\/\/monde25.info\/index.php\/wp-json\/wp\/v2\/posts\/18863\/revisions"}],"wp:attachment":[{"href":"https:\/\/monde25.info\/index.php\/wp-json\/wp\/v2\/media?parent=18863"}],"wp:term":[{"taxonomy":"category","embeddable":true,"href":"https:\/\/monde25.info\/index.php\/wp-json\/wp\/v2\/categories?post=18863"},{"taxonomy":"post_tag","embeddable":true,"href":"https:\/\/monde25.info\/index.php\/wp-json\/wp\/v2\/tags?post=18863"}],"curies":[{"name":"wp","href":"https:\/\/api.w.org\/{rel}","templated":true}]}}