{"id":18866,"date":"2025-11-04T17:44:34","date_gmt":"2025-11-04T16:44:34","guid":{"rendered":"https:\/\/monde25.info\/index.php\/2025\/11\/04\/tesla-le-fonds-souverain-norvegien-oppose-au-plan-de-remuneration-colossal-de-musk\/"},"modified":"2025-11-04T17:44:34","modified_gmt":"2025-11-04T16:44:34","slug":"tesla-le-fonds-souverain-norvegien-oppose-au-plan-de-remuneration-colossal-de-musk","status":"publish","type":"post","link":"https:\/\/monde25.info\/index.php\/2025\/11\/04\/tesla-le-fonds-souverain-norvegien-oppose-au-plan-de-remuneration-colossal-de-musk\/","title":{"rendered":"Tesla : le fonds souverain norv\u00e9gien oppos\u00e9 au plan de r\u00e9mun\u00e9ration colossal de Musk"},"content":{"rendered":"<p> <br \/>\n<\/p>\n<div>\n<p>Le fonds souverain de la Norv\u00e8ge, un des dix principaux actionnaires de Tesla, votera contre le plan de r\u00e9mun\u00e9ration de potentiellement plus de 1 000 milliards de dollars que le constructeur automobile am\u00e9ricain envisage de verser \u00e0 son fondateur, Elon Musk.<\/p>\n<p>\u00ab\u00a0Bien que nous reconnaissions la valeur consid\u00e9rable cr\u00e9\u00e9e sous la direction visionnaire de M. Musk, nous sommes pr\u00e9occup\u00e9s par le montant total de la r\u00e9mun\u00e9ration, la dilution et l&rsquo;absence de mesures pour att\u00e9nuer le risque li\u00e9 \u00e0 une personne cl\u00e9\u00a0\u00bb, a indiqu\u00e9 le fonds sur son site mardi, \u00e0 deux jours de l&rsquo;assembl\u00e9e g\u00e9n\u00e9rale des actionnaires de Tesla.<\/p>\n<p>Le fonds norv\u00e9gien, qui p\u00e8se plus de 21\u00a0000\u00a0milliards de couronnes (1.800 milliards d&rsquo;euros), d\u00e9tenait 1,14\u00a0% de Tesla au 30 juin 2025.<\/p>\n<p>Lors de l&rsquo;assembl\u00e9e g\u00e9n\u00e9rale jeudi \u00e0 Austin au Texas, les actionnaires du sp\u00e9cialiste am\u00e9ricain de la voiture \u00e9lectrique doivent notamment se prononcer sur le plan de r\u00e9mun\u00e9ration propos\u00e9 par le conseil d&rsquo;administration du groupe.<\/p>\n<p>Ce plan d&rsquo;une dur\u00e9e de dix ans pr\u00e9voit l&rsquo;octroi d&rsquo;actions \u00e0 Elon Musk en fonction d&rsquo;une multitude d&rsquo;objectifs -dont certains tr\u00e8s ambitieux- qui, s&rsquo;ils sont atteints, pourrait garantir \u00e0 terme \u00e0 l&rsquo;homme le plus riche au monde jusqu&rsquo;\u00e0 12\u00a0% suppl\u00e9mentaires du capital actuel.<\/p>\n<p>\u00ab\u00a0Nous continuerons \u00e0 rechercher un dialogue constructif avec Tesla sur ce sujet et sur d&rsquo;autres th\u00e8mes\u00a0\u00bb, a pr\u00e9cis\u00e9 le fonds norv\u00e9gien.<\/p>\n<p>L&rsquo;an dernier, le fonds avait d\u00e9j\u00e0 vot\u00e9 contre un autre plan de r\u00e9mun\u00e9ration gigantesque -finalement approuv\u00e9 par les actionnaires de Tesla- d&rsquo;Elon Musk. Il a \u00e9t\u00e9\u00a0rejet\u00e9 par la justice du Delaware en d\u00e9cembre mais Tesla a fait appel.<\/p>\n<p>Les relations entre celui-ci et Nicolai Tangen, le chef du fonds, s&rsquo;\u00e9taient ensuite nettement refroidies.<\/p>\n<\/div>\n<p><script>(function(d, s, id) {  var js, fjs = d.getElementsByTagName(s)[0];  if (d.getElementById(id)) return;  js = d.createElement(s); js.id = id;  js.src = \"\/\/connect.facebook.net\/fr_FR\/sdk.js#xfbml=1&version=v2.3\";  fjs.parentNode.insertBefore(js, fjs);}(document, \"script\", \"facebook-jssdk\"));<\/script><br \/>\n<br \/><br \/>\n<br \/><a href=\"https:\/\/www.francesoir.fr\/societe-economie\/tesla-le-fonds-souverain-norvegien-oppose-au-plan-de-remuneration-colossal-de-musk\" target=\"_blank\"\">Source link <\/a><\/p>\n","protected":false},"excerpt":{"rendered":"<p>Le fonds souverain de la Norv\u00e8ge, un des dix principaux actionnaires de Tesla, votera contre le plan de r\u00e9mun\u00e9ration de potentiellement plus de 1 000 milliards de dollars que le&hellip; <\/p>\n","protected":false},"author":1,"featured_media":0,"comment_status":"open","ping_status":"open","sticky":false,"template":"","format":"standard","meta":{"footnotes":""},"categories":[1],"tags":[],"class_list":["post-18866","post","type-post","status-publish","format-standard","hentry","category-non-classe"],"_links":{"self":[{"href":"https:\/\/monde25.info\/index.php\/wp-json\/wp\/v2\/posts\/18866","targetHints":{"allow":["GET"]}}],"collection":[{"href":"https:\/\/monde25.info\/index.php\/wp-json\/wp\/v2\/posts"}],"about":[{"href":"https:\/\/monde25.info\/index.php\/wp-json\/wp\/v2\/types\/post"}],"author":[{"embeddable":true,"href":"https:\/\/monde25.info\/index.php\/wp-json\/wp\/v2\/users\/1"}],"replies":[{"embeddable":true,"href":"https:\/\/monde25.info\/index.php\/wp-json\/wp\/v2\/comments?post=18866"}],"version-history":[{"count":0,"href":"https:\/\/monde25.info\/index.php\/wp-json\/wp\/v2\/posts\/18866\/revisions"}],"wp:attachment":[{"href":"https:\/\/monde25.info\/index.php\/wp-json\/wp\/v2\/media?parent=18866"}],"wp:term":[{"taxonomy":"category","embeddable":true,"href":"https:\/\/monde25.info\/index.php\/wp-json\/wp\/v2\/categories?post=18866"},{"taxonomy":"post_tag","embeddable":true,"href":"https:\/\/monde25.info\/index.php\/wp-json\/wp\/v2\/tags?post=18866"}],"curies":[{"name":"wp","href":"https:\/\/api.w.org\/{rel}","templated":true}]}}