{"id":18867,"date":"2025-11-04T18:17:37","date_gmt":"2025-11-04T17:17:37","guid":{"rendered":"https:\/\/monde25.info\/index.php\/2025\/11\/04\/vers-une-revision-de-laccord-avec-lue-et-une-diversification-des-partenariats-economiques-rt-en-francais\/"},"modified":"2025-11-04T18:17:37","modified_gmt":"2025-11-04T17:17:37","slug":"vers-une-revision-de-laccord-avec-lue-et-une-diversification-des-partenariats-economiques-rt-en-francais","status":"publish","type":"post","link":"https:\/\/monde25.info\/index.php\/2025\/11\/04\/vers-une-revision-de-laccord-avec-lue-et-une-diversification-des-partenariats-economiques-rt-en-francais\/","title":{"rendered":"vers une r\u00e9vision de l\u2019accord avec l\u2019UE et une diversification des partenariats \u00e9conomiques \u2014 RT en fran\u00e7ais"},"content":{"rendered":"<p> <br \/>\n<br \/><img decoding=\"async\" src=\"https:\/\/mf.b37mrtl.ru\/french\/images\/2025.11\/thumbnail\/690a1b5a6f7ccc7b7d748c0a.jpg\" \/><\/p>\n<div>\n<p class=\"text__summary\">\n                                        Devant les commissions parlementaires r\u00e9unies du Parlement et du Conseil national des r\u00e9gions et des districts, le ministre tunisien des Affaires \u00e9trang\u00e8res a pr\u00e9sent\u00e9, le 4 novembre, les grandes orientations de la diplomatie tunisienne. Il a \u00e9voqu\u00e9 la r\u00e9vision de l\u2019accord avec l\u2019Union europ\u00e9enne, la gestion migratoire et la stabilit\u00e9 r\u00e9gionale.\n                                    <\/p>\n<p>Le ministre tunisien des Affaires \u00e9trang\u00e8res, Mohamed Ali Nafti, qui d\u00e9fendait le budget 2026 de son minist\u00e8re, a annonc\u00e9, le 4 novembre, que la Tunisie travaille \u00e0 la r\u00e9vision de son accord de partenariat avec l\u2019Union europ\u00e9enne, en coordination avec plusieurs minist\u00e8res. Cette mise \u00e0 jour vise, selon lui, \u00e0 adapter le texte aux r\u00e9alit\u00e9s \u00e9conomiques nationales et \u00e0 b\u00e2tir un partenariat \u00ab \u00e9quitable et fond\u00e9 sur le respect mutuel \u00bb.<\/p>\n<p>Il a rappel\u00e9 que l\u2019Union europ\u00e9enne demeure le principal partenaire commercial du pays, tout en soulignant l\u2019importance de diversifier les \u00e9changes vers d\u2019autres march\u00e9s. Le chef de la diplomatie tunisienne a \u00e9galement mis en avant les efforts entrepris pour relancer les relations \u00e9conomiques au sein du COMESA et renforcer les partenariats avec la Chine, le Japon, la Cor\u00e9e du Sud et les \u00c9tats-Unis.<\/p>\n<h2>10 000 migrants rapatri\u00e9s volontairement<\/h2>\n<p>Abordant la question migratoire, Nafti a r\u00e9v\u00e9l\u00e9 que 10 000 migrants en situation irr\u00e9guli\u00e8re ont \u00e9t\u00e9 rapatri\u00e9s volontairement vers leurs pays d\u2019origine, avec l\u2019appui de l\u2019Organisation internationale pour les migrations (OIM). Il a insist\u00e9 sur le respect de la dignit\u00e9 humaine lors de ces op\u00e9rations, rappelant que la majorit\u00e9 des migrants concern\u00e9s sont des victimes de r\u00e9seaux de traite. Le ministre a r\u00e9affirm\u00e9 que \u00ab la Tunisie n\u2019a pas vocation \u00e0 devenir une zone de transit \u00bb et a salu\u00e9 la coop\u00e9ration des pays africains partenaires.<\/p>\n<p>Nafti a par ailleurs annonc\u00e9 la g\u00e9n\u00e9ralisation prochaine du service de d\u00e9livrance \u00e0 distance des passeports et la r\u00e9organisation du r\u00e9seau consulaire pour mieux r\u00e9pondre aux besoins des Tunisiens \u00e0 l\u2019\u00e9tranger.<\/p>\n<p>Sur le plan r\u00e9gional, il a confirm\u00e9 la reprise du dialogue tripartite entre la Tunisie, l\u2019Alg\u00e9rie et l\u2019\u00c9gypte concernant la situation en Libye, sous l\u2019\u00e9gide des Nations unies. Ce processus, a-t-il pr\u00e9cis\u00e9, ne vise pas \u00e0 s\u2019immiscer dans les affaires libyennes, mais \u00e0 encourager la concertation et la stabilit\u00e9 dans un pays voisin dont la s\u00e9curit\u00e9 demeure essentielle pour toute la r\u00e9gion.<\/p>\n<\/div>\n<p><br \/>\n<br \/><a href=\"https:\/\/francais.rt.com\/afrique\/127081-tunisie-vers-revision-accord-europe\" target=\"_blank\"\">Source link <\/a><\/p>\n","protected":false},"excerpt":{"rendered":"<p>Devant les commissions parlementaires r\u00e9unies du Parlement et du Conseil national des r\u00e9gions et des districts, le ministre tunisien des Affaires \u00e9trang\u00e8res a pr\u00e9sent\u00e9, le 4 novembre, les grandes orientations&hellip; <\/p>\n","protected":false},"author":1,"featured_media":18868,"comment_status":"open","ping_status":"open","sticky":false,"template":"","format":"standard","meta":{"footnotes":""},"categories":[1],"tags":[],"class_list":["post-18867","post","type-post","status-publish","format-standard","has-post-thumbnail","hentry","category-non-classe"],"_links":{"self":[{"href":"https:\/\/monde25.info\/index.php\/wp-json\/wp\/v2\/posts\/18867","targetHints":{"allow":["GET"]}}],"collection":[{"href":"https:\/\/monde25.info\/index.php\/wp-json\/wp\/v2\/posts"}],"about":[{"href":"https:\/\/monde25.info\/index.php\/wp-json\/wp\/v2\/types\/post"}],"author":[{"embeddable":true,"href":"https:\/\/monde25.info\/index.php\/wp-json\/wp\/v2\/users\/1"}],"replies":[{"embeddable":true,"href":"https:\/\/monde25.info\/index.php\/wp-json\/wp\/v2\/comments?post=18867"}],"version-history":[{"count":0,"href":"https:\/\/monde25.info\/index.php\/wp-json\/wp\/v2\/posts\/18867\/revisions"}],"wp:featuredmedia":[{"embeddable":true,"href":"https:\/\/monde25.info\/index.php\/wp-json\/wp\/v2\/media\/18868"}],"wp:attachment":[{"href":"https:\/\/monde25.info\/index.php\/wp-json\/wp\/v2\/media?parent=18867"}],"wp:term":[{"taxonomy":"category","embeddable":true,"href":"https:\/\/monde25.info\/index.php\/wp-json\/wp\/v2\/categories?post=18867"},{"taxonomy":"post_tag","embeddable":true,"href":"https:\/\/monde25.info\/index.php\/wp-json\/wp\/v2\/tags?post=18867"}],"curies":[{"name":"wp","href":"https:\/\/api.w.org\/{rel}","templated":true}]}}