{"id":18871,"date":"2025-11-04T21:35:37","date_gmt":"2025-11-04T20:35:37","guid":{"rendered":"https:\/\/monde25.info\/index.php\/2025\/11\/04\/chez-les-fous-derechef-par-emmanuel-venet-le-monde-diplomatique-novembre-2025\/"},"modified":"2025-11-04T21:35:37","modified_gmt":"2025-11-04T20:35:37","slug":"chez-les-fous-derechef-par-emmanuel-venet-le-monde-diplomatique-novembre-2025","status":"publish","type":"post","link":"https:\/\/monde25.info\/index.php\/2025\/11\/04\/chez-les-fous-derechef-par-emmanuel-venet-le-monde-diplomatique-novembre-2025\/","title":{"rendered":"Chez les fous, derechef, par Emmanuel Venet (Le Monde diplomatique, novembre 2025)"},"content":{"rendered":"<p> <br \/>\n<\/p>\n<div>\n<p class=\"crayon article-surtitre-68913 surtitre\">Cent ans apr\u00e8s Albert Londres<\/p>\n<div class=\"crayon article-chapo-68913 chapo\">\n<p>O\u00f9 en est la psychiatrie fran\u00e7aise<small class=\"fine\">\u00a0<\/small>? La grande inventivit\u00e9 th\u00e9rapeutique et institutionnelle qui avait marqu\u00e9 les d\u00e9cennies d\u2019apr\u00e8s-guerre tend \u00e0 s\u2019estomper. De nouvelles logiques \u2014\u00a0scientistes, s\u00e9curitaires, comptables\u00a0\u2014 s\u2019imposent. Elles laminent le secteur et d\u00e9gradent l\u2019offre de soins. Au d\u00e9triment des patients, de ceux qui les accompagnent, et de tout le corps social.<\/p>\n<\/div><\/div>\n<div couleurfade=\"f5e8e5\" couleurclaire=\"f0ddda\" couleurpale=\"eeb4a9\" couleurmi=\"934738\" couleurfoncee=\"852613\" couleursombre=\"24110e\" couleurfond=\"6c514c\" couleurtexte=\"ffffff\">\n<div class=\"enapercu\">\n<figure class=\"spip_document_35111 spip_documents spip_documents_center justecol\" style=\"width:650px;\">\n<div class=\"limage\">\n<p>\t\t\t<img loading=\"lazy\" decoding=\"async\" src=\"https:\/\/www.monde-diplomatique.fr\/\/local\/cache-vignettes\/L650xH684\/22_2583.hr-cfa7f.jpg?1761667200\" width=\"650\" height=\"684\" class=\"spip_logos\" alt=\"JPEG - 71.5\u00a0ko\"\/><\/p><\/div><figcaption>\n<p>Michel Nedjar. \u2013 Sans titre (Paquet d\u2019objets arr\u00eat\u00e9s), 2020<\/p>\n<p>\u00a9 Michel Nedjar &#8211; Photographie\u00a0: Franc\u0327ois Lauginie &#8211; Collection du Fonds d\u00e9partemental d\u2019art contemporain de l\u2019Essonne\n<\/p>\n<\/figcaption><\/figure>\n<p><span class=\"mot-lettrine\"><span class=\"lettrine\">E<\/span>n<\/span> 1925, Albert Londres r\u00e9unissait en un volume les articles r\u00e9dig\u00e9s au fil de son enqu\u00eate sur le traitement des malades mentaux en France. <i>Chez les fous<\/i> (Arl\u00e9a, 2009) d\u00e9crit un univers asilaire effrayant\u00a0: sarabandes fr\u00e9n\u00e9tiques dans les quartiers d\u2019agit\u00e9s, d\u00e9lirants et cataleptiques emmur\u00e9s vivants, gardiens violents et d\u00e9pourvus d\u2019empathie, ali\u00e9nistes cachant leur impuissance th\u00e9rapeutique derri\u00e8re une arrogance scientiste. Qu\u2019est-ce qui a chang\u00e9 depuis<small class=\"fine\">\u00a0<\/small>? Tout, et plut\u00f4t en bien, \u00e0 premi\u00e8re vue. L\u2019acc\u00e8s des \u00e9tablissements psychiatriques n\u2019est plus aussi cadenass\u00e9 que jadis. Les progr\u00e8s th\u00e9rapeutiques, en particulier en pharmacologie, ont m\u00e9tamorphos\u00e9 les pratiques soignantes. La cr\u00e9ation de la S\u00e9curit\u00e9 sociale en 1945 a permis la prise en charge de toutes les hospitalisations. Depuis 1960, la sectorisation psychiatrique favorise les soins ambulatoires et d\u00e9stigmatise la pathologie mentale. Mais un nouveau tour d\u2019horizon un si\u00e8cle plus tard permet de constater, derri\u00e8re les progr\u00e8s accomplis, des \u00e9volutions pr\u00e9occupantes.<\/p>\n<p>Nous voil\u00e0 d\u2019abord \u00e0 Saint-Alban, en Loz\u00e8re. La congr\u00e9gation des fr\u00e8res de Saint-Jean-de-Dieu y a fond\u00e9 un asile en 1821 dans une vieille forteresse comptant plus de muraille que de fen\u00eatres. Longtemps, les conditions d\u2019hospitalisation y rest\u00e8rent spartiates. Mais, au d\u00e9but des ann\u00e9es\u00a01940, l\u2019h\u00f4pital devient le creuset du mouvement psychiatrique d\u00e9sali\u00e9niste. R\u00e9volt\u00e9s par la famine hospitali\u00e8re li\u00e9e \u00e0 la guerre et par les pratiques asilaires d\u00e9shumanisantes, Lucien Bonnaf\u00e9 et Fran\u00e7ois Tosquelles pr\u00eatent l\u2019oreille aux propos de leurs patients, s\u2019int\u00e9ressent \u00e0 leur cr\u00e9ativit\u00e9 spontan\u00e9e. L\u2019h\u00f4pital devient un haut lieu de l\u2019art brut avant m\u00eame la cr\u00e9ation de ce concept\u00a0: y furent soign\u00e9s Auguste Forestier, devenu c\u00e9l\u00e8bre pour ses sculptures, Cl\u00e9ment Fraisse, qui transforma les lambris de sa chambre en bas-reliefs, et Marguerite Sirvins, dont la robe de mariage, rep\u00e9r\u00e9e par Jean Dubuffet, repr\u00e9sente un fleuron de la collection du mus\u00e9e de Lausanne. L\u2019h\u00f4pital a \u00e9galement prot\u00e9g\u00e9 des\u00a0(&#8230;)<\/p>\n<\/p><\/div>\n<p>Taille de l\u2019article complet\u00a0:\u00a0<span>2\u00a0181<\/span>\u00a0mots.<\/p>\n<div class=\"promo_dispo_article\">\n<h2 class=\"avantbloc\">\n\tCet article est r\u00e9serv\u00e9 aux\u00a0abonn\u00e9s<\/p>\n<\/h2>\n<div class=\"abo_inst\">\n\t<strong>Lyc\u00e9es, biblioth\u00e8ques, administrations, entreprises,<\/strong><br \/>\n\tacc\u00e9dez \u00e0 la base de donn\u00e9es en ligne de tous les articles du <i>Monde diplomatique<\/i> de 1954 \u00e0 nos\u00a0jours.<br \/>\n\t<a target=\"_blank\" id=\"pw-institutions\" class=\"suivi\" href=\"https:\/\/www.monde-diplomatique.fr\/archives\/institutions\">Retrouvez cette\u00a0offre sp\u00e9cifique<\/a>.\n<\/div>\n<\/div><\/div>\n<div>\n<p class=\"nom\">Emmanuel Venet<\/p>\n<p>\n\t\t\t\t\t\u00c9crivain et psychiatre. Auteur de <i>Retour chez les fous<\/i> (Verdier, Lagrasse, 2025), dont ce texte est adapt\u00e9.<\/p>\n<\/p><\/div>\n<p><br \/>\n<br \/><a href=\"https:\/\/www.monde-diplomatique.fr\/2025\/11\/VENET\/68913\" target=\"_blank\"\">Source link <\/a><\/p>\n","protected":false},"excerpt":{"rendered":"<p>Cent ans apr\u00e8s Albert Londres O\u00f9 en est la psychiatrie fran\u00e7aise\u00a0? La grande inventivit\u00e9 th\u00e9rapeutique et institutionnelle qui avait marqu\u00e9 les d\u00e9cennies d\u2019apr\u00e8s-guerre tend \u00e0 s\u2019estomper. De nouvelles logiques \u2014\u00a0scientistes,&hellip; <\/p>\n","protected":false},"author":1,"featured_media":18872,"comment_status":"open","ping_status":"open","sticky":false,"template":"","format":"standard","meta":{"footnotes":""},"categories":[1],"tags":[],"class_list":["post-18871","post","type-post","status-publish","format-standard","has-post-thumbnail","hentry","category-non-classe"],"_links":{"self":[{"href":"https:\/\/monde25.info\/index.php\/wp-json\/wp\/v2\/posts\/18871","targetHints":{"allow":["GET"]}}],"collection":[{"href":"https:\/\/monde25.info\/index.php\/wp-json\/wp\/v2\/posts"}],"about":[{"href":"https:\/\/monde25.info\/index.php\/wp-json\/wp\/v2\/types\/post"}],"author":[{"embeddable":true,"href":"https:\/\/monde25.info\/index.php\/wp-json\/wp\/v2\/users\/1"}],"replies":[{"embeddable":true,"href":"https:\/\/monde25.info\/index.php\/wp-json\/wp\/v2\/comments?post=18871"}],"version-history":[{"count":0,"href":"https:\/\/monde25.info\/index.php\/wp-json\/wp\/v2\/posts\/18871\/revisions"}],"wp:featuredmedia":[{"embeddable":true,"href":"https:\/\/monde25.info\/index.php\/wp-json\/wp\/v2\/media\/18872"}],"wp:attachment":[{"href":"https:\/\/monde25.info\/index.php\/wp-json\/wp\/v2\/media?parent=18871"}],"wp:term":[{"taxonomy":"category","embeddable":true,"href":"https:\/\/monde25.info\/index.php\/wp-json\/wp\/v2\/categories?post=18871"},{"taxonomy":"post_tag","embeddable":true,"href":"https:\/\/monde25.info\/index.php\/wp-json\/wp\/v2\/tags?post=18871"}],"curies":[{"name":"wp","href":"https:\/\/api.w.org\/{rel}","templated":true}]}}