{"id":18884,"date":"2025-11-05T03:41:41","date_gmt":"2025-11-05T02:41:41","guid":{"rendered":"https:\/\/monde25.info\/index.php\/2025\/11\/05\/28-c-en-2100-lalerte-de-lonu-sur-la-trajectoire-du-monde\/"},"modified":"2025-11-05T03:41:41","modified_gmt":"2025-11-05T02:41:41","slug":"28-c-en-2100-lalerte-de-lonu-sur-la-trajectoire-du-monde","status":"publish","type":"post","link":"https:\/\/monde25.info\/index.php\/2025\/11\/05\/28-c-en-2100-lalerte-de-lonu-sur-la-trajectoire-du-monde\/","title":{"rendered":"+2,8 \u00b0C en 2100\u00a0: l&#039;alerte de l&#039;ONU sur la trajectoire du monde"},"content":{"rendered":"<p> <br \/>\n<br \/><img loading=\"lazy\" decoding=\"async\" src=\"https:\/\/reporterre.net\/local\/cache-vignettes\/L700xH467\/tree-water-branch-plant-fruit-berry-856871-pxhere_com_1_-76058.jpg?1762274583\" class=\"spip_logo\" width=\"700\" height=\"467\" alt=\"\" \/><\/p>\n<p>Le manque d&rsquo;ambition des \u00c9tats dirige le monde vers une \u00ab<small class=\"fine d-inline\">\u00a0<\/small>grave escalade des risques et des dommages climatiques<small class=\"fine d-inline\">\u00a0<\/small>\u00bb, alerte le Programme des Nations unies pour l&rsquo;environnement dans un rapport publi\u00e9 le 4\u00a0novembre. <br class=\"autobr\" \/><br \/>\nM\u00eame en mettant int\u00e9gralement en \u0153uvre leurs plans climatiques, les membres des Nations unies ne parviendraient jamais qu&rsquo;\u00e0 limiter le r\u00e9chauffement climatique \u00e0 2,3 ou 2,5\u00a0\u00b0C d&rsquo;ici \u00e0 la fin du si\u00e8cle \u2014 bien au-del\u00e0 de l&rsquo;objectif d\u00e9fini en 2015 lors de la signature de l&rsquo;Accord de\u00a0(\u2026)<\/p>\n<p>                    <a target=\"_blank\" href=\"https:\/\/reporterre.net\/2-8-oC-en-2100-l-alerte-de-l-ONU-sur-la-trajectoire-du-monde?utm_source=RSS&amp;utm_medium=RSS\">Lire la suite<\/a><\/p>\n<p>                    &#8211;<br \/>\n                        <a target=\"_blank\" href=\"https:\/\/reporterre.net\/Breves-20\" rel=\"directory\">En bref<\/a><\/p>\n<p>                    \/<br \/>\n                        <a target=\"_blank\" href=\"https:\/\/reporterre.net\/Climat-18\" rel=\"tag\">Climat <\/a><br \/>\n<br \/><br \/>\n<br \/><a href=\"https:\/\/reporterre.net\/2-8-oC-en-2100-l-alerte-de-l-ONU-sur-la-trajectoire-du-monde\" target=\"_blank\"\">Source link <\/a><\/p>\n","protected":false},"excerpt":{"rendered":"<p>Le manque d&rsquo;ambition des \u00c9tats dirige le monde vers une \u00ab\u00a0grave escalade des risques et des dommages climatiques\u00a0\u00bb, alerte le Programme des Nations unies pour l&rsquo;environnement dans un rapport publi\u00e9&hellip; <\/p>\n","protected":false},"author":1,"featured_media":0,"comment_status":"open","ping_status":"open","sticky":false,"template":"","format":"standard","meta":{"footnotes":""},"categories":[1],"tags":[],"class_list":["post-18884","post","type-post","status-publish","format-standard","hentry","category-non-classe"],"_links":{"self":[{"href":"https:\/\/monde25.info\/index.php\/wp-json\/wp\/v2\/posts\/18884","targetHints":{"allow":["GET"]}}],"collection":[{"href":"https:\/\/monde25.info\/index.php\/wp-json\/wp\/v2\/posts"}],"about":[{"href":"https:\/\/monde25.info\/index.php\/wp-json\/wp\/v2\/types\/post"}],"author":[{"embeddable":true,"href":"https:\/\/monde25.info\/index.php\/wp-json\/wp\/v2\/users\/1"}],"replies":[{"embeddable":true,"href":"https:\/\/monde25.info\/index.php\/wp-json\/wp\/v2\/comments?post=18884"}],"version-history":[{"count":0,"href":"https:\/\/monde25.info\/index.php\/wp-json\/wp\/v2\/posts\/18884\/revisions"}],"wp:attachment":[{"href":"https:\/\/monde25.info\/index.php\/wp-json\/wp\/v2\/media?parent=18884"}],"wp:term":[{"taxonomy":"category","embeddable":true,"href":"https:\/\/monde25.info\/index.php\/wp-json\/wp\/v2\/categories?post=18884"},{"taxonomy":"post_tag","embeddable":true,"href":"https:\/\/monde25.info\/index.php\/wp-json\/wp\/v2\/tags?post=18884"}],"curies":[{"name":"wp","href":"https:\/\/api.w.org\/{rel}","templated":true}]}}