{"id":18887,"date":"2025-11-05T04:47:40","date_gmt":"2025-11-05T03:47:40","guid":{"rendered":"https:\/\/monde25.info\/index.php\/2025\/11\/05\/une-proposition-de-loi-veut-faire-des-jeunes-nes-apres-2014-la-premiere-generation-sans-tabac\/"},"modified":"2025-11-05T04:47:40","modified_gmt":"2025-11-05T03:47:40","slug":"une-proposition-de-loi-veut-faire-des-jeunes-nes-apres-2014-la-premiere-generation-sans-tabac","status":"publish","type":"post","link":"https:\/\/monde25.info\/index.php\/2025\/11\/05\/une-proposition-de-loi-veut-faire-des-jeunes-nes-apres-2014-la-premiere-generation-sans-tabac\/","title":{"rendered":"Une proposition de loi veut faire des jeunes n\u00e9s apr\u00e8s 2014 la premi\u00e8re g\u00e9n\u00e9ration sans tabac"},"content":{"rendered":"<p> <br \/>\n<\/p>\n<div>\n<p>Pour \u00ab\u00a0enrayer d\u00e9finitivement l&rsquo;\u00e9pid\u00e9mie de tabagisme\u00a0\u00bb, le d\u00e9put\u00e9 Nicolas Thierry a annonc\u00e9 mardi le d\u00e9p\u00f4t d&rsquo;une proposition de loi transpartisane\u00a0visant \u00e0 interdire la vente de tabac pour toutes personnes n\u00e9es apr\u00e8s 2014, qui deviendraient la premi\u00e8re g\u00e9n\u00e9ration sans tabac.<\/p>\n<p>\u00ab\u00a0L&rsquo;objectif est tr\u00e8s clair : stopper l&rsquo;entr\u00e9e des jeunes dans le tabagisme en cessant de leur offrir l&rsquo;acc\u00e8s au produit\u00a0\u00bb, explique \u00e0 l&rsquo;AFP le d\u00e9put\u00e9 \u00e9cologiste de la 2\u1d49\u00a0circonscription de Gironde.<\/p>\n<p>Pour cela, \u00ab\u00a0on fait une interdiction g\u00e9n\u00e9rationnelle et progressive\u00a0\u00bb, ajoute-t-il.<\/p>\n<p>En clair, \u00e0 compter du 1\u1d49\u02b3\u00a0janvier 2032, la vente de tabac serait interdite pour toute personne n\u00e9e apr\u00e8s le 1\u1d49\u02b3\u00a0janvier 2014, m\u00eame si elle est majeure.<\/p>\n<p>En France, le tabac demeure la premi\u00e8re cause de mortalit\u00e9 \u00e9vitable : il tue 75\u00a0000\u00a0personnes par an, ce qui repr\u00e9sente 13\u00a0% des d\u00e9c\u00e8s.<\/p>\n<p>\u00ab\u00a0Malgr\u00e9 une tendance \u00e0 la baisse de la pr\u00e9valence du tabagisme entre 2014 et 2019, les derni\u00e8res donn\u00e9es disponibles tendent \u00e0 montrer une r\u00e9cente stabilisation depuis 2020\u00a0\u00bb, d\u00e9crit l&rsquo;expos\u00e9 des motifs. Toutefois, le tabagisme a recommenc\u00e9 \u00e0 reculer depuis, selon la derni\u00e8re enqu\u00eate de Sant\u00e9 publique France.<\/p>\n<p>Ainsi une personne \u00e2g\u00e9e de 18 \u00e0 75 ans sur quatre fumait du tabac en 2024, contre pr\u00e8s d&rsquo;une personne sur trois en 2021, ont montr\u00e9 les premiers r\u00e9sultats du barom\u00e8tre de l&rsquo;agence publi\u00e9 mi-octobre.<\/p>\n<p>\u00ab\u00a0Les politiques anti-tabac fonctionnent plut\u00f4t bien : espaces sans tabac, paquet neutre, augmentation des prix, etc. Malgr\u00e9 tout, on ne peut pas se satisfaire de la situation\u00a0\u00bb, insiste le d\u00e9put\u00e9.<\/p>\n<p>\u00ab\u00a0Oui, la consommation baisse, mais s&rsquo;imaginer que le combat est gagn\u00e9 est illusoire\u00a0\u00bb, estime-t-il.<\/p>\n<p>Cette proposition de loi r\u00e9pond aussi \u00e0 l&rsquo;objectif de parvenir \u00e0 la premi\u00e8re g\u00e9n\u00e9ration sans tabac d&rsquo;ici 2032, c&rsquo;est-\u00e0-dire atteindre moins de 5\u00a0% de pr\u00e9valence de tabagisme \u00e0 l&rsquo;\u00e2ge adulte pour les g\u00e9n\u00e9rations n\u00e9es \u00e0 partir de 2014.<\/p>\n<p>L&rsquo;horizon de 2032 figure dans le dernier Programme national de lutte contre le tabac (2023-2027), rappelle le texte.<\/p>\n<p>Ce plan anti-tabac fran\u00e7ais s&rsquo;inscrit dans l&rsquo;objectif fix\u00e9 par l&rsquo;Union europ\u00e9enne d&rsquo;atteindre une g\u00e9n\u00e9ration sans tabac avec moins de 5\u00a0% de la population de l&rsquo;UE consommant des produits du tabac d&rsquo;ici \u00e0 2040.<\/p>\n<p>Pour l&rsquo;heure, cette proposition de loi transpartisane est soutenue par une vingtaine de d\u00e9put\u00e9s, \u00ab\u00a0allant de La France insoumise au groupe Horizons\u00a0\u00bb, explique M. Thierry.<\/p>\n<p>Le d\u00e9put\u00e9 esp\u00e8re que le gouvernement soutiendra sa proposition.<\/p>\n<p>Et si le calendrier parlementaire est pour l&rsquo;instant \u00ab\u00a0incertain\u00a0\u00bb, il souhaite une inscription \u00e0 l&rsquo;ordre du jour lors du prochain cr\u00e9neau o\u00f9 l&rsquo;Assembl\u00e9e d\u00e9battra de projets de loi transpartisans.<\/p>\n<\/div>\n<p><script>(function(d, s, id) {  var js, fjs = d.getElementsByTagName(s)[0];  if (d.getElementById(id)) return;  js = d.createElement(s); js.id = id;  js.src = \"\/\/connect.facebook.net\/fr_FR\/sdk.js#xfbml=1&version=v2.3\";  fjs.parentNode.insertBefore(js, fjs);}(document, \"script\", \"facebook-jssdk\"));<\/script><br \/>\n<br \/><br \/>\n<br \/><a href=\"https:\/\/www.francesoir.fr\/politique-france\/une-proposition-de-loi-veut-faire-des-jeunes-nes-apres-2014-la-premiere-generation\" target=\"_blank\"\">Source link <\/a><\/p>\n","protected":false},"excerpt":{"rendered":"<p>Pour \u00ab\u00a0enrayer d\u00e9finitivement l&rsquo;\u00e9pid\u00e9mie de tabagisme\u00a0\u00bb, le d\u00e9put\u00e9 Nicolas Thierry a annonc\u00e9 mardi le d\u00e9p\u00f4t d&rsquo;une proposition de loi transpartisane\u00a0visant \u00e0 interdire la vente de tabac pour toutes personnes n\u00e9es&hellip; <\/p>\n","protected":false},"author":1,"featured_media":18888,"comment_status":"open","ping_status":"open","sticky":false,"template":"","format":"standard","meta":{"footnotes":""},"categories":[1],"tags":[],"class_list":["post-18887","post","type-post","status-publish","format-standard","has-post-thumbnail","hentry","category-non-classe"],"_links":{"self":[{"href":"https:\/\/monde25.info\/index.php\/wp-json\/wp\/v2\/posts\/18887","targetHints":{"allow":["GET"]}}],"collection":[{"href":"https:\/\/monde25.info\/index.php\/wp-json\/wp\/v2\/posts"}],"about":[{"href":"https:\/\/monde25.info\/index.php\/wp-json\/wp\/v2\/types\/post"}],"author":[{"embeddable":true,"href":"https:\/\/monde25.info\/index.php\/wp-json\/wp\/v2\/users\/1"}],"replies":[{"embeddable":true,"href":"https:\/\/monde25.info\/index.php\/wp-json\/wp\/v2\/comments?post=18887"}],"version-history":[{"count":0,"href":"https:\/\/monde25.info\/index.php\/wp-json\/wp\/v2\/posts\/18887\/revisions"}],"wp:featuredmedia":[{"embeddable":true,"href":"https:\/\/monde25.info\/index.php\/wp-json\/wp\/v2\/media\/18888"}],"wp:attachment":[{"href":"https:\/\/monde25.info\/index.php\/wp-json\/wp\/v2\/media?parent=18887"}],"wp:term":[{"taxonomy":"category","embeddable":true,"href":"https:\/\/monde25.info\/index.php\/wp-json\/wp\/v2\/categories?post=18887"},{"taxonomy":"post_tag","embeddable":true,"href":"https:\/\/monde25.info\/index.php\/wp-json\/wp\/v2\/tags?post=18887"}],"curies":[{"name":"wp","href":"https:\/\/api.w.org\/{rel}","templated":true}]}}