{"id":18896,"date":"2025-11-05T09:44:45","date_gmt":"2025-11-05T08:44:45","guid":{"rendered":"https:\/\/monde25.info\/index.php\/2025\/11\/05\/la-bd-de-sebastien-moro-qui-explore-leur-intelligence\/"},"modified":"2025-11-05T09:44:45","modified_gmt":"2025-11-05T08:44:45","slug":"la-bd-de-sebastien-moro-qui-explore-leur-intelligence","status":"publish","type":"post","link":"https:\/\/monde25.info\/index.php\/2025\/11\/05\/la-bd-de-sebastien-moro-qui-explore-leur-intelligence\/","title":{"rendered":"la BD de S\u00e9bastien Moro qui explore leur intelligence"},"content":{"rendered":"<p> <br \/>\n<\/p>\n<div>\n<h4><strong>S\u00e9bastien Moro explore le monde fascinant des animaux m\u00e9pris\u00e9s ou m\u00e9connus. Il publiera bient\u00f4t une nouvelle BD sur les rats, intitul\u00e9e <a target=\"_blank\" href=\"https:\/\/fr.ulule.com\/scelerats-moro\/\"><em>Sc\u00e9l\u00e9rats,<\/em> actuellement en campagne de financement participatif.\u00a0<\/a><\/strong><\/h4>\n<p><span style=\"font-weight: 400;\">Vulgarisateur, conseiller scientifique, auteur de bandes dessin\u00e9es et conf\u00e9rencier, <strong><a target=\"_blank\" href=\"https:\/\/www.facebook.com\/Cervelleoiseau\">S\u00e9bastien Moro<\/a> explore l\u2019intelligence animale sous toutes ses formes.<\/strong> Rats, poissons, poules ou ch\u00e8vres : il se concentre sur <strong>des esp\u00e8ces souvent m\u00e9connues ou mal aim\u00e9es<\/strong>, qui r\u00e9v\u00e8lent pourtant des comportements et des capacit\u00e9s \u00e9tonnantes. <\/span><span style=\"font-weight: 400;\">Ce n\u2019est pas tout : il anime \u00e9galement une cha\u00eene YouTube <\/span><a target=\"_blank\" href=\"https:\/\/www.youtube.com\/@Cervelledoiseau\"><i><span style=\"font-weight: 400;\">Cervelle d\u2019oiseau<\/span><\/i><\/a><span style=\"font-weight: 400;\">, qui allie <\/span><b>rigueur scientifique, p\u00e9dagogie et humour<\/b><span style=\"font-weight: 400;\"> pour faire d\u00e9couvrir les animaux autrement.<\/span><\/p>\n<p>Apr\u00e8s deux BD, il lance d\u00e9sormais un nouveau livre sur les rats, qui s\u2019intitulera Sc\u00e9l\u00e9rats.\u00a0<strong>Changeons <\/strong><b>notre regard sur les animaux, avec S\u00e9bastien Moro.\u00a0<\/b><\/p>\n<p><iframe loading=\"lazy\" title=\"C&#039;est les rats lancement !\" width=\"1110\" height=\"624\" src=\"https:\/\/www.youtube.com\/embed\/YAWCMcMpMgo?feature=oembed\" frameborder=\"0\" allow=\"accelerometer; autoplay; clipboard-write; encrypted-media; gyroscope; picture-in-picture; web-share\" referrerpolicy=\"strict-origin-when-cross-origin\" allowfullscreen><\/iframe><\/p>\n<h4><b>Mr Mondialisation : D\u2019abord, qui \u00eates-vous S\u00e9bastien ?\u00a0<\/b><\/h4>\n<p><strong>S\u00e9bastien Moro :<\/strong><span style=\"font-weight: 400;\"><em> \u00ab<\/em> <i>V<\/i><\/span><i><span style=\"font-weight: 400;\">ulgarisateur et conseiller scientifique sp\u00e9cialis\u00e9 dans l\u2019intelligence animale. <\/span><\/i><strong><i>J\u2019ai d\u00e9j\u00e0 publi\u00e9 deux bandes dessin\u00e9es : <\/i><a target=\"_blank\" href=\"https:\/\/www.laplage.fr\/produit\/154\/9782842216368\/les-paupieres-des-poissons\">Les paupi\u00e8res des poissons<\/a><i>, qui a obtenu le prix Maya et <\/i><a target=\"_blank\" href=\"https:\/\/www.laplage.fr\/produit\/183\/9782842219567\/les-cerveaux-de-la-ferme\">Les cerveaux de la ferme<\/a><i>, qui a obtenu l\u2019Open Book Prize.\u00a0<\/i><\/strong><\/p>\n<p><i><span style=\"font-weight: 400;\">En parall\u00e8le, j\u2019anime une cha\u00eene YouTube intitul\u00e9e <\/span><\/i><a target=\"_blank\" href=\"https:\/\/www.youtube.com\/@Cervelledoiseau\"><span style=\"font-weight: 400;\">Cervelle d\u2019oiseau<\/span><\/a><span style=\"font-weight: 400;\">,<\/span><i><span style=\"font-weight: 400;\"> j\u2019interviens aupr\u00e8s d\u2019organismes publics et priv\u00e9s et je donne r\u00e9guli\u00e8rement des conf\u00e9rences sur la vie et les comportements des animaux.<\/span><\/i><\/p>\n<blockquote>\n<p><strong><i><em>\u00ab<\/em> Mon travail se concentre tout particuli\u00e8rement sur les esp\u00e8ces mal-aim\u00e9es, celles qui suscitent le plus de rejet ou d\u2019indiff\u00e9rence. \u00bb<\/i><\/strong><\/p>\n<\/blockquote>\n<p><i><span style=\"font-weight: 400;\"> Je suis d\u2019ailleurs devenu <strong>un peu incontournable sur la connaissance des poissons \u2013 au point d\u2019appara\u00eetre dans la BD de Guillaume Meurice, <\/strong><\/span><\/i><a target=\"_blank\" href=\"https:\/\/www.editions-delcourt.fr\/jeunesse\/series\/serie-loumi\/album-loumi-t01\"><span style=\"font-weight: 400;\">Loumi, l\u2019Odyss\u00e9e du poisson pan\u00e9.<\/span><\/a><em> \u00bb<\/em><i> <\/i><\/p>\n<h4><b>Mr Mondialisation : <\/b><b>quelle est la particularit\u00e9 de votre prochaine BD, qui s\u2019appellera <\/b><b><i>Sc\u00e9l\u00e9rats<\/i><\/b><b> ?\u00a0<\/b><\/h4>\n<p>S\u00e9bastien Moro : <span style=\"font-weight: 400;\"><em>\u00ab<\/em> <\/span><i><span style=\"font-weight: 400;\">C\u2019est un travail destin\u00e9 au grand public, mais les universitaires y trouveront aussi leur compte. <\/span><\/i><b><i>J\u2019essaie de produire une science rigoureuse, tout en cultivant l\u2019\u00e9merveillement pour le monde animal.<\/i><\/b><\/p>\n<p><i><span style=\"font-weight: 400;\">Dans cette BD, j\u2019ai choisi de <\/span><\/i><b><i>retracer pas \u00e0 pas la progression de la recherche scientifique : ce qu\u2019on a d\u00e9couvert, ce qu\u2019on a approfondi ensuite\u2026 jusqu\u2019aux trouvailles plus anecdotiques.<\/i><\/b><\/p>\n<p><i><span style=\"font-weight: 400;\">La particularit\u00e9 de mon travail, c\u2019est que je lis beaucoup trop d\u2019\u00e9tudes ! <strong>Pour ce projet, je suis parti de 1 109 publications.<\/strong> Je d\u00e9conseille \u00e0 tout le monde de faire \u00e7a, c\u2019est compl\u00e8tement d\u00e9raisonnable ! Sans mauvais jeu de mots, \u00e7a a vraiment d\u00e9rap\u00e9. Ah, oui, les jeux de mots. Pour tout vous dire, j\u2019ai d\u00fb freiner mon dessinateur l\u00e0-dessus, sinon on n\u2019en finissait plus. <em>\u00bb<\/em><\/span><\/i><\/p>\n<h4><b>Mr Mondialisation : <\/b><b>Qu\u2019est-ce qui vous a amen\u00e9 \u00e0 faire une BD sur le rat, probablement l\u2019animal le plus d\u00e9test\u00e9 au monde, avec le moustique ?\u00a0<\/b><\/h4>\n<p><span style=\"font-weight: 400;\">S\u00e9bastien Moro : <em>\u00ab<\/em><\/span><i><span style=\"font-weight: 400;\"> La r\u00e9ponse est dans la question : si j\u2019ai choisi de parler des rats, c\u2019est justement parce qu<\/span><\/i><i>\u2019<\/i><b><i>on les trouve g\u00e9n\u00e9ralement repoussants.<\/i><\/b><\/p>\n<div class=\"td-a-rec td-a-rec-id-content_inline  tdi_1 td_block_template_1\">\n<span class=\"td-adspot-title\">&#8211; Pour une information libre ! &#8211;<\/span><a target=\"_blank\" href=\"https:\/\/fr.tipeee.com\/mr-mondialisation\" class=\"tipeee-project-small\">Soutenir Mr Japanization sur Tipeee<\/a>\n<\/div>\n<p><i><span style=\"font-weight: 400;\">Je me suis demand\u00e9 : \u00ab\u00a0<\/span><\/i><span style=\"font-weight: 400;\">\u00e0 quoi ressemble leur monde ?<\/span><i><span style=\"font-weight: 400;\">\u00ab\u00a0. En fait, <strong>nous <\/strong><\/span><\/i><b><i>passons notre temps \u00e0 chercher des formes d\u2019intelligence extraterrestres, alors qu\u2019on est d\u00e9j\u00e0 entour\u00e9s de formes de vie fascinantes que l\u2019on ne comprend pas.<\/i><\/b><\/p>\n<p><i><span style=\"font-weight: 400;\"><strong>J\u2019ai aussi envie de venir en aide \u00e0 ces animaux mal aim\u00e9s.<\/strong> Ils sont d\u2019un c\u00f4t\u00e9 essentiels \u00e0 la recherche scientifique.\u00a0<\/span><\/i><\/p>\n<blockquote>\n<p><strong><i><em>\u00ab<\/em> On teste \u00e9norm\u00e9ment de choses sur eux. Et de l\u2019autre c\u00f4t\u00e9, on oublie peut-\u00eatre parfois de consid\u00e9rer que, eux aussi, ont une vie qu\u2019ils voudraient vivre. <em>\u00bb<\/em><\/i><\/strong><\/p>\n<\/blockquote>\n<p><i><span style=\"font-weight: 400;\">On leur refuse le droit de vivre \u00e0 l\u2019air libre, le simple <a target=\"_blank\" href=\"https:\/\/mrmondialisation.org\/droits-animalier-un-livre-pour-poser-les-bonnes-questions\/\">droit d\u2019exister<\/a> dehors. <\/span><\/i><b><i>Les m\u00e9thodes de \u201cr\u00e9gulation\u201d consistent la plupart du temps \u00e0 la mise \u00e0 mort, avec des souffrances qui durent plusieurs jours.<\/i><\/b><i><span style=\"font-weight: 400;\"> Les rats ne peuvent pas vomir : ils ing\u00e8rent donc de petites doses de poison, qui les tuent lentement. <\/span><\/i><i><span style=\"font-weight: 400;\">Dans certains pays, on commence \u00e0 tester des techniques contraceptives, mais c\u2019est encore loin d\u2019\u00eatre la norme.<\/span><\/i><\/p>\n<p><i><span style=\"font-weight: 400;\">De l\u2019autre, on les \u00e9tudie rarement pour eux-m\u00eames, m\u00eame si certains chercheurs leur portent un vrai respect. J\u2019ai discut\u00e9, par exemple, avec une chercheuse britannique qui s\u2019attache \u00e9norm\u00e9ment \u00e0 eux. <strong>Elle leur a am\u00e9nag\u00e9 des zones d\u2019habitation bien plus adapt\u00e9es \u00e0 leur mode de vie que ce qui se fait habituellement, et elle refuse de les euthanasier. <\/strong><\/span><\/i><strong><i>Mais elle repr\u00e9sente plut\u00f4t une exception que la r\u00e8gle.<\/i><\/strong><\/p>\n<p><i><span style=\"font-weight: 400;\"><strong>Dans la majorit\u00e9 des laboratoires, pour des raisons \u00e9conomiques et pratiques, les conditions de vie sont souvent bien moins bonnes, malgr\u00e9 quelques petits progr\u00e8s. Les recherches en neurosciences notamment leur co\u00fbtent souvent la vie.<\/strong> L\u2019\u00e9volution existe, mais elle est lente. <em>\u00bb<\/em><\/span><\/i><\/p>\n<h4><b>Mr Mondialisation : Q<\/b><b>u\u2019avez-vous cherch\u00e9 \u00e0 faire \u00e0 travers une BD sur les rats ?\u00a0<\/b><\/h4>\n<p><span style=\"font-weight: 400;\">S\u00e9bastien Moro : <em>\u00ab<\/em> <\/span><i><span style=\"font-weight: 400;\">Mon objectif, c\u2019\u00e9tait de <\/span><\/i><b><i>rassembler tout ce qu\u2019on sait sur eux<\/i><\/b><i><span style=\"font-weight: 400;\">. Le rat est l\u2019un des animaux les plus \u00e9tudi\u00e9s au monde, et pourtant, <\/span><\/i><b><i>nos connaissances restent tr\u00e8s fragment\u00e9es.<\/i><\/b><i><span style=\"font-weight: 400;\"> Chaque \u00e9quipe de recherche travaille sur un aspect bien pr\u00e9cis \u2014 la m\u00e9moire, les \u00e9motions et la communication, le comportement social, la physiologie\u2026 \u2014 Mais personne ne prend vraiment le temps de faire la synth\u00e8se.<\/span><\/i><\/p>\n<blockquote>\n<p><strong><i><em>\u00ab<\/em> Je voulais combler ce manque, offrir une <\/i><i>vision d\u2019ensemble<\/i><i> : qui sont-ils, comment vivent-ils, quelles sont leurs fonctions cognitives, comment s\u2019organisent leurs soci\u00e9t\u00e9s ? <em>\u00bb<\/em><\/i><\/strong><\/p>\n<\/blockquote>\n<p><i><span style=\"font-weight: 400;\">Les \u00e9tudes de terrain, notamment, sont rarissimes. On commence \u00e0 peine \u00e0 en voir \u00e9merger, comme le <\/span><\/i><b><i>projet Armageddon \u00e0 Paris<\/i><\/b><i><span style=\"font-weight: 400;\">, ou un autre \u00e0 Vancouver. Ces travaux sont essentiels, <strong>parce qu\u2019on ne sait presque rien des <\/strong><\/span><\/i><strong><i>rats sauvages<\/i><\/strong><i><span style=\"font-weight: 400;\"><strong> : <a target=\"_blank\" href=\"https:\/\/mrmondialisation.org\/photographier-la-faune-sauvage-parisienne-avec-nicolas-davy\/\">ceux des villes, des \u00e9gouts, \u2026 vivent-ils diff\u00e9remment ?<\/a> Ont-ils des comportements sociaux distincts ? <\/strong>On l\u2019ignore encore.<\/span><\/i><\/p>\n<p><i><span style=\"font-weight: 400;\">Un des chapitres que je trouve le plus fascinant concerne la <\/span><\/i><b><i>m\u00e9moire \u00e9pisodique<\/i><\/b><i><span style=\"font-weight: 400;\">, c\u2019est-\u00e0-dire la capacit\u00e9 \u00e0 se souvenir d\u2019\u00e9v\u00e9nements v\u00e9cus. C\u2019est une question passionnante pour comprendre l\u2019intelligence et la conscience animale m\u00eame si, paradoxalement, elle sert surtout \u00e0 \u00e9tudier les maladies humaines comme Alzheimer. L<\/span><\/i><i><span style=\"font-weight: 400;\">es rats, sur ce plan, sont bluffants.<\/span><\/i><b><i> Ils se souviennent de ce qu\u2019ils ont fait, o\u00f9, et quand. C\u2019est un signe d\u2019une vie mentale riche, d\u2019une subjectivit\u00e9, d\u2019un monde int\u00e9rieur. <\/i><\/b><i><span style=\"font-weight: 400;\">Ce sont des individus \u00e0 part enti\u00e8re, pas juste des <\/span><\/i><em><span style=\"font-weight: 400;\">mod\u00e8les de laboratoire<\/span><\/em><i><span style=\"font-weight: 400;\">. <\/span><\/i><span style=\"font-weight: 400;\"><em>\u00bb<\/em><\/span><\/p>\n<h4><b>Mr Mondialisation : <\/b><b>S\u2019ils vivent si pr\u00e8s de l\u2019humain, est-ce parce qu\u2019ils ont des aptitudes proches des n\u00f4tres ?\u00a0<\/b><\/h4>\n<p><b>S\u00e9bastien Moro : <\/b><em>\u00ab <\/em><i><span style=\"font-weight: 400;\">Oui, absolument. Les rats forment <\/span><\/i><b><i>des soci\u00e9t\u00e9s d\u2019une complexit\u00e9 incroyable. Ce sont des animaux profond\u00e9ment coop\u00e9ratifs, capables d\u2019empathie, d\u2019altruisme et m\u00eame d\u2019un certain sens du partage \u00e9quitable.<\/i><\/b><\/p>\n<p><i><span style=\"font-weight: 400;\">Ils s\u2019entraident en permanence. <strong>Par exemple, si un rat a faim, un autre lui c\u00e8dera facilement une partie de sa nourriture.<\/strong> Ils pratiquent aussi des \u00e9changes de services, parfois dans des devises diff\u00e9rentes : un peu de toilettage contre un morceau \u00e0 manger, ou l\u2019inverse. <\/span><\/i><a target=\"_blank\" href=\"https:\/\/www.youtube.com\/watch?v=gqu9wxk7YbY\"><i><span style=\"font-weight: 400;\">Et ils sont tout \u00e0 fait conscients que ces \u00e9changes n\u2019ont pas la m\u00eame valeur !<\/span><\/i><\/a><\/p>\n<p><i><span style=\"font-weight: 400;\">On a \u00e9galement observ\u00e9 <\/span><\/i><b><i>une forme de hi\u00e9rarchie spatiale : dans une colonie, il existe de v\u00e9ritables \u201cquartiers riches\u201d et \u201cquartiers pauvres\u201d.<\/i><\/b><i><span style=\"font-weight: 400;\"> Les groupes les plus jeunes ou instables occupent souvent les zones p\u00e9riph\u00e9riques, tandis que les individus dominants se r\u00e9servent les endroits plus s\u00fbrs et plus confortables. <strong>En fait, le rang social des individus qui habitent un terrier influence profond\u00e9ment la qualit\u00e9 et la structure du terrier, mais l\u2019inverse est vraie aussi ! Un syst\u00e8me de terrier bien con\u00e7u permet de favoriser une structure sociale plus stable.<\/strong><\/span><\/i><\/p>\n<p><i><span style=\"font-weight: 400;\">Leur capacit\u00e9 d\u2019apprentissage est tout aussi fascinante. Je pense notamment \u00e0 une exp\u00e9rience c\u00e9l\u00e8bre, <\/span><\/i><a target=\"_blank\" href=\"https:\/\/www.youtube.com\/watch?v=08G8u7sk2Jo\"><i><span style=\"font-weight: 400;\">Rat Driving Car<\/span><\/i><\/a><i><span style=\"font-weight: 400;\">, o\u00f9 des chercheurs ont appris \u00e0 des rats \u00e0 conduire de petites voitures pour obtenir une r\u00e9compense. <strong>Ce n\u2019est pas qu\u2019une prouesse de dressage : c\u2019est la preuve de leur capacit\u00e9 d\u2019apprentissage et d\u2019adaptation.<\/strong> Et en plus, ils adorent vraiment \u00e7a et le font d\u2019eux-m\u00eames d\u00e8s qu\u2019ils ont appris \u00e0 conduire.<\/span><\/i><\/p>\n<p><b><i>Leurs vocalisations sont aussi passionnantes.<\/i><\/b><i><span style=\"font-weight: 400;\"> Les rats \u00e9mettent des sons ultrasoniques que nous n\u2019entendons pas, mais qui sont tr\u00e8s expressifs. <strong>On a d\u00e9couvert que certains de ces sons correspondent \u00e0 un v\u00e9ritable rire, diff\u00e9rents qu\u2019ils soient enfants ou adultes. Et, fait incroyable, ce rire est contagieux, un peu comme le n\u00f4tre.<\/strong><\/span><\/i><\/p>\n<p><i><span style=\"font-weight: 400;\"><strong>Ils ressentent aussi du regret, ou encore une aversion pour l\u2019iniquit\u00e9, surtout chez les individus dominants.<\/strong> Et ils sont capables de comportements \u00e9tonnants : Si un rat voit un cong\u00e9n\u00e8re enferm\u00e9 dans une bo\u00eete et un morceau de chocolat dans une autre bo\u00eete \u00e0 c\u00f4t\u00e9, il va lib\u00e9rer le prisonnier et partager le chocolat avec lui !<\/span><\/i><\/p>\n<blockquote>\n<p><strong><i><em>\u00ab<\/em> Les rats sont aussi utilis\u00e9s comme mod\u00e8les pour \u00e9tudier la d\u00e9pression. <\/i><i>Mais cela soul\u00e8ve \u00e9videmment des questions \u00e9thiques : on fait na\u00eetre des animaux sensibles, conscients, pour les rendre d\u00e9pressifs volontairement\u2026 <em>\u00bb<\/em><\/i><\/strong><\/p>\n<\/blockquote>\n<p><i><span style=\"font-weight: 400;\"> \u00c0 un moment donn\u00e9, il faut qu\u2019on se demande jusqu\u2019o\u00f9 on veut aller avec \u00e7a. <\/span><\/i><span style=\"font-weight: 400;\"><em>\u00bb<\/em><\/span><\/p>\n<h4><b>Mr Mondialisation : Q<\/b><b>uel est votre objectif en partageant toutes ces connaissances ?<\/b><\/h4>\n<p><b>S\u00e9bastien Moro : <\/b><em>\u00ab<\/em> <i><span style=\"font-weight: 400;\">Mon but, c\u2019est de rendre la <\/span><\/i><b><i>connaissance scientifique accessible et fiable<\/i><\/b><i><span style=\"font-weight: 400;\">, que ce soit pour les universitaires, les associations, les institutions ou le grand public. <\/span><\/i><i\/><i><span style=\"font-weight: 400;\">Je veux que ces informations soient \u00e0 la fois <\/span><\/i><b><i>cr\u00e9dibles, sourc\u00e9es et compr\u00e9hensibles<\/i><\/b><i><span style=\"font-weight: 400;\">. <\/span><\/i><\/p>\n<blockquote>\n<p><strong><i><em>\u00ab<\/em> Parce qu\u2019\u00e0 partir du moment o\u00f9 on dispose de donn\u00e9es solides, on peut <\/i><i>mener un d\u00e9bat public plus juste<\/i><i>, plus rationnel, et surtout plus respectueux des autres animaux.<em> \u00bb<\/em><\/i><\/strong><\/p>\n<\/blockquote>\n<p><i><span style=\"font-weight: 400;\">Je travaille avec des chercheurs, des \u00e9tudiants, mais aussi des associations ou des collectivit\u00e9s locales qui ont besoin de comprendre comment vivent les animaux avec lesquels elles cohabitent. C\u2019est important de <\/span><\/i><b><i>reconnecter la science avec la soci\u00e9t\u00e9<\/i><\/b><i><span style=\"font-weight: 400;\">.<\/span><\/i><\/p>\n<p><i><span style=\"font-weight: 400;\"><strong>Alors oui, j\u2019ai \u00e9videmment mes biais \u2013 j\u2019ai une certaine affection naturelle pour les animaux, je ne m\u2019en cache pas. La v\u00e9rit\u00e9, c\u2019est que tout le monde en a.<\/strong> Mais j\u2019essaie d\u2019en avoir conscience, de les assumer tout en gardant une <\/span><\/i><b><i>approche rigoureuse et honn\u00eate<\/i><\/b><i><span style=\"font-weight: 400;\">. Ce qui m\u2019importe, c\u2019est que la science puisse servir \u00e0 \u00e9largir notre regard, \u00e0 replacer les autres esp\u00e8ces dans une perspective \u00e9thique et sensible, sans dogmatisme. <\/span><\/i><span style=\"font-weight: 400;\"><em>\u00bb<\/em><\/span><\/p>\n<h4><b>Mr Mondialisation : Q<\/b><b>uand la BD <em>Sc\u00e9l\u00e9rats<\/em> va-t-elle sortir ?<\/b><\/h4>\n<p><b>S\u00e9bastien Moro : <\/b><i><span style=\"font-weight: 400;\"><em>\u00ab<\/em> Si tout se passe bien, la BD sortira <\/span><\/i><b><i>\u00e0 l\u2019\u00e9t\u00e9 2026<\/i><\/b><i><span style=\"font-weight: 400;\">. Mais cela d\u00e9pendra du <\/span><\/i><b><i>succ\u00e8s de <\/i><\/b><a target=\"_blank\" href=\"https:\/\/fr.ulule.com\/scelerats-moro\/\"><b><i>la campagne de financement participatif<\/i><\/b><\/a><i><span style=\"font-weight: 400;\">, qui se termine le <\/span><\/i><b><i>23 novembre<\/i><\/b><i><span style=\"font-weight: 400;\">. <\/span><\/i><i\/><i><span style=\"font-weight: 400;\">Pour \u00eatre honn\u00eate, ce n\u2019est pas gagn\u00e9. La p\u00e9riode est compliqu\u00e9e pour les campagnes de ce type. M\u00eame Guillaume Meurice, qui a pourtant partag\u00e9 le projet, n\u2019a pas r\u00e9ussi \u00e0 mobiliser autant qu\u2019on l\u2019esp\u00e9rait.<\/span><\/i><\/p>\n<p><img fetchpriority=\"high\" decoding=\"async\" class=\"alignnone wp-image-1139529 size-medium\" src=\"https:\/\/mrmondialisation.org\/wp-content\/uploads\/2025\/11\/campagne-1024x390.jpg\" alt=\"\" width=\"1024\" height=\"390\" srcset=\"https:\/\/mrmondialisation.org\/wp-content\/uploads\/2025\/11\/campagne-1024x390.jpg 1024w, https:\/\/mrmondialisation.org\/wp-content\/uploads\/2025\/11\/campagne-1524x580.jpg 1524w, https:\/\/mrmondialisation.org\/wp-content\/uploads\/2025\/11\/campagne-768x293.jpg 768w, https:\/\/mrmondialisation.org\/wp-content\/uploads\/2025\/11\/campagne-1536x585.jpg 1536w, https:\/\/mrmondialisation.org\/wp-content\/uploads\/2025\/11\/campagne-2048x780.jpg 2048w, https:\/\/mrmondialisation.org\/wp-content\/uploads\/2025\/11\/campagne-696x265.jpg 696w, https:\/\/mrmondialisation.org\/wp-content\/uploads\/2025\/11\/campagne-1068x407.jpg 1068w, https:\/\/mrmondialisation.org\/wp-content\/uploads\/2025\/11\/campagne-1103x420.jpg 1103w\" sizes=\"(max-width: 1024px) 100vw, 1024px\"\/><\/p>\n<p><i><span style=\"font-weight: 400;\">C\u2019est frustrant, car <\/span><\/i><span style=\"font-weight: 400;\">Sc\u00e9l\u00e9rats<\/span><i><span style=\"font-weight: 400;\"> est un projet ambitieux : \u00e0 la fois <\/span><\/i><b><i>scientifique, artistique et politique<\/i><\/b><i><span style=\"font-weight: 400;\">. Il y a derri\u00e8re des mois de recherche, plus d\u2019un millier d\u2019\u00e9tudes consult\u00e9es, un vrai travail de fond pour offrir une vision nuanc\u00e9e et juste du rat \u2014 un animal qu\u2019on m\u00e9prise souvent, mais qu\u2019on ne conna\u00eet pas.<\/span><\/i><\/p>\n<p><i><span style=\"font-weight: 400;\">J\u2019esp\u00e8re que le public saura voir la <\/span><\/i><b><i>valeur de ce travail collectif<\/i><\/b><i><span style=\"font-weight: 400;\">, et qu\u2019il nous permettra de mener ce projet jusqu\u2019au bout.<em> \u00bb<\/em><\/span><\/i><\/p>\n<h4><b>Mr Mondialisation : D<\/b><b>epuis vos premiers ouvrages, vous militez pour une vision post-sp\u00e9ciste du monde animal. <b><i>Sc\u00e9l\u00e9rats<\/i><b> s\u2019inscrit-il dans cette d\u00e9marche politique ?<\/b><\/b><\/b><\/h4>\n<p><b>S\u00e9bastien Moro : <\/b><em>\u00ab<\/em> <i><span style=\"font-weight: 400;\">Ce que je d\u00e9fends \u00e0 travers mes travaux, c\u2019est <\/span><\/i><b><i>l\u2019id\u00e9e qu\u2019on cesse de consid\u00e9rer les animaux comme des outils ou des ressources pour nous, comme s\u2019ils n\u2019avaient de valeur qu\u2019en fonction de l\u2019usage qu\u2019on en fait.<\/i><\/b><\/p>\n<p><i><span style=\"font-weight: 400;\"><img loading=\"lazy\" decoding=\"async\" class=\"alignnone wp-image-1139527 size-medium\" src=\"https:\/\/mrmondialisation.org\/wp-content\/uploads\/2025\/11\/bd-scelerats-1024x536.png\" alt=\"\" width=\"1024\" height=\"536\" srcset=\"https:\/\/mrmondialisation.org\/wp-content\/uploads\/2025\/11\/bd-scelerats-1024x536.png 1024w, https:\/\/mrmondialisation.org\/wp-content\/uploads\/2025\/11\/bd-scelerats-768x402.png 768w, https:\/\/mrmondialisation.org\/wp-content\/uploads\/2025\/11\/bd-scelerats-696x364.png 696w, https:\/\/mrmondialisation.org\/wp-content\/uploads\/2025\/11\/bd-scelerats-1068x559.png 1068w, https:\/\/mrmondialisation.org\/wp-content\/uploads\/2025\/11\/bd-scelerats-803x420.png 803w, https:\/\/mrmondialisation.org\/wp-content\/uploads\/2025\/11\/bd-scelerats.png 1500w\" sizes=\"auto, (max-width: 1024px) 100vw, 1024px\"\/><\/span><\/i><i> <\/i><\/p>\n<p><i><span style=\"font-weight: 400;\">Je veux en finir avec ces cat\u00e9gories absurdes qu\u2019on leur impose : <\/span><\/i><b><i>\u201ctoi, tu es un animal de laboratoire, ton destin c\u2019est d\u2019\u00eatre sacrifi\u00e9 pour la science ; toi, tu es un animal de ferme, donc ton r\u00f4le c\u2019est d\u2019\u00eatre mang\u00e9 ; toi, tu es un animal de compagnie, donc tu passeras ta vie enferm\u00e9 dans un appartement\u201d.<\/i><\/b><\/p>\n<p><i><span style=\"font-weight: 400;\">Ce que j\u2019essaie de montrer, c\u2019est que <\/span><\/i><b><i>chaque animal est un individu \u00e0 part enti\u00e8re<\/i><\/b><i><span style=\"font-weight: 400;\">, avec une personnalit\u00e9, une histoire, une mani\u00e8re unique d\u2019exister.<\/span><\/i><i\/><i><span style=\"font-weight: 400;\"> Et surtout, j\u2019essaie de le faire <\/span><\/i><b><i>sans anthropomorphisme<\/i><\/b><i><span style=\"font-weight: 400;\">. Les autres animaux ne sont pas des humains, et c\u2019est justement ce qui est fascinant. <\/span><\/i><\/p>\n<blockquote>\n<p><strong><i><em>\u00ab<\/em> Leurs \u00e9motions, leurs fa\u00e7ons de raisonner, leurs relations sociales ne sont pas les n\u00f4tres, mais elles sont tout aussi l\u00e9gitimes, tout aussi dignes d\u2019int\u00e9r\u00eat. <em>\u00bb<\/em><\/i><\/strong><\/p>\n<\/blockquote>\n<p><i><span style=\"font-weight: 400;\">Mon engagement, c\u2019est \u00e7a : <\/span><\/i><b><i>changer notre regard<\/i><\/b><i><span style=\"font-weight: 400;\">, cesser de hi\u00e9rarchiser les animaux, et reconna\u00eetre que la valeur d\u2019un \u00eatre ne d\u00e9pend pas de sa ressemblance avec nous. Ils sont diff\u00e9rents, et c\u2019est justement \u00e7a qui est si enrichissant ! <em>\u00bb<\/em><\/span><\/i><\/p>\n<h4><b>Mr Mondialisation : <\/b><b>Pouvez-vous m\u2019en dire plus sur votre BD les paupi\u00e8res des poissons ?\u00a0<\/b><\/h4>\n<p><b>S\u00e9bastien Moro : <\/b><em>\u00ab \u00c0<\/em><em><span style=\"font-weight: 400;\">\u00a0<\/span><\/em><i><span style=\"font-weight: 400;\">la base, <strong>c\u2019est l\u2019illustratrice Fanny Vaucher qui est venue me proposer de faire un blog dessin\u00e9 par ses soins sur les poissons suite \u00e0 l\u2019une de mes conf\u00e9rences.<\/strong> Rapidement, notre travail a rencontr\u00e9 du succ\u00e8s et la maison d\u2019\u00e9dition La Plage nous a contact\u00e9 pour le publier sous forme de bande dessin\u00e9e, qui est sortie en 2018 ! <\/span><\/i><i><span style=\"font-weight: 400;\">Le livre explore l\u2019univers fascinant des poissons, un groupe pourtant <\/span><\/i><b><i>immense \u2014 entre 33 000 et 35 000 esp\u00e8ces diff\u00e9rentes<\/i><\/b><i><span style=\"font-weight: 400;\"> \u2014 mais longtemps ignor\u00e9 par la science.<\/span><\/i><\/p>\n<p><i><span style=\"font-weight: 400;\">Pendant des d\u00e9cennies, on n\u2019avait <\/span><\/i><b><i>presque aucune \u00e9tude sur leur comportement ou leur cognition<\/i><\/b><i><span style=\"font-weight: 400;\">, d\u2019abord pour des raisons techniques : il fallait pouvoir les observer, les enregistrer, les filmer sous l\u2019eau, ce qui \u00e9tait tr\u00e8s compliqu\u00e9. <\/span><\/i><i\/><i><span style=\"font-weight: 400;\">Et puis il y a un <\/span><\/i><b><i>biais tr\u00e8s humain<\/i><\/b><i><span style=\"font-weight: 400;\"> : <strong>on a longtemps cru que la taille du cerveau d\u00e9terminait l\u2019intelligence. R\u00e9sultat, les poissons ont \u00e9t\u00e9 exclus de la r\u00e9flexion scientifique pendant des si\u00e8cles. <\/strong><\/span><\/i><i><span style=\"font-weight: 400;\">Ce n\u2019est que depuis les <\/span><\/i><b><i>ann\u00e9es 2010-2020<\/i><\/b><i><span style=\"font-weight: 400;\"> que tout a explos\u00e9 : les \u00e9tudes se multiplient et r\u00e9v\u00e8lent des <\/span><\/i><b><i>formes d\u2019intelligence incroyablement vari\u00e9es<\/i><\/b><i><span style=\"font-weight: 400;\">.<\/span><\/i><\/p>\n<p><strong><i>Par exemple, certains poissons <\/i><i>utilisent des outils<\/i><i>, d\u2019autres <\/i><i>chassent en coop\u00e9ration<\/i><\/strong><i><span style=\"font-weight: 400;\"><strong> avec des esp\u00e8ces totalement diff\u00e9rentes<\/strong> \u2014 des m\u00e9rous qui coordonnent leurs attaques avec des pieuvres ou des rougets, en choisissant leurs partenaires selon leur efficacit\u00e9 ! <\/span><\/i><i\/><i><span style=\"font-weight: 400;\">D\u2019autres encore, comme <strong>le <\/strong><\/span><\/i><strong><i>labre nettoyeur<\/i><\/strong><i><span style=\"font-weight: 400;\"><strong>, r\u00e9ussissent le test du miroir \u2013 un test souvent utilis\u00e9 dans l\u2019\u00e9tude de la conscience de soi.<\/strong> Dans une autre exp\u00e9rience comparative, les labres se sont m\u00eame montr\u00e9s plus efficaces que les chimpanz\u00e9s pour r\u00e9soudre la t\u00e2che !<\/span><\/i><\/p>\n<p><i><span style=\"font-weight: 400;\">On d\u00e9couvre aussi des choses surprenantes : <\/span><\/i><strong><i>Les <\/i><i>poissons-chats<\/i><i> ont des <\/i><i>papilles gustatives sur la peau<\/i><\/strong><i><span style=\"font-weight: 400;\"><strong>, ce qui leur permet de \u201cgo\u00fbter\u201d \u00e0 distance ;<\/strong> d<\/span><\/i><i><span style=\"font-weight: 400;\">es poissons peuvent cartographier l\u2019environnement avec l\u2019\u00e9lectricit\u00e9. C\u2019est si fou les poissons \u00e9lectriques ; <\/span><\/i><i><span style=\"font-weight: 400;\">l\u2019anc\u00eatre commun du requin est <\/span><\/i><b><i>plus \u00e9loign\u00e9 du poisson rouge<\/i><\/b><i><span style=\"font-weight: 400;\"> que le poisson rouge ne l\u2019est\u2026 de l\u2019\u00eatre humain.<\/span><\/i><\/p>\n<blockquote>\n<p><strong><em>\u00ab T<\/em>out cela montre une chose : les poissons n\u2019ont rien \u00e0 envier aux mammif\u00e8res. Leur intelligence est diff\u00e9rente, mais tout aussi riche. <i><em>\u00bb<\/em><\/i><\/strong><\/p>\n<\/blockquote>\n<p><i><span style=\"font-weight: 400;\">C\u2019est une <\/span><\/i><b><i>science en plein essor<\/i><\/b><i><span style=\"font-weight: 400;\">, et j\u2019en garde une petite frustration : j\u2019aurais ador\u00e9 faire un <\/span><\/i><b><i>tome<\/i><\/b><strong><i> 2<\/i><i> ! <em>\u00bb<\/em><\/i><\/strong><\/p>\n<h4><b>Mr Mondialisation : <\/b><b>Et les aquariums dans tout \u00e7a ?\u00a0<\/b><\/h4>\n<p><b>S\u00e9bastien Moro : <\/b><em>\u00ab <\/em><i><span style=\"font-weight: 400;\">C\u2019est une question essentielle, et pourtant\u2026 <\/span><\/i><b><i>on n\u2019a presque aucune donn\u00e9e<\/i><\/b><i><span style=\"font-weight: 400;\"> \u00e0 ce sujet. <\/span><\/i><i\/><i><span style=\"font-weight: 400;\">Aujourd\u2019hui, dans la plupart des <\/span><\/i><b><i>aquariums publics<\/i><\/b><i><span style=\"font-weight: 400;\">, on ne sait pas vraiment si les conditions de vie des poissons sont adapt\u00e9es \u00e0 leurs besoins. Les premi\u00e8res \u00e9tudes sur le <\/span><\/i><b><i>bien-\u00eatre des poissons en <a target=\"_blank\" href=\"https:\/\/mrmondialisation.org\/la-souffrance-des-animaux-en-captivite-enfin-reconnue\/\">captivit\u00e9<\/a><\/i><\/b><i><span style=\"font-weight: 400;\"> commencent tout juste \u00e0 arriver.\u00a0<\/span><\/i><\/p>\n<p><i><span style=\"font-weight: 400;\">J\u2019ai r\u00e9cemment donn\u00e9 une<\/span><\/i><b><i> conf\u00e9rence en Belgique sur les poissons, et un soigneur du parc zoologique Pairi Daiza est venu me voir <\/i><\/b><i><span style=\"font-weight: 400;\">pour me dire quelque chose de tr\u00e8s r\u00e9v\u00e9lateur : il m\u2019a avou\u00e9 qu\u2019il <\/span><\/i><b><i>ne s\u2019\u00e9tait jamais pos\u00e9 la question<\/i><\/b><i><span style=\"font-weight: 400;\"> de l\u2019enrichissement des aquariums. C\u2019est-\u00e0-dire : comment stimuler mentalement les poissons, leur offrir de la complexit\u00e9, des d\u00e9fis, de la nouveaut\u00e9. Depuis, ils ont commenc\u00e9 \u00e0 s\u2019y int\u00e9resser \u2014 et c\u2019est encourageant.<\/span><\/i><\/p>\n<p><i><span style=\"font-weight: 400;\">Cela montre bien \u00e0 quel point notre regard sur les poissons est encore <\/span><\/i><b><i>neuf et incomplet<\/i><\/b><i><span style=\"font-weight: 400;\">. Pendant longtemps, on les a vus comme de simples \u00e9l\u00e9ments de d\u00e9cor, comme des \u201cmeubles vivants\u201d derri\u00e8re une vitre. <\/span><\/i><i\/><i><span style=\"font-weight: 400;\">Mais la science commence \u00e0 nous dire autre chose : ce sont des \u00eatres sensibles, dot\u00e9s de comportements complexes, et ils <\/span><\/i><b><i>m\u00e9ritent la m\u00eame attention<\/i><\/b><i><span style=\"font-weight: 400;\"> que les autres animaux qu\u2019on a appris, plus t\u00f4t, \u00e0 consid\u00e9rer.<\/span><\/i><span style=\"font-weight: 400;\"> <i><em>\u00bb<\/em><\/i><\/span><\/p>\n<h4><b>Mr Mondialisation : <\/b><b>Et votre BD <\/b><b><i>Les cerveaux de la ferme\u202f?<\/i><\/b><b>\u00a0<\/b><\/h4>\n<p><b>S\u00e9bastien Moro : <\/b><em>\u00ab <\/em><i><span style=\"font-weight: 400;\">Cette BD que j\u2019ai r\u00e9alis\u00e9e avec Layla Benabid repose sur environ 450 travaux scientifiques consacr\u00e9s aux poules, ch\u00e8vres, <a target=\"_blank\" href=\"https:\/\/mrmondialisation.org\/les-moutons-des-animaux-sensibles-et-intelligents\/\">moutons<\/a>, cochons et vaches. <\/span><\/i><i><span style=\"font-weight: 400;\">On y d\u00e9couvre \u00e0 quel point <strong>les animaux utilis\u00e9s en \u00e9levage [justement parce qu\u2019on ne veut pas les cat\u00e9goriser comme \u201canimaux d\u2019\u00e9levage\u201d] ont <a target=\"_blank\" href=\"https:\/\/mrmondialisation.org\/les-moutons-des-animaux-sensibles-et-intelligents\/\">des capacit\u00e9s cognitives et sociales \u00e9tonnantes.<\/a><\/strong><\/span><\/i><\/p>\n<p><i><span style=\"font-weight: 400;\">Par exemple, les vaches ont une hi\u00e9rarchie sociale complexe, qui rappelle celle des influenceur\u00b7euses humaines. <\/span><\/i><i><span style=\"font-weight: 400;\"><strong>Plus une vache est \u00e2g\u00e9e et plus elle est respect\u00e9e : on lui c\u00e8de les meilleures couchettes, les meilleurs endroits pour manger.<\/strong> D\u2019un autre c\u00f4t\u00e9, <strong>les vaches avec le plus de copines et les plus aventureuses sont souvent celles qui m\u00e8nent le troupeau<\/strong>, c\u2019est celle qu\u2019on voit toujours en avant des autres.<\/span><\/i><\/p>\n<p><i><span style=\"font-weight: 400;\"><strong>Les moutons savent se soigner,<\/strong> en choisissant les plantes aux propri\u00e9t\u00e9s pharmacologiques les plus adapt\u00e9es \u00e0 leur \u00e9tat de sant\u00e9\u2026 ou de malaise. <\/span><\/i><i><span style=\"font-weight: 400;\">Les poules communiquent de mani\u00e8re tr\u00e8s sophistiqu\u00e9e, notamment pour pr\u00e9venir de la pr\u00e9sence de pr\u00e9dateurs.<strong> Les m\u00e8res enseignent beaucoup \u00e0 leurs poussins, et ces derniers peuvent m\u00eame r\u00e9aliser des op\u00e9rations logico-math\u00e9matiques, comme des soustractions simples \u00e0 3-4 jours de vie.<\/strong><\/span><\/i><\/p>\n<p><i><span style=\"font-weight: 400;\"><strong>Les <a target=\"_blank\" href=\"https:\/\/mrmondialisation.org\/bagnolet-habitants-malassis-chevres\/\">ch\u00e8vres<\/a> sont incroyablement ing\u00e9nieuses et ind\u00e9pendantes,<\/strong> un peu comme Chuck Norris version ferme ! Elles aiment <strong>r\u00e9soudre des d\u00e9fis intellectuels, mais jamais de la mani\u00e8re que vous attendiez.<\/strong> Certaines raffolent m\u00eame des jeux vid\u00e9o !\u00a0<\/span><\/i><\/p>\n<p><iframe loading=\"lazy\" title=\"Les ch\u00e8vres aiment-elles les d\u00e9fis intellectuels ? Cuicui Express  #20\" width=\"1110\" height=\"624\" src=\"https:\/\/www.youtube.com\/embed\/7gQRYVcR_mM?feature=oembed\" frameborder=\"0\" allow=\"accelerometer; autoplay; clipboard-write; encrypted-media; gyroscope; picture-in-picture; web-share\" referrerpolicy=\"strict-origin-when-cross-origin\" allowfullscreen><\/iframe><\/p>\n<p><i><span style=\"font-weight: 400;\">Avec cette BD, mon objectif \u00e9tait de changer notre regard sur ces animaux, souvent per\u00e7us comme \u201cdes ressources\u201d ou \u201cdu b\u00e9tail\u201d. <\/span><\/i><b><i>On d\u00e9couvre qu\u2019ils ont des personnalit\u00e9s, des strat\u00e9gies sociales et des comp\u00e9tences uniques,<\/i><\/b><i><span style=\"font-weight: 400;\"> et qu\u2019il faut les consid\u00e9rer pour ce qu\u2019ils sont r\u00e9ellement, pas pour ce qu\u2019on croit qu\u2019ils devraient \u00eatre. <em>\u00bb<\/em><\/span><\/i><\/p>\n<h4><b>Mr Mondialisation : <\/b><b>Peut-on encore parler d\u2019\u00ab intelligence animale \u00bb sans retomber dans une hi\u00e9rarchie avec l\u2019humain au sommet ?<\/b><\/h4>\n<p><b>S\u00e9bastien Moro : <\/b><i><span style=\"font-weight: 400;\"><em>\u00ab <\/em>Le terme \u201c<\/span><\/i><span style=\"font-weight: 400;\">intelligence<\/span><i><span style=\"font-weight: 400;\">\u201d peut se d\u00e9finir de <\/span><\/i><b><i>beaucoup de mani\u00e8res diff\u00e9rentes<\/i><\/b><i><span style=\"font-weight: 400;\">, selon le milieu de recherche dans lequel on se trouve, philosophie, psychologie, etc.<\/span><\/i><\/p>\n<p><i><span style=\"font-weight: 400;\">Chaque animal se d\u00e9veloppe dans <\/span><\/i><b><i>un contexte sp\u00e9cifique<\/i><\/b><i><span style=\"font-weight: 400;\"> et acquiert des comp\u00e9tences adapt\u00e9es \u00e0 son milieu. Prenons un exemple avec des poissons comme les \u00e9pinoches :<\/span><\/i><\/p>\n<ul>\n<li style=\"font-weight: 400;\" aria-level=\"1\"><i><span style=\"font-weight: 400;\">Une population vivant dans un <\/span><\/i><b><i>estuaire<\/i><\/b><i><span style=\"font-weight: 400;\">, o\u00f9 tout change constamment \u2014 mar\u00e9e, proies, pr\u00e9dateurs \u2014 d\u00e9veloppe une <\/span><\/i><b><i>grande flexibilit\u00e9 d\u2019apprentissage<\/i><\/b><i><span style=\"font-weight: 400;\">, mais une m\u00e9moire \u00e0 long terme peu performante.<\/span><\/i><\/li>\n<li style=\"font-weight: 400;\" aria-level=\"1\"><i><span style=\"font-weight: 400;\"><strong>Une population qui vit dans un environnement stable dans le temps<\/strong>, comme un lac, aura <strong>au contraire une m\u00e9moire exceptionnelle<\/strong>, car elle doit se souvenir de l\u2019emplacement des caches ou des ressources sur plusieurs mois.<\/span><\/i><\/li>\n<\/ul>\n<figure id=\"attachment_1139524\" aria-describedby=\"caption-attachment-1139524\" style=\"width: 1024px\" class=\"wp-caption alignnone\"><img loading=\"lazy\" decoding=\"async\" class=\"wp-image-1139524\" src=\"https:\/\/mrmondialisation.org\/wp-content\/uploads\/2025\/11\/nucifraga-columbiana1-11zon-1524x1023.jpg\" alt=\"By David Menke - wikicommons\" width=\"1024\" height=\"687\" srcset=\"https:\/\/mrmondialisation.org\/wp-content\/uploads\/2025\/11\/nucifraga-columbiana1-11zon-1524x1023.jpg 1524w, https:\/\/mrmondialisation.org\/wp-content\/uploads\/2025\/11\/nucifraga-columbiana1-11zon-1024x687.jpg 1024w, https:\/\/mrmondialisation.org\/wp-content\/uploads\/2025\/11\/nucifraga-columbiana1-11zon-768x515.jpg 768w, https:\/\/mrmondialisation.org\/wp-content\/uploads\/2025\/11\/nucifraga-columbiana1-11zon-1536x1031.jpg 1536w, https:\/\/mrmondialisation.org\/wp-content\/uploads\/2025\/11\/nucifraga-columbiana1-11zon-2048x1374.jpg 2048w, https:\/\/mrmondialisation.org\/wp-content\/uploads\/2025\/11\/nucifraga-columbiana1-11zon-696x467.jpg 696w, https:\/\/mrmondialisation.org\/wp-content\/uploads\/2025\/11\/nucifraga-columbiana1-11zon-1068x717.jpg 1068w, https:\/\/mrmondialisation.org\/wp-content\/uploads\/2025\/11\/nucifraga-columbiana1-11zon-626x420.jpg 626w\" sizes=\"auto, (max-width: 1024px) 100vw, 1024px\"\/><figcaption id=\"caption-attachment-1139524\" class=\"wp-caption-text\">By David Menke \u2013 wikicommons<\/figcaption><\/figure>\n<p><i><span style=\"font-weight: 400;\">M\u00eame chose avec<strong> le<\/strong> <\/span><\/i><b><i>casse-noix de Clark : <\/i><\/b><strong><i>elle peut <\/i><\/strong><i><span style=\"font-weight: 400;\"><strong>cacher jusqu\u2019\u00e0 30 000 graines dans 10 000 cachettes diff\u00e9rentes,<\/strong> retrouv\u00e9es des mois plus tard avec une pr\u00e9cision redoutable : leur m\u00e9moire \u00e0 long terme d\u00e9passe largement celle de l\u2019humain dans ce domaine pr\u00e9cis.<\/span><\/i><\/p>\n<p><i><span style=\"font-weight: 400;\">Cela montre que <\/span><\/i><b><i>l\u2019intelligence n\u2019est pas une notion universelle ni hi\u00e9rarchique<\/i><\/b><i><span style=\"font-weight: 400;\">. On ne peut pas classer les esp\u00e8ces de \u201cplus intelligentes\u201d \u00e0 \u201cmoins intelligentes\u201d. Chaque esp\u00e8ce, chaque individu, excelle dans certains domaines et est compl\u00e8tement nulle dans d\u2019autres, nous y compris.<\/span><\/i><\/p>\n<p><i><span style=\"font-weight: 400;\">En r\u00e9alit\u00e9, <\/span><\/i><b><i>vouloir \u00e9tablir une hi\u00e9rarchie est absurde<\/i><\/b><i><span style=\"font-weight: 400;\">. Si tous les individus d\u2019une esp\u00e8ce \u00e9taient des clones, la survie serait compromise au moindre probl\u00e8me. C\u2019est justement la pluralit\u00e9 des fa\u00e7ons de r\u00e9fl\u00e9chir qui permet l\u2019apparition de comportements nouveaux, et donc aux membres d\u2019une esp\u00e8ce de s\u2019adapter et de survivre. <strong>R\u00e9ussir une t\u00e2che selon nos crit\u00e8res humains <\/strong><\/span><\/i><strong><i>ne rend personne sup\u00e9rieur<\/i><\/strong><i><span style=\"font-weight: 400;\"><strong>. <em>\u00bb<\/em><\/strong><\/span><\/i><\/p>\n<p><iframe loading=\"lazy\" title=\"Des intelligences extraterrestres ... bien terrestres | Sebastien Moro | TEDxArtsEtMetiersBordeaux\" width=\"1110\" height=\"624\" src=\"https:\/\/www.youtube.com\/embed\/EUXzqRmV6yk?feature=oembed\" frameborder=\"0\" allow=\"accelerometer; autoplay; clipboard-write; encrypted-media; gyroscope; picture-in-picture; web-share\" referrerpolicy=\"strict-origin-when-cross-origin\" allowfullscreen><\/iframe><\/p>\n<h4><b>Mr Mondialisation : <\/b><b>En quoi la vulgarisation peut-elle devenir une arme politique pour transformer notre regard sur le vivant ?<\/b><\/h4>\n<p><b>S\u00e9bastien Moro :<\/b> <strong><em>\u00ab <\/em><i>La vulgarisation scientifique est <\/i><\/strong><b><i>un outil important<\/i><\/b><i><span style=\"font-weight: 400;\">, pour plusieurs raisons. <\/span><\/i><i><span style=\"font-weight: 400;\">La premi\u00e8re, c\u2019est que <\/span><\/i><b><i>nos d\u00e9cisions d\u00e9pendent de nos connaissances<\/i><\/b><i><span style=\"font-weight: 400;\">. Si on ignore les r\u00e9sultats scientifiques, on agit au hasard, ou pire : on reproduit des erreurs.<\/span><\/i><\/p>\n<p><i><span style=\"font-weight: 400;\">Par exemple, on pensait jusqu\u2019aux ann\u00e9es 2000 que <\/span><\/i><b><i>les poissons ne ressentaient pas la douleur<\/i><\/b><i><span style=\"font-weight: 400;\">. Cette croyance a longtemps justifi\u00e9 des pratiques d\u2019\u00e9levage ou de p\u00eache qui aujourd\u2019hui sont de plus en plus consid\u00e9r\u00e9es comme inacceptables.<\/span><\/i><i><span style=\"font-weight: 400;\"><br \/><\/span><\/i><i\/><\/p>\n<blockquote>\n<p><strong><i><em>\u00ab <\/em>Il n\u2019existe aucune loi qui encadre le bien-\u00eatre des animaux d\u2019aquaculture. Sans donn\u00e9es fiables diffus\u00e9es au grand public, il est impossible de changer la situation. <em>\u00bb<\/em><\/i><\/strong><\/p>\n<\/blockquote>\n<p><i><span style=\"font-weight: 400;\">Deuxi\u00e8me raison : <\/span><\/i><b><i>l\u2019empathie se d\u00e9veloppe avec la connaissance<\/i><\/b><i><span style=\"font-weight: 400;\">. Plus on comprend un \u00eatre, plus on se soucie de lui. <\/span><\/i><i\/><i><span style=\"font-weight: 400;\">Mon travail consiste \u00e0 <\/span><\/i><b><i>transposer ces d\u00e9couvertes<\/i><\/b><i><span style=\"font-weight: 400;\"> pour le grand public : montrer que ces animaux, m\u00eame tr\u00e8s diff\u00e9rents de nous, ont des vies complexes, des \u00e9motions et une richesse mentale souvent inattendue. Par exemple, un rat n\u2019est pas juste un nuisible : c\u2019est un individu qui joue, coop\u00e8re, souffre et ressent.<\/span><\/i><i><span style=\"font-weight: 400;\"><br \/><\/span><\/i><i><span style=\"font-weight: 400;\"> En vulgarisant ces informations, on peut <\/span><\/i><b><i>changer les comportements<\/i><\/b><i><span style=\"font-weight: 400;\">, am\u00e9liorer le bien-\u00eatre animal et inciter \u00e0 des d\u00e9cisions politiques ou sociales plus justes.<\/span><\/i><\/p>\n<p><i><span style=\"font-weight: 400;\">Le livre sur les rats poursuit exactement cet objectif : <\/span><\/i><b><i>r\u00e9veiller notre attention sur la mani\u00e8re dont nous les traitons<\/i><\/b><i><span style=\"font-weight: 400;\"><strong>,<\/strong> notamment dans les laboratoires ou dans nos villes, o\u00f9 les cages et les conditions de vie sont souvent inadapt\u00e9es. <em>\u00bb<\/em><\/span><\/i><\/p>\n<h4><b>Mr Mondialisation : <\/b><b>\u00c0 l\u2019heure o\u00f9 la biodiversit\u00e9 s\u2019effondre, que dit le sort des rats de notre rapport au monde sauvage et au partage du territoire ?<\/b><\/h4>\n<p><b>S\u00e9bastien Moro : <em>\u00ab <\/em><\/b><i><span style=\"font-weight: 400;\"><strong>On pourrait poser la m\u00eame question pour les humains : partout o\u00f9 l\u2019homme s\u2019installe, les rats s\u2019installent aussi.<\/strong> Ces animaux sont incroyablement adapt\u00e9s \u00e0 nos modes de vie. Lorsque l\u2019humain \u00e9tend son <a target=\"_blank\" href=\"https:\/\/mrmondialisation.org\/2070-humains-50-animaux-sauvages\/\">territoire<\/a>, les rats suivent. Et \u00e0 chaque expansion humaine, la biodiversit\u00e9 locale s\u2019effondre. Les rats peuvent alors poser probl\u00e8me, par exemple en mangeant les \u0153ufs des oiseaux locaux. Originaire de Chine du Nord et de Mongolie, le rat a \u00e9t\u00e9 transport\u00e9 par l\u2019homme dans le monde entier. Dans les nouveaux environnements, il s\u2019adapte rapidement et exploite les ressources disponibles, parfois au d\u00e9triment d\u2019autres esp\u00e8ces.<\/span><\/i><\/p>\n<blockquote>\n<p><strong><i><em>\u00ab <\/em>On ne peut pas penser les rats sans penser l\u2019humain. Si l\u2019on souhaite r\u00e9duire les dommages caus\u00e9s par ces rongeurs, il faudrait peut-\u00eatre que les humains limitent eux-m\u00eames leur impact sur l\u2019environnement.<em> \u00bb<\/em><\/i><\/strong><\/p>\n<\/blockquote>\n<p><i><span style=\"font-weight: 400;\">En milieu urbain, <strong>les probl\u00e8mes li\u00e9s aux rats ont souvent des racines politiques et sociales : ce sont dans les quartiers les plus pauvres qu\u2019ils deviennent g\u00eanants. Ces probl\u00e9matiques sont donc li\u00e9es \u00e0 des d\u00e9cisions publiques et non aux rats eux-m\u00eames.<\/strong> Les rats sont un sympt\u00f4me, pas une cause. Ne sachant comment r\u00e9agir, comme \u00e0 notre habitude, nous les tuons. <\/span><\/i><i><em>\u00bb<\/em><\/i><\/p>\n<h4><b>Mr Mondialisation : <\/b><b> Guillaume Meurice signe la pr\u00e9face. Vous partagez avec lui un go\u00fbt pour la satire politique. Peut-on rire de tout, y compris du sp\u00e9cisme ?<\/b><\/h4>\n<p><b>S\u00e9bastien Moro : <\/b><em>\u00ab <\/em><i><span style=\"font-weight: 400;\">Oui, et c\u2019est m\u00eame tr\u00e8s important. L\u2019humour est un <\/span><\/i><b><i>outil de critique sociale<\/i><\/b><i><span style=\"font-weight: 400;\"> puissant : il permet d\u2019aborder des sujets s\u00e9rieux de mani\u00e8re l\u00e9g\u00e8re, moins frontale.\u00a0<\/span><\/i><\/p>\n<p><i><span style=\"font-weight: 400;\">Guillaume Meurice <\/span><\/i><b><i>d\u00e9nonce des absurdit\u00e9s politiques<\/i><\/b><i><span style=\"font-weight: 400;\"> avec un ton satirique. Cela ouvre la discussion et facilite la r\u00e9flexion. <\/span><\/i><i><span style=\"font-weight: 400;\">L\u2019humour permet aussi de <\/span><\/i><b><i>mettre en lumi\u00e8re le sp\u00e9cisme<\/i><\/b><i><span style=\"font-weight: 400;\">, de montrer \u00e0 quel point notre soci\u00e9t\u00e9 sous-estime et m\u00e9prise certains animaux, mais aussi les incoh\u00e9rences profondes entre nos id\u00e9es et nos actes les concernant. Des auteurs comme Insolent Veggie r\u00e9ussissent \u00e9galement \u00e0 traiter ces sujets avec humour.\u00a0<\/span><\/i><i><span style=\"font-weight: 400;\">Il faut les deux : <\/span><\/i><b><i>le s\u00e9rieux et l\u2019humour<\/i><\/b><i><span style=\"font-weight: 400;\">.<\/span><\/i><\/p>\n<p><i><span style=\"font-weight: 400;\">Le s\u00e9rieux est indispensable pour appuyer nos arguments avec des donn\u00e9es fiables. Par exemple, avec cette <\/span><\/i><a target=\"_blank\" href=\"https:\/\/www.radiofrance.fr\/franceculture\/podcasts\/serie-le-monde-apres-le-specisme-en-finir-avec-l-oppression-des-animaux\"><i><span style=\"font-weight: 400;\">\u00e9mission de France Culture<\/span><\/i><\/a><i><span style=\"font-weight: 400;\">. L\u2019humour, lui, permet d\u2019ouvrir les esprits, de faire r\u00e9fl\u00e9chir sans braquer, et m\u00eame parfois de <\/span><\/i><b><i>mettre en lumi\u00e8re des comportements humains absurdes vis-\u00e0-vis des animaux<\/i><\/b><i><span style=\"font-weight: 400;\">.<\/span><\/i><\/p>\n<p><i><span style=\"font-weight: 400;\">Dans le fond, rire de certaines injustices ou absurdit\u00e9s n\u2019enl\u00e8ve rien \u00e0 leur gravit\u00e9 ; au contraire, cela peut aider \u00e0 <\/span><\/i><b><i>changer le regard des gens<\/i><\/b><i><span style=\"font-weight: 400;\">, de mani\u00e8re subtile mais efficace.<em> \u00bb<\/em><\/span><\/i><\/p>\n<h4><b>Mr Mondialisation : <\/b><b>\u00c0 qui s\u2019adresse <b><i>Sc\u00e9l\u00e9rats<\/i><b> : aux amoureux des animaux, aux sceptiques, ou \u00e0 ceux qui n\u2019y avaient jamais pens\u00e9 ?<\/b><\/b><\/b><\/h4>\n<p><b>S\u00e9bastien Moro : <\/b><em>\u00ab <\/em><span style=\"font-weight: 400;\">Sc\u00e9l\u00e9rats<\/span><i><span style=\"font-weight: 400;\"> s\u2019adresse <\/span><\/i><b><i>\u00e0 absolument tout le monde<\/i><\/b><i><span style=\"font-weight: 400;\">. Il vise le <\/span><\/i><b><i>grand public<\/i><\/b><i><span style=\"font-weight: 400;\">, y compris ceux qui ne se sont jamais int\u00e9ress\u00e9s aux rats, pour leur faire d\u00e9couvrir ces animaux et leur offrir une vision compl\u00e8te et nuanc\u00e9e.<\/span><\/i><\/p>\n<p><i><span style=\"font-weight: 400;\">Il s\u2019adresse aussi \u00e0 ceux qui <\/span><\/i><b><i>aiment d\u00e9j\u00e0 les rats<\/i><\/b><i><span style=\"font-weight: 400;\">, afin d\u2019approfondir leur connaissance et d\u2019am\u00e9liorer la relation qu\u2019ils ont avec ces animaux. M\u00eame les <\/span><\/i><b><i>municipalit\u00e9s<\/i><\/b><i><span style=\"font-weight: 400;\"> ou les <\/span><\/i><b><i>laboratoires<\/i><\/b><i><span style=\"font-weight: 400;\"> peuvent en tirer profit : pour penser l\u2019urbanisme autrement, mieux g\u00e9rer la cohabitation avec les rats, ou offrir aux \u00e9tudiants et chercheurs une <\/span><\/i><b><i>vision d\u2019ensemble solide<\/i><\/b><i><span style=\"font-weight: 400;\"> sur ces animaux.<\/span><\/i><\/p>\n<p><i><span style=\"font-weight: 400;\">Le livre est con\u00e7u pour <\/span><\/i><b><i>les adolescents et les adultes<\/i><\/b><i><span style=\"font-weight: 400;\">, mais surtout pour les <\/span><\/i><b><i>passionn\u00e9s et les curieux<\/i><\/b><i><span style=\"font-weight: 400;\"><strong>.<\/strong>\u00a0<\/span><\/i><i><span style=\"font-weight: 400;\">Sc\u00e9l\u00e9rats est donc \u00e0 la fois un <\/span><\/i><b><i>outil \u00e9ducatif, scientifique et citoyen<\/i><\/b><i><span style=\"font-weight: 400;\">, capable de toucher un public tr\u00e8s large et diversifi\u00e9. <em>\u00bb<\/em><\/span><\/i><\/p>\n<h4><b>Mr Mondialisation : <\/b><b>Enfin, si les rats pouvaient parler, que nous diraient-ils selon vous<\/b> <strong>?<\/strong><\/h4>\n<p><b>S\u00e9bastien Moro : <\/b><em>\u00ab <\/em><i><span style=\"font-weight: 400;\">J\u2019adore cette question, car elle met en \u00e9vidence ce qui nous \u00e9chappe. Et en fait, on ne peut pas vraiment y r\u00e9pondre. <\/span><\/i><b><i>Si je disais : <\/i>\u201cIls diraient ceci\u201d<i>, cela reviendrait \u00e0 leur attribuer des pens\u00e9es humaines. Or, les rats ne r\u00e9fl\u00e9chissent pas comme nous. <\/i><\/b><i>S<\/i><i><span style=\"font-weight: 400;\">\u2019ils pouvaient s\u2019exprimer, ce serait quelque chose comme:<\/span><\/i><i><span style=\"font-weight: 400;\"><br \/><\/span><\/i><span style=\"font-weight: 400;\"> \u201cDonnez-nous plus \u00e0 manger, arr\u00eatez de nous tuer.\u201d<\/span><i><span style=\"font-weight: 400;\"><br \/><\/span><\/i><i> <\/i><\/p>\n<p><strong><i>Certains aimeraient peut-\u00eatre aussi un foyer s\u00fbr et un peu d\u2019attention, des caresses ou des chatouilles, mais pas tous. <\/i><\/strong><i><span style=\"font-weight: 400;\">Les rats communiquent d\u00e9j\u00e0, mais pas avec des mots humains. Certes, ils distinguent les langues humaines et peuvent diff\u00e9rencier le n\u00e9erlandais du japonais, mais de l\u00e0 \u00e0 construire des phrases comme nous, \u00e7a ne correspond pas \u00e0 leurs propres \u00e9changes.<\/span><\/i><\/p>\n<p><i>Ils nous \u201cparlent\u201d d\u00e9j\u00e0 \u00e0 travers leurs comportements, leurs vocalisations et leurs interactions. <\/i><b><i>La vraie question, c\u2019est de savoir si nous sommes capables de les \u00e9couter et d\u2019agir en cons\u00e9quence, plut\u00f4t que de chercher \u00e0 les faire parler comme des humains. <em>\u00bb<\/em><\/i><\/b><\/p>\n<h4><b>Mr Mondialisation : <\/b><b>Et les outils d\u2019intelligence artificielle (IA) dans tout \u00e7a ?\u00a0<\/b><\/h4>\n<p><b>S\u00e9bastien Moro : <\/b><em>\u00ab <\/em><i><span style=\"font-weight: 400;\">Il ne faut pas <\/span><\/i><b><i>trop id\u00e9aliser l\u2019intelligence artificielle<\/i><\/b><i><span style=\"font-weight: 400;\">. Aujourd\u2019hui, l\u2019IA ne peut pas encore analyser tout le contexte environnemental et social, tous les \u00e9v\u00e8nements qui se d\u00e9roulent au moment o\u00f9 un animal produit un son. Les <\/span><\/i><b><i>communications animales<\/i><\/b><i><span style=\"font-weight: 400;\"> sont tr\u00e8s diff\u00e9rentes des n\u00f4tres et souvent extr\u00eamement subtiles.<\/span><\/i><\/p>\n<p><i><span style=\"font-weight: 400;\">M\u00eame chez les animaux qui vocalisent, <\/span><\/i><b><i>une simple variation d\u2019intonation peut signifier autre chose. <\/i><\/b><i><span style=\"font-weight: 400;\">Nous pouvons en comprendre certaines, mais cela reste limit\u00e9. Par notre biais humain nous interpr\u00e9tons surtout ce qui passe par le son, alors que beaucoup d\u2019esp\u00e8ces utilisent d\u2019autres modes de communication. <\/span><\/i><\/p>\n<p><i\/><i><span style=\"font-weight: 400;\">Par exemple, les <\/span><\/i><b><i>poissons<\/i><\/b><i><span style=\"font-weight: 400;\"> communiquent essentiellement par <\/span><\/i><b><i>odeurs et \u00e9changes chimiques<\/i><\/b><i><span style=\"font-weight: 400;\">, et chez les rats, il existe m\u00eame une <\/span><\/i><b><i>\u201codeur de la coop\u00e9ration\u201d<\/i><\/b><i><span style=\"font-weight: 400;\">, un signal chimique qui indique l\u2019entraide entre individus. <\/span><\/i><i><span style=\"font-weight: 400;\">L\u2019IA peut aider \u00e0 <\/span><\/i><b><i>traiter de grandes quantit\u00e9s de donn\u00e9es<\/i><\/b><i><span style=\"font-weight: 400;\">, mais elle est encore loin de pouvoir <\/span><\/i><b><i>comprendre r\u00e9ellement le langage et les interactions complexes des animaux<\/i><\/b><strong><i>. <em>\u00bb<\/em><\/i><\/strong><\/p>\n<p><span style=\"font-weight: 400;\">Pour retrouver le travail de <a target=\"_blank\" href=\"https:\/\/www.cervelledoiseau.fr\/\">S\u00e9bastien Moro<\/a> sur les r\u00e9seaux sociaux, c\u2019est par <a target=\"_blank\" href=\"https:\/\/www.instagram.com\/cervelleoiseau\/\">ici. <\/a><\/span>Sentez-vous libre de participer \u00e0 sa campagne de financement participatif pour <a target=\"_blank\" href=\"https:\/\/fr.ulule.com\/scelerats-moro\/\">sa BD Sc\u00e9l\u00e9rats<\/a>.<\/p>\n<p style=\"text-align: right;\"><em>\u2013 <strong>Maureen Damman<\/strong><\/em><\/p>\n<div class=\"td-a-rec td-a-rec-id-content_bottom  tdi_2 td_block_template_1\">\n<span class=\"td-adspot-title\">&#8211; Cet article gratuit et ind\u00e9pendant existe gr\u00e2ce \u00e0 vous &#8211;<\/span><\/p>\n<div class=\"td-all-devices\">\n    <a target=\"_blank\" href=\"https:\/\/mrmondialisation.org\/donation\/\" title=\"Faire_un_don\"><img decoding=\"async\" class=\"donationArticle\" src=\"https:\/\/mrmondialisation.org\/wp-content\/uploads\/2022\/12\/220405-flikalicious-final.jpg\" alt=\"Donation\"\/><\/a>\n<\/div>\n<\/div><\/div>\n<p><script async defer src=\"https:\/\/platform.instagram.com\/en_US\/embeds.js\"><\/script><br \/>\n<br \/><br \/>\n<br \/><a href=\"https:\/\/mrmondialisation.org\/rats-bd-sebastien-moro-intelligence\/\" target=\"_blank\"\">Source link <\/a><\/p>\n","protected":false},"excerpt":{"rendered":"<p>S\u00e9bastien Moro explore le monde fascinant des animaux m\u00e9pris\u00e9s ou m\u00e9connus. Il publiera bient\u00f4t une nouvelle BD sur les rats, intitul\u00e9e Sc\u00e9l\u00e9rats, actuellement en campagne de financement participatif.\u00a0 Vulgarisateur, conseiller&hellip; <\/p>\n","protected":false},"author":1,"featured_media":18897,"comment_status":"open","ping_status":"open","sticky":false,"template":"","format":"standard","meta":{"footnotes":""},"categories":[1],"tags":[],"class_list":["post-18896","post","type-post","status-publish","format-standard","has-post-thumbnail","hentry","category-non-classe"],"_links":{"self":[{"href":"https:\/\/monde25.info\/index.php\/wp-json\/wp\/v2\/posts\/18896","targetHints":{"allow":["GET"]}}],"collection":[{"href":"https:\/\/monde25.info\/index.php\/wp-json\/wp\/v2\/posts"}],"about":[{"href":"https:\/\/monde25.info\/index.php\/wp-json\/wp\/v2\/types\/post"}],"author":[{"embeddable":true,"href":"https:\/\/monde25.info\/index.php\/wp-json\/wp\/v2\/users\/1"}],"replies":[{"embeddable":true,"href":"https:\/\/monde25.info\/index.php\/wp-json\/wp\/v2\/comments?post=18896"}],"version-history":[{"count":0,"href":"https:\/\/monde25.info\/index.php\/wp-json\/wp\/v2\/posts\/18896\/revisions"}],"wp:featuredmedia":[{"embeddable":true,"href":"https:\/\/monde25.info\/index.php\/wp-json\/wp\/v2\/media\/18897"}],"wp:attachment":[{"href":"https:\/\/monde25.info\/index.php\/wp-json\/wp\/v2\/media?parent=18896"}],"wp:term":[{"taxonomy":"category","embeddable":true,"href":"https:\/\/monde25.info\/index.php\/wp-json\/wp\/v2\/categories?post=18896"},{"taxonomy":"post_tag","embeddable":true,"href":"https:\/\/monde25.info\/index.php\/wp-json\/wp\/v2\/tags?post=18896"}],"curies":[{"name":"wp","href":"https:\/\/api.w.org\/{rel}","templated":true}]}}