{"id":18900,"date":"2025-11-05T10:50:35","date_gmt":"2025-11-05T09:50:35","guid":{"rendered":"https:\/\/monde25.info\/index.php\/2025\/11\/05\/duralex-ouvre-ses-souscriptions-citoyennes-un-savoir-faire-francais-a-soutenir\/"},"modified":"2025-11-05T10:50:35","modified_gmt":"2025-11-05T09:50:35","slug":"duralex-ouvre-ses-souscriptions-citoyennes-un-savoir-faire-francais-a-soutenir","status":"publish","type":"post","link":"https:\/\/monde25.info\/index.php\/2025\/11\/05\/duralex-ouvre-ses-souscriptions-citoyennes-un-savoir-faire-francais-a-soutenir\/","title":{"rendered":"Duralex ouvre ses souscriptions citoyennes : un savoir-faire fran\u00e7ais \u00e0 soutenir"},"content":{"rendered":"<p> <br \/>\n<\/p>\n<div>\n<p>La verrerie Duralex, reprise il y a un peu plus d\u2019un an par ses salari\u00e9s sous forme de coop\u00e9rative (SCOP), poursuit sa relance avec succ\u00e8s, avec un chiffre d\u2019affaires qui devrait atteindre 31 millions d\u2019euros en 2025, et un objectif de 35 millions pour atteindre l\u2019\u00e9quilibre. Ici chaque salari\u00e9 est actionnaire et participe aux d\u00e9cisions strat\u00e9giques, un mod\u00e8le rare qui associe performance et gouvernance partag\u00e9e. \u201cOn sait pourquoi on travaille.\u201d Cette phrase de Gilles Pelletier, salari\u00e9 depuis plus de 30 ans, r\u00e9sume ce tournant historique.<\/p>\n<p>Fort de cette relance et alors que Duralex s\u2019appr\u00eate \u00e0 f\u00eater ses 80 ans, la verrerie franchit une nouvelle \u00e9tape avec une lev\u00e9e de fonds citoyenne de 5 millions d\u2019euros, ouverte sur <a target=\"_blank\" href=\"https:\/\/fr.lita.co\/fr\/opportunities\/1099-duralex\">Lita.co<\/a>. Sous forme de titres participatifs, elle permet de renforcer ses fonds propres, moderniser les \u00e9quipements, \u00e9largir les gammes et cr\u00e9er une nouvelle ligne de production. Cette lev\u00e9e compl\u00e8te les 10 millions d\u00e9j\u00e0 s\u00e9curis\u00e9s aupr\u00e8s de la r\u00e9gion et de partenaires bancaires.<\/p>\n<p>En moins d\u2019un an, Duralex est pass\u00e9e du redressement judiciaire \u00e0 une entreprise en<span class=\"Apple-converted-space\">\u00a0<\/span>croissance, port\u00e9e par ses salari\u00e9s et un mod\u00e8le coop\u00e9ratif unique. Cette lev\u00e9e citoyenne s\u2019impose donc comme une occasion pour chacun de participer concr\u00e8tement \u00e0 la relance d\u2019un symbole industriel fran\u00e7ais.<\/p>\n<p>\u00c0 l\u2019image de <em>France-Soir<\/em>, cette Presse Libre que vous soutenez, pourquoi ne pas soutenir Duralex et d\u00e9fendre par l\u00e0 m\u00eame notre savoir-faire fran\u00e7ais.<\/p>\n<p>Et puis plut\u00f4t que d\u2019acheter des verres fabriqu\u00e9s en Chine, quoi de plus logique finalement que d\u2019acheter fran\u00e7ais\u2026 Ces verres que nous avons tous connus dans nos cantines restent un des symboles du savoir faire Made in France, robustes, durables, ind\u00e9modables et iconiques.<\/p>\n<\/div>\n<p><script>(function(d, s, id) {  var js, fjs = d.getElementsByTagName(s)[0];  if (d.getElementById(id)) return;  js = d.createElement(s); js.id = id;  js.src = \"\/\/connect.facebook.net\/fr_FR\/sdk.js#xfbml=1&version=v2.3\";  fjs.parentNode.insertBefore(js, fjs);}(document, \"script\", \"facebook-jssdk\"));<\/script><br \/>\n<br \/><br \/>\n<br \/><a href=\"https:\/\/www.francesoir.fr\/societe-economie\/duralex-ouvre-ses-souscriptions-citoyennes-la-cooperative-entre-dans-une-nouvelle\" target=\"_blank\"\">Source link <\/a><\/p>\n","protected":false},"excerpt":{"rendered":"<p>La verrerie Duralex, reprise il y a un peu plus d\u2019un an par ses salari\u00e9s sous forme de coop\u00e9rative (SCOP), poursuit sa relance avec succ\u00e8s, avec un chiffre d\u2019affaires qui&hellip; <\/p>\n","protected":false},"author":1,"featured_media":18901,"comment_status":"open","ping_status":"open","sticky":false,"template":"","format":"standard","meta":{"footnotes":""},"categories":[1],"tags":[],"class_list":["post-18900","post","type-post","status-publish","format-standard","has-post-thumbnail","hentry","category-non-classe"],"_links":{"self":[{"href":"https:\/\/monde25.info\/index.php\/wp-json\/wp\/v2\/posts\/18900","targetHints":{"allow":["GET"]}}],"collection":[{"href":"https:\/\/monde25.info\/index.php\/wp-json\/wp\/v2\/posts"}],"about":[{"href":"https:\/\/monde25.info\/index.php\/wp-json\/wp\/v2\/types\/post"}],"author":[{"embeddable":true,"href":"https:\/\/monde25.info\/index.php\/wp-json\/wp\/v2\/users\/1"}],"replies":[{"embeddable":true,"href":"https:\/\/monde25.info\/index.php\/wp-json\/wp\/v2\/comments?post=18900"}],"version-history":[{"count":0,"href":"https:\/\/monde25.info\/index.php\/wp-json\/wp\/v2\/posts\/18900\/revisions"}],"wp:featuredmedia":[{"embeddable":true,"href":"https:\/\/monde25.info\/index.php\/wp-json\/wp\/v2\/media\/18901"}],"wp:attachment":[{"href":"https:\/\/monde25.info\/index.php\/wp-json\/wp\/v2\/media?parent=18900"}],"wp:term":[{"taxonomy":"category","embeddable":true,"href":"https:\/\/monde25.info\/index.php\/wp-json\/wp\/v2\/categories?post=18900"},{"taxonomy":"post_tag","embeddable":true,"href":"https:\/\/monde25.info\/index.php\/wp-json\/wp\/v2\/tags?post=18900"}],"curies":[{"name":"wp","href":"https:\/\/api.w.org\/{rel}","templated":true}]}}