{"id":18908,"date":"2025-11-05T14:41:45","date_gmt":"2025-11-05T13:41:45","guid":{"rendered":"https:\/\/monde25.info\/index.php\/2025\/11\/05\/a-5-jours-de-la-cop30-lunion-europeenne-accouche-dun-plan-climat-dans-la-douleur\/"},"modified":"2025-11-05T14:41:45","modified_gmt":"2025-11-05T13:41:45","slug":"a-5-jours-de-la-cop30-lunion-europeenne-accouche-dun-plan-climat-dans-la-douleur","status":"publish","type":"post","link":"https:\/\/monde25.info\/index.php\/2025\/11\/05\/a-5-jours-de-la-cop30-lunion-europeenne-accouche-dun-plan-climat-dans-la-douleur\/","title":{"rendered":"\u00c0 5 jours de la COP30, l&#039;Union europ\u00e9enne accouche d&#039;un plan climat \u00ab\u00a0dans la douleur\u00a0\u00bb"},"content":{"rendered":"<p> <br \/>\n<br \/><img loading=\"lazy\" decoding=\"async\" src=\"https:\/\/reporterre.net\/local\/cache-vignettes\/L700xH467\/pixnio-5400x3600-eb98a.jpg?1762334372\" class=\"spip_logo\" width=\"700\" height=\"467\" alt=\"\" \/><\/p>\n<p>L&rsquo;Union europ\u00e9enne a fr\u00f4l\u00e9 le fiasco. \u00c0 cinq jours de l&rsquo;ouverture de la <span class=\"caps\">COP30<\/span> au Br\u00e9sil, les Vingt-sept n&rsquo;avaient toujours pas pr\u00e9sent\u00e9 leur feuille de route pour r\u00e9duire leurs \u00e9missions de gaz \u00e0 effet de serre \u00e0 horizon 2035 \u2014 initialement cens\u00e9e \u00eatre restitu\u00e9e \u00e0 l&rsquo;<span class=\"caps\">ONU<\/span> en f\u00e9vrier dernier. D\u00e9sormais, voil\u00e0 chose faite. Le 5\u00a0novembre au matin, un compromis a \u00e9t\u00e9 arrach\u00e9 \u00ab<small class=\"fine d-inline\">\u00a0<\/small>dans la douleur<small class=\"fine d-inline\">\u00a0<\/small>\u00bb, d\u00e9voile l&rsquo;<span class=\"caps\">AFP<\/span>. <br class=\"autobr\" \/><br \/>\nL&rsquo;\u00e9laboration de ce plan d&rsquo;action climatique \u2014 appel\u00e9 Contributions d\u00e9termin\u00e9es au\u00a0(\u2026)<\/p>\n<p>                    <a target=\"_blank\" href=\"https:\/\/reporterre.net\/A-cinq-jours-de-la-COP30-l-Union-europeenne-accouche-d-un-plan-climat-dans-la-douleur?utm_source=RSS&amp;utm_medium=RSS\">Lire la suite<\/a><\/p>\n<p>                    &#8211;<br \/>\n                        <a target=\"_blank\" href=\"https:\/\/reporterre.net\/Breves-20\" rel=\"directory\">En bref<\/a><\/p>\n<p>                    \/<br \/>\n                        <a target=\"_blank\" href=\"https:\/\/reporterre.net\/Climat-18\" rel=\"tag\">Climat <\/a><br \/>\n<br \/><br \/>\n<br \/><a href=\"https:\/\/reporterre.net\/A-cinq-jours-de-la-COP30-l-Union-europeenne-accouche-d-un-plan-climat-dans-la-douleur\" target=\"_blank\"\">Source link <\/a><\/p>\n","protected":false},"excerpt":{"rendered":"<p>L&rsquo;Union europ\u00e9enne a fr\u00f4l\u00e9 le fiasco. \u00c0 cinq jours de l&rsquo;ouverture de la COP30 au Br\u00e9sil, les Vingt-sept n&rsquo;avaient toujours pas pr\u00e9sent\u00e9 leur feuille de route pour r\u00e9duire leurs \u00e9missions&hellip; <\/p>\n","protected":false},"author":1,"featured_media":0,"comment_status":"open","ping_status":"open","sticky":false,"template":"","format":"standard","meta":{"footnotes":""},"categories":[1],"tags":[],"class_list":["post-18908","post","type-post","status-publish","format-standard","hentry","category-non-classe"],"_links":{"self":[{"href":"https:\/\/monde25.info\/index.php\/wp-json\/wp\/v2\/posts\/18908","targetHints":{"allow":["GET"]}}],"collection":[{"href":"https:\/\/monde25.info\/index.php\/wp-json\/wp\/v2\/posts"}],"about":[{"href":"https:\/\/monde25.info\/index.php\/wp-json\/wp\/v2\/types\/post"}],"author":[{"embeddable":true,"href":"https:\/\/monde25.info\/index.php\/wp-json\/wp\/v2\/users\/1"}],"replies":[{"embeddable":true,"href":"https:\/\/monde25.info\/index.php\/wp-json\/wp\/v2\/comments?post=18908"}],"version-history":[{"count":0,"href":"https:\/\/monde25.info\/index.php\/wp-json\/wp\/v2\/posts\/18908\/revisions"}],"wp:attachment":[{"href":"https:\/\/monde25.info\/index.php\/wp-json\/wp\/v2\/media?parent=18908"}],"wp:term":[{"taxonomy":"category","embeddable":true,"href":"https:\/\/monde25.info\/index.php\/wp-json\/wp\/v2\/categories?post=18908"},{"taxonomy":"post_tag","embeddable":true,"href":"https:\/\/monde25.info\/index.php\/wp-json\/wp\/v2\/tags?post=18908"}],"curies":[{"name":"wp","href":"https:\/\/api.w.org\/{rel}","templated":true}]}}