{"id":18911,"date":"2025-11-05T15:47:37","date_gmt":"2025-11-05T14:47:37","guid":{"rendered":"https:\/\/monde25.info\/index.php\/2025\/11\/05\/trump-annonce-renommer-un-proche-delon-musk-a-la-tete-de-la-nasa\/"},"modified":"2025-11-05T15:47:37","modified_gmt":"2025-11-05T14:47:37","slug":"trump-annonce-renommer-un-proche-delon-musk-a-la-tete-de-la-nasa","status":"publish","type":"post","link":"https:\/\/monde25.info\/index.php\/2025\/11\/05\/trump-annonce-renommer-un-proche-delon-musk-a-la-tete-de-la-nasa\/","title":{"rendered":"Trump annonce renommer un proche d&rsquo;Elon Musk \u00e0 la t\u00eate de la Nasa"},"content":{"rendered":"<p> <br \/>\n<\/p>\n<div>\n<p>Apr\u00e8s plusieurs revirements, Donald Trump a annonc\u00e9 mardi renommer le milliardaire Jared Isaacman, un proche d&rsquo;Elon Musk, pour prendre la t\u00eate de la puissante agence spatiale am\u00e9ricaine (Nasa), apr\u00e8s l&rsquo;avoir pourtant \u00e9cart\u00e9 en mai.<\/p>\n<p>\u00ab\u00a0La passion de Jared pour l&rsquo;espace, son exp\u00e9rience d&rsquo;astronaute et son d\u00e9vouement \u00e0 repousser les limites de l&rsquo;exploration, \u00e0 percer les myst\u00e8res de l&rsquo;univers et \u00e0 faire progresser la nouvelle \u00e9conomie spatiale font de lui la personne id\u00e9ale pour mener la Nasa vers une nouvelle \u00e8re pleine d&rsquo;audace\u00a0\u00bb, a justifi\u00e9 le pr\u00e9sident am\u00e9ricain sur son r\u00e9seau Truth Social.<\/p>\n<p>Fin mai, le r\u00e9publicain avait retir\u00e9 in extremis sa nomination pour prendre la t\u00eate de la Nasa, justifiant son revirement par un \u00ab\u00a0examen approfondi\u00a0\u00bb des \u00ab\u00a0associations ant\u00e9rieures\u00a0\u00bb de l&rsquo;homme d&rsquo;affaires, qui avait par le pass\u00e9 fait des dons \u00e0 des \u00e9lus d\u00e9mocrates.<\/p>\n<p>Cette marche arri\u00e8re \u00e9tait survenue au moment m\u00eame o\u00f9 les relations entre Donald Trump et le multimilliardaire Elon Musk se d\u00e9gradaient, les tensions entre les deux hommes ayant fini par exploser spectaculairement d\u00e9but juin.<\/p>\n<p>Depuis, un apaisement relatif a sembl\u00e9 s&rsquo;op\u00e9rer entre les deux hommes, qui ont notamment \u00e9t\u00e9 vus c\u00f4te \u00e0 c\u00f4te lors d&rsquo;un hommage en septembre \u00e0 l&rsquo;influenceur conservateur Charlie Kirk.<\/p>\n<p>Donald Trump avait nomm\u00e9 une premi\u00e8re fois Jared Isaacman en d\u00e9cembre dernier, un choix qui avait suscit\u00e9 des inqui\u00e9tudes sur d&rsquo;\u00e9ventuels conflits d&rsquo;int\u00e9r\u00eat.<\/p>\n<p>L&rsquo;homme d&rsquo;affaires de 42 ans est r\u00e9put\u00e9 tr\u00e8s proche du patron de SpaceX Elon Musk, avec lequel il a des liens financiers \u00e9troits, mais est soutenu par de nombreux acteurs du secteur spatial qui le consid\u00e8rent comp\u00e9tent et passionn\u00e9.<\/p>\n<p>\u00ab\u00a0Merci, Monsieur le Pr\u00e9sident\u00a0\u00bb, a r\u00e9agi mardi M. Isaacman sur la plateforme X d&rsquo;Elon Musk en remerciant la \u00ab\u00a0communaut\u00e9 des amoureux de l&rsquo;espace\u00a0\u00bb. Elon Musk a quant \u00e0 lui r\u00e9agi en partageant sur son r\u00e9seau trois \u00e9motic\u00f4nes\u00a0: un coeur, une fus\u00e9e et le drapeau am\u00e9ricain.<\/p>\n<p>La nomination de Jared Isaacman \u00e0 la t\u00eate de la Nasa doit \u00e0 pr\u00e9sent \u00eatre confirm\u00e9e par le S\u00e9nat am\u00e9ricain.<\/p>\n<p>Jared Isaacman a fait fortune dans les paiements en ligne \u00e0 la t\u00eate de son entreprise Shift4 Payment et est par ailleurs le premier astronaute priv\u00e9 \u00e0 avoir effectu\u00e9 une sortie extra-v\u00e9hiculaire dans l&rsquo;espace, lors d&rsquo;une mission priv\u00e9e men\u00e9e par&#8230; SpaceX.<\/p>\n<p>Sa nouvelle nomination survient apr\u00e8s de vives tensions entre Elon Musk et le ministre des Transports de Trump Sean Duffy charg\u00e9 de la gestion par int\u00e9rim de la Nasa.<\/p>\n<p>Le multimilliardaire s&rsquo;en est r\u00e9cemment pris frontalement \u00e0 M. Duffy apr\u00e8s que ce dernier a \u00e9voqu\u00e9 la possibilit\u00e9 de se passer de son entreprise pour retourner sur la Lune, en raison de retards pris par SpaceX.\u00a0<\/p>\n<p>Selon des informations de presse, M. Duffy s&rsquo;opposait \u00e0 ce que M. Isaacman soit nomm\u00e9 une deuxi\u00e8me fois et souhaitait garder la gestion de la Nasa.<\/p>\n<\/div>\n<p><script>(function(d, s, id) {  var js, fjs = d.getElementsByTagName(s)[0];  if (d.getElementById(id)) return;  js = d.createElement(s); js.id = id;  js.src = \"\/\/connect.facebook.net\/fr_FR\/sdk.js#xfbml=1&version=v2.3\";  fjs.parentNode.insertBefore(js, fjs);}(document, \"script\", \"facebook-jssdk\"));<\/script><br \/>\n<br \/><br \/>\n<br \/><a href=\"https:\/\/www.francesoir.fr\/politique-monde\/trump-annonce-renommer-un-proche-d-elon-musk-la-tete-de-la-nasa\" target=\"_blank\"\">Source link <\/a><\/p>\n","protected":false},"excerpt":{"rendered":"<p>Apr\u00e8s plusieurs revirements, Donald Trump a annonc\u00e9 mardi renommer le milliardaire Jared Isaacman, un proche d&rsquo;Elon Musk, pour prendre la t\u00eate de la puissante agence spatiale am\u00e9ricaine (Nasa), apr\u00e8s l&rsquo;avoir&hellip; <\/p>\n","protected":false},"author":1,"featured_media":18912,"comment_status":"open","ping_status":"open","sticky":false,"template":"","format":"standard","meta":{"footnotes":""},"categories":[1],"tags":[],"class_list":["post-18911","post","type-post","status-publish","format-standard","has-post-thumbnail","hentry","category-non-classe"],"_links":{"self":[{"href":"https:\/\/monde25.info\/index.php\/wp-json\/wp\/v2\/posts\/18911","targetHints":{"allow":["GET"]}}],"collection":[{"href":"https:\/\/monde25.info\/index.php\/wp-json\/wp\/v2\/posts"}],"about":[{"href":"https:\/\/monde25.info\/index.php\/wp-json\/wp\/v2\/types\/post"}],"author":[{"embeddable":true,"href":"https:\/\/monde25.info\/index.php\/wp-json\/wp\/v2\/users\/1"}],"replies":[{"embeddable":true,"href":"https:\/\/monde25.info\/index.php\/wp-json\/wp\/v2\/comments?post=18911"}],"version-history":[{"count":0,"href":"https:\/\/monde25.info\/index.php\/wp-json\/wp\/v2\/posts\/18911\/revisions"}],"wp:featuredmedia":[{"embeddable":true,"href":"https:\/\/monde25.info\/index.php\/wp-json\/wp\/v2\/media\/18912"}],"wp:attachment":[{"href":"https:\/\/monde25.info\/index.php\/wp-json\/wp\/v2\/media?parent=18911"}],"wp:term":[{"taxonomy":"category","embeddable":true,"href":"https:\/\/monde25.info\/index.php\/wp-json\/wp\/v2\/categories?post=18911"},{"taxonomy":"post_tag","embeddable":true,"href":"https:\/\/monde25.info\/index.php\/wp-json\/wp\/v2\/tags?post=18911"}],"curies":[{"name":"wp","href":"https:\/\/api.w.org\/{rel}","templated":true}]}}