{"id":18919,"date":"2025-11-05T18:01:42","date_gmt":"2025-11-05T17:01:42","guid":{"rendered":"https:\/\/monde25.info\/index.php\/2025\/11\/05\/narcotrafic-un-ennemi-commode-par-laurent-bonelli-le-monde-diplomatique-novembre-2025\/"},"modified":"2025-11-05T18:01:42","modified_gmt":"2025-11-05T17:01:42","slug":"narcotrafic-un-ennemi-commode-par-laurent-bonelli-le-monde-diplomatique-novembre-2025","status":"publish","type":"post","link":"https:\/\/monde25.info\/index.php\/2025\/11\/05\/narcotrafic-un-ennemi-commode-par-laurent-bonelli-le-monde-diplomatique-novembre-2025\/","title":{"rendered":"Narcotrafic, un ennemi commode, par Laurent Bonelli (Le Monde diplomatique, novembre 2025)"},"content":{"rendered":"<p> <br \/>\n<\/p>\n<div>\n<p class=\"crayon article-surtitre-68915 surtitre\">Renouvellement de l\u2019imaginaire s\u00e9curitaire<\/p>\n<div class=\"crayon article-chapo-68915 chapo\">\n<p>Sit\u00f4t nomm\u00e9, le nouveau ministre de l\u2019int\u00e9rieur fran\u00e7ais, M.\u00a0Laurent Nu\u00f1ez, ancien pr\u00e9fet de police de Paris, a annonc\u00e9 que la \u00ab<small class=\"fine\">\u00a0<\/small>guerre contre les narcotrafiquants<small class=\"fine\">\u00a0<\/small>\u00bb serait une de ses deux priorit\u00e9s. Ce th\u00e8me suscite des discours de plus en plus affol\u00e9s, sur fond d\u2019analogies avec l\u2019Am\u00e9rique latine. La question de la demande croissante de drogues semble moins passionner que la chasse aux pourvoyeurs.<\/p>\n<\/div><\/div>\n<div couleurfade=\"f6e6ee\" couleurclaire=\"f1d9e5\" couleurpale=\"eea9cc\" couleurmi=\"963666\" couleurfoncee=\"85134c\" couleursombre=\"250d19\" couleurfond=\"6d4c5d\" couleurtexte=\"ffffff\">\n<div class=\"enapercu\">\n<figure class=\"spip_document_35055 spip_documents spip_documents_center justecol\" style=\"width:650px;\">\n<div class=\"limage\">\n<p>\t\t\t<img loading=\"lazy\" decoding=\"async\" src=\"https:\/\/www.monde-diplomatique.fr\/\/local\/cache-vignettes\/L650xH862\/20_2575.hr-05701.jpg?1761919805\" width=\"650\" height=\"862\" class=\"spip_logos\" alt=\"JPEG - 213.4\u00a0kio\"\/><\/p><\/div><figcaption>\n<p>Camilo Restrepo. \u2013 \u00ab<small class=\"fine\">\u00a0<\/small>Mera Calentura<small class=\"fine\">\u00a0<\/small>\u00bb (C\u2019est chaud), d\u00e9tail, 2017<\/p>\n<p>\u00a9 Camilo Restrepo &#8211; Galer\u00eda La Cometa, Bogot\u00e1, Medell\u00edn, Madrid, Miami. camilorestrepo.co\n<\/p>\n<\/figcaption><\/figure>\n<p><i><span class=\"mot-lettrine\"><span class=\"lettrine\"><span class=\"guillemet\">\u00ab<\/span>N<\/span>on<\/span> seulement le crime est normal, mais il est facile de prouver qu\u2019il a bien des utilit\u00e9s.<small class=\"fine\">\u00a0<\/small>\u00bb<\/i> \u00c0 l\u2019heure o\u00f9 le \u00ab<small class=\"fine\">\u00a0<\/small>narcotrafic<small class=\"fine\">\u00a0<\/small>\u00bb semble \u00eatre devenu l\u2019un des principaux fl\u00e9aux de la soci\u00e9t\u00e9 fran\u00e7aise, cette formule de Karl Marx, tir\u00e9e d\u2019un texte r\u00e9dig\u00e9 au d\u00e9but des ann\u00e9es\u00a01860, m\u00e9rite qu\u2019on s\u2019y attarde. Prenant le contrepied de la criminologie de l\u2019\u00e9poque, port\u00e9e \u00e0 percevoir la d\u00e9linquance comme une pathologie (sociale ou mentale), l\u2019auteur sugg\u00e8re en effet qu\u2019elle serait consubstantielle \u00e0 la vie collective. Une piste explor\u00e9e plus syst\u00e9matiquement par \u00c9mile Durkheim\u00a0: le sociologue montrera quelques ann\u00e9es plus tard que le regroupement de certains actes ou comportements sous la cat\u00e9gorie de \u00ab<small class=\"fine\">\u00a0<\/small>crime<small class=\"fine\">\u00a0<\/small>\u00bb sert \u00e0 fixer les fronti\u00e8res morales d\u2019une soci\u00e9t\u00e9, en s\u00e9parant une majorit\u00e9 d\u2019<i>\u00ab<small class=\"fine\">\u00a0<\/small>honn\u00eates hommes<small class=\"fine\">\u00a0<\/small>\u00bb<\/i> d\u2019une minorit\u00e9 de <i>\u00ab<small class=\"fine\">\u00a0<\/small>criminels<small class=\"fine\">\u00a0<\/small>\u00bb<\/i>. Mais Marx a une intuition suppl\u00e9mentaire lorsqu\u2019il s\u2019interroge sur les <i>\u00ab<small class=\"fine\">\u00a0<\/small>b\u00e9n\u00e9fices secondaires<small class=\"fine\">\u00a0<\/small>\u00bb<\/i> de cette criminalit\u00e9, c\u2019est-\u00e0-dire sur l\u2019ensemble des activit\u00e9s (le droit, la litt\u00e9rature, la presse, la science, la technique) et des professions (policiers, avocats, assureurs, serruriers, etc.) qui prosp\u00e8rent gr\u00e2ce \u00e0 son existence. La liste qu\u2019il dresse n\u2019est pas exhaustive et on pourrait y inclure aujourd\u2019hui la plupart des \u00e9lites politiques et m\u00e9diatiques, depuis qu\u2019elles ont fait de la s\u00e9curit\u00e9 l\u2019un de leurs th\u00e8mes de pr\u00e9dilection.<\/p>\n<p>Amorc\u00e9 aux \u00c9tats-Unis au d\u00e9but des ann\u00e9es\u00a01970 sous l\u2019\u00e9tiquette \u00ab<small class=\"fine\">\u00a0<\/small>loi et ordre<small class=\"fine\">\u00a0<\/small>\u00bb (\u00ab<small class=\"fine\">\u00a0<\/small>law and order<small class=\"fine\">\u00a0<\/small>\u00bb), ce mouvement se d\u00e9ploie une trentaine d\u2019ann\u00e9es plus tard de l\u2019Europe \u00e0 l\u2019Am\u00e9rique latine. Il enclenche une surench\u00e8re de lois et de proclamations fustigeant l\u2019\u00ab<small class=\"fine\">\u00a0<\/small>ang\u00e9lisme<small class=\"fine\">\u00a0<\/small>\u00bb ou le \u00ab<small class=\"fine\">\u00a0<\/small>laxisme<small class=\"fine\">\u00a0<\/small>\u00bb et appelant \u00e0 un durcissement r\u00e9pressif, y compris au sein des partis traditionnellement plus favorables \u00e0 la pr\u00e9vention et \u00e0 la d\u00e9fense des libert\u00e9s. En autonomisant la s\u00e9curit\u00e9 par rapport \u00e0 la question sociale dans laquelle elle \u00e9tait jadis encastr\u00e9e, cette dynamique a\u00a0(\u2026)<\/p>\n<\/p><\/div>\n<p>Taille de l\u2019article complet\u00a0:\u00a0<span>4\u00a0112<\/span>\u00a0mots.<\/p>\n<div class=\"promo_dispo_article\">\n<h2 class=\"avantbloc\">\n\tCet article est r\u00e9serv\u00e9 aux\u00a0abonn\u00e9s<\/p>\n<\/h2>\n<div class=\"abo_inst\">\n\t<strong>Lyc\u00e9es, biblioth\u00e8ques, administrations, entreprises,<\/strong><br \/>\n\tacc\u00e9dez \u00e0 la base de donn\u00e9es en ligne de tous les articles du <i>Monde diplomatique<\/i> de 1954 \u00e0 nos\u00a0jours.<br \/>\n\t<a target=\"_blank\" id=\"pw-institutions\" class=\"suivi\" href=\"https:\/\/www.monde-diplomatique.fr\/archives\/institutions\">Retrouvez cette\u00a0offre sp\u00e9cifique<\/a>.\n<\/div>\n<\/div><\/div>\n<p><br \/>\n<br \/><a href=\"https:\/\/www.monde-diplomatique.fr\/2025\/11\/BONELLI\/68915\" target=\"_blank\"\">Source link <\/a><\/p>\n","protected":false},"excerpt":{"rendered":"<p>Renouvellement de l\u2019imaginaire s\u00e9curitaire Sit\u00f4t nomm\u00e9, le nouveau ministre de l\u2019int\u00e9rieur fran\u00e7ais, M.\u00a0Laurent Nu\u00f1ez, ancien pr\u00e9fet de police de Paris, a annonc\u00e9 que la \u00ab\u00a0guerre contre les narcotrafiquants\u00a0\u00bb serait une&hellip; <\/p>\n","protected":false},"author":1,"featured_media":18920,"comment_status":"open","ping_status":"open","sticky":false,"template":"","format":"standard","meta":{"footnotes":""},"categories":[1],"tags":[],"class_list":["post-18919","post","type-post","status-publish","format-standard","has-post-thumbnail","hentry","category-non-classe"],"_links":{"self":[{"href":"https:\/\/monde25.info\/index.php\/wp-json\/wp\/v2\/posts\/18919","targetHints":{"allow":["GET"]}}],"collection":[{"href":"https:\/\/monde25.info\/index.php\/wp-json\/wp\/v2\/posts"}],"about":[{"href":"https:\/\/monde25.info\/index.php\/wp-json\/wp\/v2\/types\/post"}],"author":[{"embeddable":true,"href":"https:\/\/monde25.info\/index.php\/wp-json\/wp\/v2\/users\/1"}],"replies":[{"embeddable":true,"href":"https:\/\/monde25.info\/index.php\/wp-json\/wp\/v2\/comments?post=18919"}],"version-history":[{"count":0,"href":"https:\/\/monde25.info\/index.php\/wp-json\/wp\/v2\/posts\/18919\/revisions"}],"wp:featuredmedia":[{"embeddable":true,"href":"https:\/\/monde25.info\/index.php\/wp-json\/wp\/v2\/media\/18920"}],"wp:attachment":[{"href":"https:\/\/monde25.info\/index.php\/wp-json\/wp\/v2\/media?parent=18919"}],"wp:term":[{"taxonomy":"category","embeddable":true,"href":"https:\/\/monde25.info\/index.php\/wp-json\/wp\/v2\/categories?post=18919"},{"taxonomy":"post_tag","embeddable":true,"href":"https:\/\/monde25.info\/index.php\/wp-json\/wp\/v2\/tags?post=18919"}],"curies":[{"name":"wp","href":"https:\/\/api.w.org\/{rel}","templated":true}]}}