{"id":18924,"date":"2025-11-05T19:40:35","date_gmt":"2025-11-05T18:40:35","guid":{"rendered":"https:\/\/monde25.info\/index.php\/2025\/11\/05\/lhysterie-collective-et-les-verites-de-groupe-quand-la-foule-nous-rend-aveugles-et-macron-un-gourou-en-deroute\/"},"modified":"2025-11-05T19:40:35","modified_gmt":"2025-11-05T18:40:35","slug":"lhysterie-collective-et-les-verites-de-groupe-quand-la-foule-nous-rend-aveugles-et-macron-un-gourou-en-deroute","status":"publish","type":"post","link":"https:\/\/monde25.info\/index.php\/2025\/11\/05\/lhysterie-collective-et-les-verites-de-groupe-quand-la-foule-nous-rend-aveugles-et-macron-un-gourou-en-deroute\/","title":{"rendered":"L&rsquo;hyst\u00e9rie collective et les v\u00e9rit\u00e9s de groupe : quand la foule nous rend aveugles \u2013 et Macron, un gourou en d\u00e9route ?"},"content":{"rendered":"<p> <br \/>\n<\/p>\n<div>\n<blockquote>\n<p>R\u00e9sum\u00e9 pour les press\u00e9s\u00a0: si l&rsquo;histoire des foules est un cirque tragique, Macron en est-il le conducteur en chef \u2013 un illusionniste qui a transform\u00e9 la France en ar\u00e8ne d&rsquo;hyst\u00e9rie collective, o\u00f9 les v\u00e9rit\u00e9s de groupe nous bandent les yeux comme des bandeaux de secte. Diss\u00e9quons ces poisons sociaux : l&rsquo;hyst\u00e9rie, cette \u00e9pid\u00e9mie \u00e9motionnelle d\u00e9crite par Le Bon d\u00e8s 1895, qui fait fondre la raison dans le prestige de la foule ; et les v\u00e9rit\u00e9s de groupe, ces consensus toxiques th\u00e9oris\u00e9 par Janis et magnifi\u00e9s par Heffernan dans son <em>Willful Blindness<\/em> \u2013 o\u00f9 l&rsquo;aveuglement volontaire, activ\u00e9 par la peur de l&rsquo;exclusion, nous fait gober des fraudes comme Enron ou des dogmes vaccinaux comme \u00e9vangiles.<\/p>\n<p>De Salem aux sorci\u00e8res du Covid, ces dynamiques explosent en France sous le r\u00e8gne d&rsquo;Emmanuel, ma\u00eetre incontest\u00e9 de la manipulation collective \u2013 la seule chose o\u00f9 il brille, le reste \u00e9tant refil\u00e9 \u00e0 l&rsquo;UE, championne de la d\u00e9connexion. Le pass sanitaire ? Une caste vaccinale impos\u00e9e comme salut, fracturant familles et emplois, et rendant malades 12 millions de Fran\u00e7ais : d\u00e9pressions en cascade, burn-outs \u00e0 2,5 millions, suicides en hausse, dans une \u00ab\u00a0<em>fuite maniaque<\/em>\u00a0\u00bb que des psy comme Segatori \u2013 qui le traite de psychopathe depuis 2017 \u2013 voient comme une pathologie contagieuse. Le macronisme ? Une coquille vide de techno-populisme, per Bickerton de Cambridge : Gilets Jaunes r\u00e9prim\u00e9s par arrogance jupit\u00e9rienne, r\u00e9formes descendues comme d\u00e9crets divins, promesses en toc qui \u00e9touffent le d\u00e9bat au profit d&rsquo;une unanimit\u00e9 forc\u00e9e.<\/p>\n<p>Mais la d\u00e9rive sectaire culmine : LREM vis\u00e9 par des plaintes (class\u00e9es) pour un \u00ab\u00a0<em>covidisme<\/em>\u00a0\u00bb rituel excluant les h\u00e9r\u00e9tiques ; Perronne d\u00e9non\u00e7ant une d\u00e9politisation m\u00e9dicale ; et ces \u00ab\u00a0<em>assises anti-sectes<\/em>\u00a0\u00bb macroniennes, un paravent pour censurer les dissidents, \u00e0 la sauce Arendt \u2013 totalitarisme soft o\u00f9 la critique pue le complot.<\/p>\n<p>Le bouquet final ? Le 4 novembre 2025, RTL l\u00e2che la bombe : \u00ab\u00a0<em>Je l\u00e2che le manche<\/em>\u00a0\u00bb sur le national, avoue Macron \u00e0 La Rochelle, \u00e9puis\u00e9 face \u00e0 un 11 % de confiance et des alli\u00e9s en d\u00e9route comme Attal ou Philippe. Le pr\u00e9sident de l\u2019UPR tweete illico : \u00ab\u00a0<em>Abandon de poste = destitution !<\/em>\u00a0\u00bb, invoquant l&rsquo;article 5 contre ce \u00ab\u00a0<em>psychopathe en souffrance<\/em>\u00a0\u00bb. Pression fatale : l&rsquo;entourage, verrouill\u00e9 dans sa bulle, prot\u00e8ge un gourou au bord du gouffre.<\/p>\n<p>Et la cerise ? <em>France-Soir<\/em> qui saisit le Conseil constitutionnel le 1er juillet 2024 pour \u00ab\u00a0<em>emp\u00eachement<\/em>\u00a0\u00bb \u2013 abandon de poste, actes fous (dissolution surprise, bravades ukrainiennes sans Parlement), et opacit\u00e9 sant\u00e9 : z\u00e9ro bulletin depuis 2020, malgr\u00e9 promesses ; soup\u00e7ons de d\u00e9pression auto-avou\u00e9e, psychotropes, narcissisme pathologique (Minc dixit). Post-dissolution, paralysie totale : citoyens en \u00ab\u00a0<em>actio popularis<\/em>\u00a0\u00bb en application de l&rsquo;article 15 DDHC dans l\u2019optique de \u00ab\u00a0<em>demander compte \u00e0 l&rsquo;agent public<\/em>\u00a0\u00bb. Pour avoir pos\u00e9 des questions tel que la charte de Munich les invite, <em>France-Soir<\/em> re\u00e7oit des lettres d&rsquo;intimidation le 12 juin 2025 pour \u00ab\u00a0<em>violation de secret m\u00e9dical<\/em>\u00a0\u00bb \u2013 une atteinte \u00e0 la presse (CEDH 10). Loin de se laisser faire, <em>France-Soir<\/em>, r\u00e9plique par recours au Tribunal Administratif le 8 ao\u00fbt, et QPC (question prioritaire de constitutionalit\u00e9) choc sur l&rsquo;article L.1110-4 CSP, <strong>paralysant l&#8217;emp\u00eachement par absence d&rsquo;exception sant\u00e9-pr\u00e9sidentielle<\/strong>. \u00ab\u00a0<em>M\u00e9conna\u00eet-il la transparence et la continuit\u00e9 de l&rsquo;\u00c9tat ?<\/em>\u00a0\u00bb, demande-t-on dans la saisine. En pleine crise \u2013 quatre premiers ministres en deux ans, 58 % contre le nucl\u00e9aire mutualis\u00e9, des armes et hommes en Ukraine malgr\u00e9 les demandes d\u2019ex militaires suppliants \u2013 <strong>un leader affaibli peut-il jouer \u00e0 la roulette russe sans preuves ?<\/strong><\/p>\n<p>Heffernan nous le crie : brisons l&rsquo;aveuglement ! Cette QPC est une br\u00e8che : amendons la loi pour transparence absolue sur la sant\u00e9 des chefs \u2013 pas anti-Macron, mais pro-R\u00e9publique. Sinon, l&rsquo;hyst\u00e9rie l&#8217;emportera, et nous paierons de notre \u00e2me. Lucidit\u00e9 ou chute : \u00e0 vous, la France.<\/p>\n<\/blockquote>\n<p><strong>\u00a0<\/strong><\/p>\n<p class=\"text-align-center\">\u00a0*** Edito ***<\/p>\n<p>\u00c0 l\u2019heure o\u00f9 les r\u00e9seaux sociaux amplifient chaque \u00e9motion jusqu&rsquo;\u00e0 l&rsquo;explosion, <strong>l&rsquo;hyst\u00e9rie collective et les v\u00e9rit\u00e9s de groupe ne sont plus de simples curiosit\u00e9s psychologiques<\/strong> : elles sont les <strong>moteurs invisibles de nos soci\u00e9t\u00e9s fractur\u00e9es<\/strong>. L&rsquo;hyst\u00e9rie collective d\u00e9signe ce ph\u00e9nom\u00e8ne o\u00f9 un groupe, submerg\u00e9 par une peur ou une ferveur irrationnelle, adopte des comportements contagieux et souvent destructeurs, comme <a target=\"_blank\" href=\"https:\/\/www.francesoir.fr\/opinions-editos\/la-grande-allergie-francaise-une-rupture-irreparable\">une \u00e9pid\u00e9mie ou allergie \u00e9motionnelle<\/a>. Les v\u00e9rit\u00e9s de groupe, quant \u00e0 elles, renvoient \u00e0 cette illusion partag\u00e9e o\u00f9 le consensus l&#8217;emporte sur la r\u00e9alit\u00e9, <strong>for\u00e7ant les individus \u00e0 ignorer les \u00e9vidences pour pr\u00e9server l&rsquo;harmonie du troupeau<\/strong>. Ces deux dynamiques, \u00e9troitement li\u00e9es, expliquent bien des d\u00e9rives contemporaines \u2013 et en France, sous l&rsquo;\u00e8re Macron, elles ont \u00e9t\u00e9 <strong>instrumentalis\u00e9es \u00e0 un niveau institutionnel<\/strong>, avec des cons\u00e9quences d\u00e9vastatrices sur la sant\u00e9 mentale collective. Aujourd&rsquo;hui, alors que le pr\u00e9sident avoue <a target=\"_blank\" href=\"https:\/\/www.rtl.fr\/actu\/politique\/emmanuel-macron-veut-lacher-le-manche-et-ne-plus-se-meler-de-politique-nationale-7900562059\">\u00ab\u00a0<em>l\u00e2cher le manche<\/em>\u00a0\u00bb<\/a> sur la politique nationale, une bataille judiciaire pour <strong>la transparence sur sa sant\u00e9 r\u00e9v\u00e8le l&rsquo;ampleur de cette d\u00e9rive<\/strong> : \u00ab\u00a0<em>un pouvoir pi\u00e9g\u00e9 dans sa propre bulle sectaire, o\u00f9 le secret m\u00e9dical prot\u00e8ge non pas un homme, mais un syst\u00e8me agonisant<\/em>\u00a0\u00bb explique un psychoth\u00e9rapeute.<\/p>\n<p><img decoding=\"async\" data-entity-uuid=\"740039eb-9c24-4c53-a17c-af1a84bbc91b\" data-entity-type=\"file\" alt=\"Hyst\u00e9rie\" width=\"695\" height=\"417\" class=\"align-center lazyload\" loading=\"lazy\" src=\"https:\/\/www.francesoir.fr\/sites\/default\/files\/inline-images\/FS102025%20%2867%29.png\"\/><\/p>\n<p>Prenons d&rsquo;abord <strong>l&rsquo;hyst\u00e9rie collective<\/strong>. Gustave Le Bon, dans son ouvrage fondateur <strong>La Psychologie des foules<\/strong> (1895), d\u00e9crivait d\u00e9j\u00e0 comment les masses perdent leur individualit\u00e9 rationnelle pour se fondre dans un \u00ab\u00a0<em>prestige<\/em>\u00a0\u00bb \u00e9motionnel, o\u00f9 <strong>la suggestion remplace la r\u00e9flexion<\/strong>. Un exemple concret ? La chasse aux sorci\u00e8res de Salem en 1692 : une rumeur de sorcellerie, aliment\u00e9e par la peur puritaine d&rsquo;une mal\u00e9diction divine, a conduit \u00e0 l&rsquo;ex\u00e9cution de vingt personnes innocentes. La contagion s&rsquo;est propag\u00e9e par des \u00ab\u00a0<em>preuves<\/em>\u00a0\u00bb spectrales \u2013 des visions collectives \u2013 jusqu&rsquo;\u00e0 ce que la raison revienne, trop tard. Plus pr\u00e8s de nous, la panique autour des vaccins pendant la pand\u00e9mie de Covid-19 illustre parfaitement ce m\u00e9canisme : d&rsquo;un c\u00f4t\u00e9, une \u00ab\u00a0<em>quasi hyst\u00e9rie pro-vaccinale<\/em>\u00a0\u00bb d\u2019une majorit\u00e9 a stigmatis\u00e9 les r\u00e9ticents comme des parias ; de l&rsquo;autre, une minorit\u00e9 \u00e9tiquet\u00e9e \u00ab\u00a0<em>anti-vax\u00a0\u00bb<\/em> a demand\u00e9 les preuves et le d\u00e9bat tout en \u00e9tant qualifi\u00e9e d\u2019amplificatrice de th\u00e9ories conspirationnistes.\u00a0<\/p>\n<blockquote>\n<p>Qu\u2019en r\u00e9sulte-t-il ? Des divisions familiales, des positions contraires \u00e0 la science et \u00e0 l\u2019int\u00e9r\u00eat g\u00e9n\u00e9ral, des emplois perdus, et une d\u00e9fiance accrue envers les institutions (<a target=\"_blank\" href=\"https:\/\/www.francesoir.fr\/politique-france\/sondage-exclusif-les-francais-expriment-leur-totale-defiance-envers-macron-et\">52% des Fran\u00e7ais estiment que le gouvernement et ses mensonges leur ont fait perdre confiance dans la vaccination<\/a>).<\/p>\n<\/blockquote>\n<p>Quant aux <strong>v\u00e9rit\u00e9s de groupe<\/strong>, elles sont le terreau fertile de ces explosions. Irving Janis, dans <em>Groupthink<\/em> (1972), analysait comment les \u00e9quipes ferm\u00e9es \u2013 comme les conseillers pr\u00e9sidentiels \u2013 <strong>privil\u00e9gient l&rsquo;unanimit\u00e9 au d\u00e9triment de la critique<\/strong>, menant \u00e0 des catastrophes comme l&rsquo;invasion rat\u00e9e de la Baie des Cochons en 1961. Margaret Heffernan, dans son essai percutant <em>Willful Blindness: Why We Ignore the Obvious at Our Peril<\/em> (L\u2019aveuglement volontaire : pourquoi nous ignorons l\u2019\u00e9vidence \u00e0 nos risques et p\u00e9rils 2011), va plus loin : elle d\u00e9montre que <strong>nous choisissons activement l&rsquo;aveuglement pour \u00e9viter le malaise cognitif<\/strong>. Des scandales comme Enron, o\u00f9 des cadres ignoraient les fraudes \u00e9videntes pour ne pas perturber la \u00ab\u00a0<em>culture d&rsquo;entreprise<\/em>\u00a0\u00bb, ou le silence des \u00c9glises face aux abus p\u00e9dophiles, ou encore le \u00ab\u00a0tous vaccin\u00e9s, tous prot\u00e9g\u00e9s\u00a0\u00bb du minist\u00e8re de la sant\u00e9 montrent comment les groupes fabriquent des \u00ab\u00a0<em>v\u00e9rit\u00e9s<\/em>\u00a0\u00bb confortables.\u00a0<\/p>\n<blockquote>\n<p>Heffernan cite des \u00e9tudes psychologiques prouvant que la loyaut\u00e9 au groupe active les m\u00eames circuits c\u00e9r\u00e9braux que la peur physique : <strong>mieux vaut mentir \u00e0 soi-m\u00eame que risquer l&rsquo;exclusion<\/strong>.<\/p>\n<\/blockquote>\n<p>Ces ph\u00e9nom\u00e8nes ne sont pas abstraits ; ils gangr\u00e8nent notre actualit\u00e9 politique. En France, Emmanuel Macron s&rsquo;est r\u00e9v\u00e9l\u00e9 un ma\u00eetre incontest\u00e9 dans l&rsquo;art de les susciter et de les entretenir \u2013 la seule chose, dirai-je, en quoi il excelle vraiment, le reste \u00e9tant d\u00e9l\u00e9gu\u00e9 \u00e0 l&rsquo;Union europ\u00e9enne, <strong>cette machine bureaucratique qui excelle dans la d\u00e9connexion<\/strong>. Prenez la gestion du pass sanitaire en 2021 : une mesure pr\u00e9sent\u00e9e comme salvatrice a divis\u00e9 la soci\u00e9t\u00e9 en castes \u2013 vaccin\u00e9s versus non-vaccin\u00e9s \u2013 g\u00e9n\u00e9rant une hyst\u00e9rie collective o\u00f9 <strong>la science devenait un dogme incontestable<\/strong>, violant le consentement individuel au nom du \u00ab\u00a0<em>bien commun<\/em>\u00a0\u00bb. Cette <a target=\"_blank\" href=\"https:\/\/www.francesoir.fr\/opinions-editos\/macron-t-il-aussi-rendu-malade-ses-concitoyens-en-mettant-en-place-une-maltraitance\">maltraitance institutionnelle<\/a> n&rsquo;a pas seulement fractur\u00e9 les liens sociaux ; <a target=\"_blank\" href=\"https:\/\/www.francesoir.fr\/opinions-editos\/macron-t-il-aussi-rendu-malade-ses-concitoyens-en-mettant-en-place-une-maltraitance\">elle a rendu malades des millions de Fran\u00e7ais<\/a>. Selon des analyses r\u00e9centes, l&rsquo;anxi\u00e9t\u00e9 et la d\u00e9pression touchent d\u00e9sormais 12 millions de personnes, avec une explosion de la consommation d&rsquo;antid\u00e9presseurs \u2013 pr\u00e8s d&rsquo;un Fran\u00e7ais sur quatre en avale au cours de sa vie, malgr\u00e9 des doutes sur leur efficacit\u00e9 r\u00e9elle. Le burn-out frappe 2,5 millions de salari\u00e9s, et les suicides grimpent en fl\u00e8che, le tout dans un climat de \u00ab\u00a0<em>fuite en avant maniaque<\/em>\u00a0\u00bb du pouvoir, comme le d\u00e9crivent des psychiatres. Un expert italien, Massimo Segatori, n&rsquo;h\u00e9sitait pas \u00e0 qualifier Macron de \u00ab\u00a0<a target=\"_blank\" href=\"https:\/\/www.francesoir.fr\/opinions-editos\/je-suis-malade-completement-malade-premiere-partie\"><em>psychopathe dangereux<\/em><\/a>\u00a0\u00bb d\u00e8s 2017, soulignant comment cette pathologie personnelle se diffuse comme une norme collective.<\/p>\n<p>Pire, le macronisme lui-m\u00eame est une v\u00e9rit\u00e9 de groupe d\u00e9connect\u00e9e de la r\u00e9alit\u00e9. Comme <a target=\"_blank\" href=\"https:\/\/www.francesoir.fr\/opinions-entretiens-politique-france\/le-macronisme-nest-pas-encore-la-reponse-aux-problemes\">l&rsquo;explique le politologue Chris Bickerton<\/a>, professeur \u00e0 Cambridge, ce \u00ab\u00a0techno-populisme\u00a0\u00bb \u2013 un m\u00e9lange d&rsquo;\u00e9litisme technocratique et de promesses salvatrices \u2013 n&rsquo;est qu&rsquo;une \u00ab\u00a0<em>coquille vide<\/em>\u00a0\u00bb, <strong>incapable de s&rsquo;ancrer dans les frustrations sociales<\/strong>. Les Gilets Jaunes en 2018 serait une hyst\u00e9rie populaire n\u00e9e d&rsquo;une taxe carburant per\u00e7ue comme un m\u00e9pris \u00e9litiste, que Macron a aliment\u00e9e par son arrogance jupit\u00e9rienne. Ses r\u00e9formes, impos\u00e9es d&rsquo;en haut sans d\u00e9bat, transforment la politique en affaire personnelle, o\u00f9 critiquer En Marche revient \u00e0 attaquer l&rsquo;homme providentiel. En r\u00e9sultent des promesses non tenues, une Europe qui patine, et une soci\u00e9t\u00e9 o\u00f9 <strong>les injonctions paradoxales \u2013 \u00ab\u00a0<\/strong><em><strong>je suis diff\u00e9rent des \u00e9lites<\/strong><\/em><strong>\u00a0\u00bb tout en les incarnant \u2013 s\u00e8ment le chaos mental collectif<\/strong>. Le macronisme n&rsquo;est pas la r\u00e9ponse aux probl\u00e8mes fran\u00e7ais ; il les exacerbe en \u00e9touffant le d\u00e9bat d\u00e9mocratique au profit d&rsquo;une unanimit\u00e9 factice.<\/p>\n<p>Cette d\u00e9rive sectaire, que nous \u00e9voquions d\u00e9j\u00e0, s&rsquo;est cristallis\u00e9e dans une bulle imp\u00e9n\u00e9trable : loyaut\u00e9 aveugle \u00e0 un leader sacralis\u00e9, exclusion des dissidents, et une \u00ab\u00a0<em>hypnose collective<\/em>\u00a0\u00bb o\u00f9 la critique est tax\u00e9e de complotisme. Les plaintes contre La R\u00e9publique en Marche pour \u00ab\u00a0<em>abus frauduleux de l&rsquo;\u00e9tat d&rsquo;ignorance<\/em>\u00a0\u00bb et \u00ab\u00a0<em>complicit\u00e9 d&#8217;empoisonnement<\/em>\u00a0\u00bb via la gestion Covid en sont les stigmates \u2013 un \u00ab\u00a0<em>covidisme<\/em>\u00a0\u00bb \u00e9rig\u00e9 en religion avec rituels exclusifs et ch\u00e2timents pour les h\u00e9r\u00e9tiques. Le Pr Perronne y voit m\u00eame un outil pour <a target=\"_blank\" href=\"https:\/\/www.francesoir.fr\/sante\/loi-sur-les-derives-sectaires-le-professeur-perronne-analyse-que-cela-revient-depolitiser-la\">\u00ab\u00a0<em>d\u00e9politiser<\/em>\u00a0\u00bb la m\u00e9decine<\/a>, imposant une pseudo-science partisane qui a co\u00fbt\u00e9 emplois, suicides et divisions.\u00a0<\/p>\n<blockquote>\n<p>En outre, les \u00ab\u00a0<em>assises des d\u00e9rives sectaires<\/em>\u00a0\u00bb lanc\u00e9es sous Macron seraient un leurre pour censurer les voix alternatives, <strong>contournant la libert\u00e9 d&rsquo;expression au nom du \u00ab\u00a0<\/strong><em><strong>bien commun<\/strong><\/em><strong>\u00a0\u00bb<\/strong> \u2013 un totalitarisme soft \u00e0 la Hannah Arendt.<\/p>\n<\/blockquote>\n<p>\u00a0<\/p>\n<p><img decoding=\"async\" data-entity-uuid=\"8e2a1b7c-de7a-4e47-a87e-99016bb2520d\" data-entity-type=\"file\" alt=\"rtl\" width=\"691\" height=\"513\" class=\"align-center lazyload\" loading=\"lazy\" src=\"https:\/\/www.francesoir.fr\/sites\/default\/files\/inline-images\/image_717.png\"\/><\/p>\n<p>Le climax de cette spirale ? La <a target=\"_blank\" href=\"https:\/\/www.rtl.fr\/actu\/politique\/emmanuel-macron-veut-lacher-le-manche-et-ne-plus-se-meler-de-politique-nationale-7900562059\">d\u00e9claration de Macron rapport\u00e9e<\/a> par RTL le 4 novembre 2025 : \u00ab\u00a0<em>Sur la politique nationale, je l\u00e2che le manche<\/em>\u00a0\u00bb, confie-t-il \u00e0 des proches lors d&rsquo;un d\u00e9placement \u00e0 La Rochelle, au milieu des d\u00e9bats budg\u00e9taires houleux. Ce retrait annonc\u00e9 \u2013 un pas de c\u00f4t\u00e9 pour se recentrer sur l&rsquo;international, \u00e9vitant les \u00ab\u00a0<em>erreurs<\/em>\u00a0\u00bb comme ses allusions \u00e0 un r\u00e9f\u00e9rendum sur les retraites \u2013 n&rsquo;est pas sagesse, mais aveu d&rsquo;\u00e9puisement. Avec une cote de confiance \u00e0 11 % et des alli\u00e9s comme Gabriel Attal ou \u00c9douard Philippe qui l&rsquo;abandonnent, c&rsquo;est l&rsquo;image d&rsquo;un \u00ab\u00a0<em>Jupiter<\/em>\u00a0\u00bb isol\u00e9, \u00ab\u00a0<em>plus seul que jamais<\/em>\u00a0\u00bb. Dans un tweet incendiaire, le pr\u00e9sident de l\u2019UPR, y voit <a target=\"_blank\" href=\"https:\/\/x.com\/f_asselineau\/status\/1985804440272568460\">un \u00ab\u00a0<em>abandon de poste<\/em>\u00a0\u00bb inconstitutionnel : \u00ab\u00a0<em>Abandon de poste = d\u00e9mission ou destitution<\/em>\u00a0\u00bb<\/a>, invoque-t-il l&rsquo;article 5, fustigeant ce \u00ab\u00a0<em>sinistre individu<\/em>\u00a0\u00bb et \u00ab\u00a0<em>psychopathe en souffrance<\/em>\u00a0\u00bb qui viole son serment\u00a0?\u00a0<\/p>\n<blockquote>\n<p>Ce cri r\u00e9sonne : <strong>la loyaut\u00e9 au groupe ne saurait excuser l&rsquo;ill\u00e9galit\u00e9<\/strong>.<\/p>\n<\/blockquote>\n<p>Mais, la pression \u2013 sondages catastrophiques, fractures internes, \u00e9checs cumul\u00e9s \u2013 a <strong>verrouill\u00e9 l&rsquo;entourage dans une pseudo-d\u00e9rive sectaire<\/strong>, o\u00f9 <strong>l&rsquo;aveuglement volontaire prot\u00e8ge celui que certains pr\u00e9sentent comme un \u00ab\u00a0<\/strong><em><strong>gourou<\/strong><\/em><strong>\u00a0\u00bb au prix de la R\u00e9publique<\/strong>. Preuve en est <a target=\"_blank\" href=\"https:\/\/www.francesoir.fr\/politique-france\/le-conseil-constitutionnel-saisi-d-une-requete-en-empechement-du-president\">cette saisine du Conseil constitutionnel<\/a>, d\u00e9pos\u00e9e le 1er juillet 2024 par <em>France-Soir<\/em>, en tant que citoyens et contribuables exer\u00e7ant une \u00ab\u00a0<em>actio popularis<\/em>\u00a0\u00bb. Bas\u00e9e sur l&rsquo;article 7 de la Constitution, la requ\u00eate vise \u00e0 constater l&rsquo;\u00ab\u00a0emp\u00eachement\u00a0\u00bb d\u2019Emmanuel Macron pour abandon de fonctions, actes inconsid\u00e9r\u00e9s (dissolution surprise de l&rsquo;Assembl\u00e9e, d\u00e9clarations belliqueuses sur l&rsquo;Ukraine sans aval parlementaire, violant les articles 35 et 53) et, surtout, opacit\u00e9 sur sa sant\u00e9 physique et mentale. Aucun bulletin m\u00e9dical depuis d\u00e9cembre 2020, malgr\u00e9 ses promesses de transparence en 2017 et 2022 ; des soup\u00e7ons de \u00ab\u00a0<em>d\u00e9pression tr\u00e8s grave<\/em>\u00a0\u00bb (<a target=\"_blank\" href=\"https:\/\/www.francesoir.fr\/opinions-editos\/je-suis-malade-completement-malade-premiere-partie\">d\u00e9clar\u00e9 par Emmanuel Macron lui-m\u00eame lors d\u2019une interview<\/a>), d\u2019addictions \u00e0 des psychotropes ou des traits narcissiques \u00ab\u00a0<em>pathologiques<\/em>\u00a0\u00bb, <a target=\"_blank\" href=\"https:\/\/www.francesoir.fr\/opinions-editos\/je-suis-malade-completement-malade-premiere-partie\">corrobor\u00e9s par des psychanalystes<\/a> et <a target=\"_blank\" href=\"https:\/\/edition.francesoir.fr\/opinions-editos\/macron-t-il-aussi-rendu-malade-ses-concitoyens-en-mettant-en-place-une-maltraitance\">des proches comme Alain Minc<\/a> (\u00ab\u00a0<em>narcissisme pouss\u00e9 \u00e0 un \u00e9tat presque pathologique\u00a0?<\/em>\u00a0\u00bb). Dans un contexte de paralysie gouvernementale post-dissolution \u2013 pouvoir r\u00e9glementaire seulement, pas de saisine possible par un ex\u00e9cutif d\u00e9missionnaire \u2013, ces citoyens se substituent pour restaurer la continuit\u00e9 de l&rsquo;\u00c9tat, invoquant l&rsquo;article 15 de la DDHC : \u00ab\u00a0<em>La soci\u00e9t\u00e9 a le droit de demander compte \u00e0 tout agent public de son administration<\/em>.\u00a0\u00bb Si constat\u00e9, cet emp\u00eachement temporaire confierait les fonctions au pr\u00e9sident du S\u00e9nat ; d\u00e9finitif, il d\u00e9clencherait une \u00e9lection dans 20 \u00e0 35 jours.\u00a0<\/p>\n<blockquote>\n<p>Un pr\u00e9c\u00e9dent \u00e0 la CEDH en 2004, <a target=\"_blank\" href=\"https:\/\/www.francesoir.fr\/societe-sante-culture-celebrites\/les-docteurs-des-puissants-le-dr-claude-gubler-et-les-secrets-de\">qui a condamn\u00e9 la France pour avoir censur\u00e9 un livre sur le cancer cach\u00e9 de Mitterrand<\/a>, <strong>appuie cette exigence d&rsquo;int\u00e9r\u00eat public<\/strong> : <strong>la <\/strong><a target=\"_blank\" href=\"https:\/\/www.francesoir.fr\/politique-france-societe-science-tech\/la-sante-des-dirigeants-des-etats-nucleaires-et-les\"><strong>sant\u00e9 d&rsquo;un chef nucl\u00e9aire n&rsquo;est pas priv\u00e9e<\/strong><\/a><strong>, mais vitale pour la souverainet\u00e9<\/strong>.<\/p>\n<\/blockquote>\n<p><em>France-Soir<\/em>, farouchement, <a target=\"_blank\" href=\"https:\/\/www.francesoir.fr\/politique-france-societe-justice-sante\/macron-sous-le-scalpel-l-elysee-menace-france-soir-pour\">pers\u00e9v\u00e8re malgr\u00e9 les menaces<\/a>. Le 12 juin 2025, le secr\u00e9taire g\u00e9n\u00e9ral de l&rsquo;\u00c9lys\u00e9e, Patrice Faure, intime par lettre recommand\u00e9e \u00e0 l&rsquo;avocat Diane Protat de <strong>cesser tout contact<\/strong> avec le Dr Jean-Christophe Perrochon, m\u00e9decin-chef, sous peine de poursuites pour violation du secret m\u00e9dical \u2013 <strong>une<\/strong> <strong>intimidation qualifi\u00e9e d&rsquo;atteinte \u00e0 la libert\u00e9 de la presse<\/strong> (articles 10 CEDH et 11 DDHC). Le 8 ao\u00fbt 2025, <em>France-Soir<\/em> saisit le Tribunal administratif de Paris d&rsquo;un recours pour exc\u00e8s de pouvoir, contestant cette opacit\u00e9 comme un pr\u00e9judice citoyen. Et cerise sur le g\u00e2teau : une question prioritaire de constitutionnalit\u00e9 (QPC) d\u00e9pos\u00e9e sur l&rsquo;article L. 1110-4 du Code de la sant\u00e9 publique, qui consacre le secret m\u00e9dical sans exception pour le pr\u00e9sident. Le texte est limpide : \u00ab <em>L\u2019article L. 1110-4 du Code de la sant\u00e9 publique, en ce qu\u2019il consacre le secret m\u00e9dical sans pr\u00e9voir d\u2019exception pour la communication des informations relatives \u00e0 l\u2019\u00e9tat de sant\u00e9 du Pr\u00e9sident de la R\u00e9publique n\u00e9cessaires \u00e0 l\u2019exercice du droit de la soci\u00e9t\u00e9 \u00e0 demander des comptes \u00e0 tout agent public de son administration, garanti par l\u2019article 15 de la D\u00e9claration des droits de l\u2019homme et du citoyen de 1789, et \u00e0 l\u2019application de la proc\u00e9dure d\u2019emp\u00eachement pr\u00e9vue par l\u2019article 7 de la Constitution, m\u00e9conna\u00eet-il les droits et libert\u00e9s garantis par la Constitution, notamment le principe de transparence et l\u2019exigence de continuit\u00e9 de l\u2019\u00c9tat ?<\/em> \u00bb Le TA doit trancher sans d\u00e9lai : cette lacune paralyse l&#8217;emp\u00eachement constitutionnel et prive les Fran\u00e7ais d&rsquo;informations cruciales, surtout en crise \u2013 quatre Premiers ministres en deux ans, scandales en cascade, envois d&rsquo;armes en Ukraine malgr\u00e9 l&rsquo;opposition populaire (<a target=\"_blank\" href=\"https:\/\/www.francesoir.fr\/politique-france\/sondage-exclusif-les-francais-expriment-leur-totale-defiance-envers-macron-et\">58 % contre la mutualisation nucl\u00e9aire<\/a>), et <a target=\"_blank\" href=\"https:\/\/www.francesoir.fr\/videos-les-debriefings\/realisme-contre-storytelling-le-requisitoire-d-olivier-frot-saint-cyrien-et\">un \u00ab\u00a0<em>plan d&rsquo;armement europ\u00e9en<\/em>\u00a0\u00bb illusoire, comme l&rsquo;alerte le Dr Olivier Frot<\/a>. Un leader affaibli, mentalement ou physiquement, peut-il d\u00e9cider rationnellement d\u2019un risque d&rsquo;escalade russe sans amener de preuves ? Des anciens militaires de Place d&rsquo;Armes <a target=\"_blank\" href=\"https:\/\/www.francesoir.fr\/politique-france\/une-lettre-ouverte-explosive-des-anciens-militaires-somment-le-president-de\">adjurent d\u00e9j\u00e0 Macron de quitter ses fonctions<\/a>.\u00a0<\/p>\n<blockquote>\n<p><em>France-Soir<\/em> pose la question fondamentale : <strong>faut-il amender la loi pour une exception claire sur la sant\u00e9 des chefs d&rsquo;\u00c9tat ?<\/strong> Pas pour cibler Macron seul, mais pour tous les futurs pr\u00e9sidents \u2013 <strong>car la sant\u00e9 des puissants n&rsquo;est pas un privil\u00e8ge : c&rsquo;est une responsabilit\u00e9 collective<\/strong>. La v\u00e9rit\u00e9 doit l&#8217;emporter sur le silence, pour que la presse libre ne soit pas musel\u00e9e.<\/p>\n<\/blockquote>\n<p>Face \u00e0 ces tourbillons, que faire ? Heffernan nous exhorte \u00e0 <strong>cultiver le courage de voir<\/strong> : <strong>questionner les v\u00e9rit\u00e9s impos\u00e9es, favoriser les voix dissidentes, et restaurer la souverainet\u00e9 individuelle<\/strong>. En France, il est temps de briser le sortil\u00e8ge macronien \u2013 non par une nouvelle foule enrag\u00e9e, mais par une lucidit\u00e9 collective, arm\u00e9e de transparence judiciaire. La saisine du Conseil et la QPC de <em>France-Soir<\/em> sont des br\u00e8ches :\u00a0<\/p>\n<blockquote>\n<p>Exploitons-les pour que l&rsquo;hyst\u00e9rie c\u00e8de \u00e0 la raison. Sinon, nous continuerons \u00e0 nous aveugler mutuellement, au prix de notre sant\u00e9, de notre d\u00e9mocratie et de notre \u00e2me.<\/p>\n<\/blockquote>\n<p>\u00a0<\/p>\n<\/div>\n<p><script>(function(d, s, id) {  var js, fjs = d.getElementsByTagName(s)[0];  if (d.getElementById(id)) return;  js = d.createElement(s); js.id = id;  js.src = \"\/\/connect.facebook.net\/fr_FR\/sdk.js#xfbml=1&version=v2.3\";  fjs.parentNode.insertBefore(js, fjs);}(document, \"script\", \"facebook-jssdk\"));<\/script><br \/>\n<br \/><br \/>\n<br \/><a href=\"https:\/\/www.francesoir.fr\/opinions-editos\/l-hysterie-collective-et-les-verites-de-groupe-quand-la-foule-nous-rend-aveugles-et\" target=\"_blank\"\">Source link <\/a><\/p>\n","protected":false},"excerpt":{"rendered":"<p>R\u00e9sum\u00e9 pour les press\u00e9s\u00a0: si l&rsquo;histoire des foules est un cirque tragique, Macron en est-il le conducteur en chef \u2013 un illusionniste qui a transform\u00e9 la France en ar\u00e8ne d&rsquo;hyst\u00e9rie&hellip; <\/p>\n","protected":false},"author":1,"featured_media":18925,"comment_status":"open","ping_status":"open","sticky":false,"template":"","format":"standard","meta":{"footnotes":""},"categories":[1],"tags":[],"class_list":["post-18924","post","type-post","status-publish","format-standard","has-post-thumbnail","hentry","category-non-classe"],"_links":{"self":[{"href":"https:\/\/monde25.info\/index.php\/wp-json\/wp\/v2\/posts\/18924","targetHints":{"allow":["GET"]}}],"collection":[{"href":"https:\/\/monde25.info\/index.php\/wp-json\/wp\/v2\/posts"}],"about":[{"href":"https:\/\/monde25.info\/index.php\/wp-json\/wp\/v2\/types\/post"}],"author":[{"embeddable":true,"href":"https:\/\/monde25.info\/index.php\/wp-json\/wp\/v2\/users\/1"}],"replies":[{"embeddable":true,"href":"https:\/\/monde25.info\/index.php\/wp-json\/wp\/v2\/comments?post=18924"}],"version-history":[{"count":0,"href":"https:\/\/monde25.info\/index.php\/wp-json\/wp\/v2\/posts\/18924\/revisions"}],"wp:featuredmedia":[{"embeddable":true,"href":"https:\/\/monde25.info\/index.php\/wp-json\/wp\/v2\/media\/18925"}],"wp:attachment":[{"href":"https:\/\/monde25.info\/index.php\/wp-json\/wp\/v2\/media?parent=18924"}],"wp:term":[{"taxonomy":"category","embeddable":true,"href":"https:\/\/monde25.info\/index.php\/wp-json\/wp\/v2\/categories?post=18924"},{"taxonomy":"post_tag","embeddable":true,"href":"https:\/\/monde25.info\/index.php\/wp-json\/wp\/v2\/tags?post=18924"}],"curies":[{"name":"wp","href":"https:\/\/api.w.org\/{rel}","templated":true}]}}