{"id":18930,"date":"2025-11-05T23:31:39","date_gmt":"2025-11-05T22:31:39","guid":{"rendered":"https:\/\/monde25.info\/index.php\/2025\/11\/05\/faut-quon-les-tue-les-videos-des-gendarmes-a-sainte-soline-revelees-par-mediapart-et-liberation\/"},"modified":"2025-11-05T23:31:39","modified_gmt":"2025-11-05T22:31:39","slug":"faut-quon-les-tue-les-videos-des-gendarmes-a-sainte-soline-revelees-par-mediapart-et-liberation","status":"publish","type":"post","link":"https:\/\/monde25.info\/index.php\/2025\/11\/05\/faut-quon-les-tue-les-videos-des-gendarmes-a-sainte-soline-revelees-par-mediapart-et-liberation\/","title":{"rendered":"\u00ab\u00a0Faut qu&#039;on les tue\u00a0\u00bb\u00a0: les vid\u00e9os des gendarmes \u00e0 Sainte-Soline r\u00e9v\u00e9l\u00e9es par Mediapart et Lib\u00e9ration"},"content":{"rendered":"<p> <br \/>\n<br \/><img loading=\"lazy\" decoding=\"async\" src=\"https:\/\/reporterre.net\/local\/cache-vignettes\/L700xH467\/capture_d_ecran_du_2025-11-05_15-36-17-2d0f2.png?1762355695\" class=\"spip_logo\" width=\"700\" height=\"467\" alt=\"\" \/><\/p>\n<p>Les vid\u00e9os sont accablantes et donnent la mesure de la violence de l&rsquo;institution polici\u00e8re \u00e0 l&rsquo;encontre des militants \u00e9cologistes. Dans une tr\u00e8s forte enqu\u00eate, Mediapart et Lib\u00e9ration r\u00e9v\u00e8lent les m\u00e9thodes ill\u00e9gales des gendarmes mobiles pour r\u00e9primer la manifestation de Sainte-Soline de mars 2023 qui avait occasionn\u00e9 dans les rangs des manifestants plus de 200\u00a0bless\u00e9s. <br class=\"autobr\" \/><br \/>\nLes deux m\u00e9dias ont pu avoir acc\u00e8s aux cam\u00e9ras pi\u00e9tons que les gendarmes portaient sur la poitrine lors de l&rsquo;op\u00e9ration de\u00a0(\u2026)<\/p>\n<p>                    <a target=\"_blank\" href=\"https:\/\/reporterre.net\/Faut-qu-on-les-tue-les-videos-des-gendarmes-a-Sainte-Soline-revelees-par-Mediapart-et-Liberation?utm_source=RSS&amp;utm_medium=RSS\">Lire la suite<\/a><\/p>\n<p>                    &#8211;<br \/>\n                        <a target=\"_blank\" href=\"https:\/\/reporterre.net\/Breves-20\" rel=\"directory\">En bref<\/a><\/p>\n<p>                    \/<br \/>\n                        <a target=\"_blank\" href=\"https:\/\/reporterre.net\/Libertes-46\" rel=\"tag\">Libert\u00e9s<\/a><br \/>\n                    ,<br \/>\n                        <a target=\"_blank\" href=\"https:\/\/reporterre.net\/Luttes\" rel=\"tag\">Luttes<\/a><br \/>\n<br \/><br \/>\n<br \/><a href=\"https:\/\/reporterre.net\/Faut-qu-on-les-tue-les-videos-des-gendarmes-a-Sainte-Soline-revelees-par-Mediapart-et-Liberation\" target=\"_blank\"\">Source link <\/a><\/p>\n","protected":false},"excerpt":{"rendered":"<p>Les vid\u00e9os sont accablantes et donnent la mesure de la violence de l&rsquo;institution polici\u00e8re \u00e0 l&rsquo;encontre des militants \u00e9cologistes. Dans une tr\u00e8s forte enqu\u00eate, Mediapart et Lib\u00e9ration r\u00e9v\u00e8lent les m\u00e9thodes&hellip; <\/p>\n","protected":false},"author":1,"featured_media":0,"comment_status":"open","ping_status":"open","sticky":false,"template":"","format":"standard","meta":{"footnotes":""},"categories":[1],"tags":[],"class_list":["post-18930","post","type-post","status-publish","format-standard","hentry","category-non-classe"],"_links":{"self":[{"href":"https:\/\/monde25.info\/index.php\/wp-json\/wp\/v2\/posts\/18930","targetHints":{"allow":["GET"]}}],"collection":[{"href":"https:\/\/monde25.info\/index.php\/wp-json\/wp\/v2\/posts"}],"about":[{"href":"https:\/\/monde25.info\/index.php\/wp-json\/wp\/v2\/types\/post"}],"author":[{"embeddable":true,"href":"https:\/\/monde25.info\/index.php\/wp-json\/wp\/v2\/users\/1"}],"replies":[{"embeddable":true,"href":"https:\/\/monde25.info\/index.php\/wp-json\/wp\/v2\/comments?post=18930"}],"version-history":[{"count":0,"href":"https:\/\/monde25.info\/index.php\/wp-json\/wp\/v2\/posts\/18930\/revisions"}],"wp:attachment":[{"href":"https:\/\/monde25.info\/index.php\/wp-json\/wp\/v2\/media?parent=18930"}],"wp:term":[{"taxonomy":"category","embeddable":true,"href":"https:\/\/monde25.info\/index.php\/wp-json\/wp\/v2\/categories?post=18930"},{"taxonomy":"post_tag","embeddable":true,"href":"https:\/\/monde25.info\/index.php\/wp-json\/wp\/v2\/tags?post=18930"}],"curies":[{"name":"wp","href":"https:\/\/api.w.org\/{rel}","templated":true}]}}