{"id":18933,"date":"2025-11-06T00:37:51","date_gmt":"2025-11-05T23:37:51","guid":{"rendered":"https:\/\/monde25.info\/index.php\/2025\/11\/06\/contre-la-desertification-commerciale-un-rapport-cible-la-concurrence-deloyale-du-e-commerce\/"},"modified":"2025-11-06T00:37:51","modified_gmt":"2025-11-05T23:37:51","slug":"contre-la-desertification-commerciale-un-rapport-cible-la-concurrence-deloyale-du-e-commerce","status":"publish","type":"post","link":"https:\/\/monde25.info\/index.php\/2025\/11\/06\/contre-la-desertification-commerciale-un-rapport-cible-la-concurrence-deloyale-du-e-commerce\/","title":{"rendered":"Contre la d\u00e9sertification commerciale, un rapport cible la concurrence d\u00e9loyale du e-commerce"},"content":{"rendered":"<p> <br \/>\n<\/p>\n<div>\n<p>Face au d\u00e9clin du commerce en centre-ville et dans les quartiers populaires, un rapport pr\u00e9conise mercredi de s&rsquo;attaquer aux distorsions de concurrence qui profitent aux g\u00e9ants du commerce en ligne, alors que Shein ouvre son premier magasin physique en France.<\/p>\n<p>Command\u00e9 en mai par l&rsquo;ex-gouvernement, le rapport d&rsquo;une centaine de pages sera remis au ministre de la Ville Vincent Jeanbrun et \u00e0 son homologue du Commerce Serge Papin.<\/p>\n<p>Les auteurs, la maire LR de Saint-Quentin Fr\u00e9d\u00e9rique Macarez, le directeur de la Banque des territoires Antoine Saintoyant et le PDG de Coop\u00e9rative U Dominique Schelcher, dressent un \u00e9tat des lieux du commerce de proximit\u00e9 et formulent trente recommandations pour r\u00e9implanter en zone urbaine des commerces essentiels \u00e0 la vie des habitants.<\/p>\n<p>Depuis quelques ann\u00e9es, le secteur conna\u00eet une mutation profonde\u00a0: les Fran\u00e7ais ach\u00e8tent moins de biens, privil\u00e9gient les prix bas et \u00e9pargnent davantage, mais ils se rattrapent sur les services, le bien-\u00eatre, les loisirs, et les restaurants.<\/p>\n<p>Si le commerce de proximit\u00e9 semble paradoxalement en forme avec 25\u00a0% d&#8217;emplois suppl\u00e9mentaires en vingt ans, c&rsquo;est gr\u00e2ce \u00e0 la restauration et l&rsquo;alimentaire. \u00c0 l&rsquo;inverse, le pr\u00eat-\u00e0-porter traverse une crise profonde, concurrenc\u00e9 par la \u00ab\u00a0fast-fashion\u00a0\u00bb.<\/p>\n<p>Le commerce en ligne, dont les ventes sont pass\u00e9es de 65 \u00e0 175 milliards en dix ans, s&rsquo;est lui g\u00e9n\u00e9ralis\u00e9.<\/p>\n<p>Depuis 2022, la vacance commerciale remonte, signe d&rsquo;importantes surcapacit\u00e9s immobili\u00e8res, de m\u00eame que les d\u00e9faillances d&rsquo;entreprises, en particulier d&rsquo;enseignes de centre-ville consid\u00e9r\u00e9es comme des \u00ab\u00a0locomotives\u00a0\u00bb.<\/p>\n<p>\u00ab\u00a0Les Fran\u00e7ais partagent largement le constat d&rsquo;une d\u00e9vitalisation de leur centre-ville\u00a0\u00bb, notent les auteurs, chaque fermeture \u00e9tant v\u00e9cue comme \u00ab\u00a0une perte\u00a0\u00bb, voire \u00ab\u00a0une d\u00e9stabilisation\u00a0\u00bb affectant \u00ab\u00a0directement le quotidien\u00a0\u00bb.<\/p>\n<p>Ce d\u00e9clin est partag\u00e9 par \u00ab\u00a0l&rsquo;ensemble des territoires\u00a0\u00bb, m\u00eame s&rsquo;il touche particuli\u00e8rement la ruralit\u00e9.<\/p>\n<p>La succession de crises &#8211; sanitaire, \u00e9nerg\u00e9tique, politique &#8211; p\u00e8se aussi lourdement, entra\u00eenant une standardisation des enseignes, alors que les effets du ralentissement d\u00e9mographique se font sentir, de m\u00eame que la concurrence des zones commerciales p\u00e9riph\u00e9riques, jug\u00e9es plus faciles d&rsquo;acc\u00e8s, moins ch\u00e8res et mieux achaland\u00e9es.<\/p>\n<p>La situation des quartiers prioritaires est \u00e9galement critique, entre manque de commerces de premi\u00e8re n\u00e9cessit\u00e9 faisant peser un risque de \u00ab\u00a0d\u00e9sertification alimentaire\u00a0\u00bb, faible diversit\u00e9 de l&rsquo;offre et insuffisance de lieux de convivialit\u00e9.<\/p>\n<p>Les auteurs pr\u00e9conisent une strat\u00e9gie de \u00ab\u00a0reconqu\u00eate commerciale\u00a0\u00bb en luttant contre la \u00ab\u00a0concurrence d\u00e9loyale\u00a0\u00bb des plateformes en ligne. Cela passe notamment par une taxe sur les achats en ligne de biens import\u00e9s de \u00ab\u00a0deux euros minimum\u00a0\u00bb et la taxation des entrep\u00f4ts logistiques comme des surfaces commerciales.<\/p>\n<p>Ils proposent aussi de d\u00e9r\u00e9f\u00e9rencer les plateformes extra-europ\u00e9ennes contrevenant aux r\u00e8gles sanitaires, environnementales et sociales europ\u00e9ennes.<\/p>\n<p>Le rapport sugg\u00e8re enfin d&rsquo;\u00e9largir les pr\u00e9rogatives des maires en mati\u00e8re d&rsquo;installation commerciale, de plafonner certains loyers et d&rsquo;alourdir la fiscalit\u00e9 sur les locaux commerciaux vacants.<\/p>\n<\/div>\n<p><script>(function(d, s, id) {  var js, fjs = d.getElementsByTagName(s)[0];  if (d.getElementById(id)) return;  js = d.createElement(s); js.id = id;  js.src = \"\/\/connect.facebook.net\/fr_FR\/sdk.js#xfbml=1&version=v2.3\";  fjs.parentNode.insertBefore(js, fjs);}(document, \"script\", \"facebook-jssdk\"));<\/script><br \/>\n<br \/><br \/>\n<br \/><a href=\"https:\/\/www.francesoir.fr\/societe-economie\/contre-la-desertification-commerciale-un-rapport-cible-la-concurrence-deloyale-du\" target=\"_blank\"\">Source link <\/a><\/p>\n","protected":false},"excerpt":{"rendered":"<p>Face au d\u00e9clin du commerce en centre-ville et dans les quartiers populaires, un rapport pr\u00e9conise mercredi de s&rsquo;attaquer aux distorsions de concurrence qui profitent aux g\u00e9ants du commerce en ligne,&hellip; <\/p>\n","protected":false},"author":1,"featured_media":18934,"comment_status":"open","ping_status":"open","sticky":false,"template":"","format":"standard","meta":{"footnotes":""},"categories":[1],"tags":[],"class_list":["post-18933","post","type-post","status-publish","format-standard","has-post-thumbnail","hentry","category-non-classe"],"_links":{"self":[{"href":"https:\/\/monde25.info\/index.php\/wp-json\/wp\/v2\/posts\/18933","targetHints":{"allow":["GET"]}}],"collection":[{"href":"https:\/\/monde25.info\/index.php\/wp-json\/wp\/v2\/posts"}],"about":[{"href":"https:\/\/monde25.info\/index.php\/wp-json\/wp\/v2\/types\/post"}],"author":[{"embeddable":true,"href":"https:\/\/monde25.info\/index.php\/wp-json\/wp\/v2\/users\/1"}],"replies":[{"embeddable":true,"href":"https:\/\/monde25.info\/index.php\/wp-json\/wp\/v2\/comments?post=18933"}],"version-history":[{"count":0,"href":"https:\/\/monde25.info\/index.php\/wp-json\/wp\/v2\/posts\/18933\/revisions"}],"wp:featuredmedia":[{"embeddable":true,"href":"https:\/\/monde25.info\/index.php\/wp-json\/wp\/v2\/media\/18934"}],"wp:attachment":[{"href":"https:\/\/monde25.info\/index.php\/wp-json\/wp\/v2\/media?parent=18933"}],"wp:term":[{"taxonomy":"category","embeddable":true,"href":"https:\/\/monde25.info\/index.php\/wp-json\/wp\/v2\/categories?post=18933"},{"taxonomy":"post_tag","embeddable":true,"href":"https:\/\/monde25.info\/index.php\/wp-json\/wp\/v2\/tags?post=18933"}],"curies":[{"name":"wp","href":"https:\/\/api.w.org\/{rel}","templated":true}]}}