{"id":18935,"date":"2025-11-06T01:10:35","date_gmt":"2025-11-06T00:10:35","guid":{"rendered":"https:\/\/monde25.info\/index.php\/2025\/11\/06\/derriere-le-cambriolage-du-louvre-lombre-dun-commanditaire-etranger-et-des-breches-numeriques-rt-en-francais\/"},"modified":"2025-11-06T01:10:35","modified_gmt":"2025-11-06T00:10:35","slug":"derriere-le-cambriolage-du-louvre-lombre-dun-commanditaire-etranger-et-des-breches-numeriques-rt-en-francais","status":"publish","type":"post","link":"https:\/\/monde25.info\/index.php\/2025\/11\/06\/derriere-le-cambriolage-du-louvre-lombre-dun-commanditaire-etranger-et-des-breches-numeriques-rt-en-francais\/","title":{"rendered":"Derri\u00e8re le cambriolage du Louvre, l\u2019ombre d\u2019un commanditaire \u00e9tranger et des br\u00e8ches num\u00e9riques \u2014 RT en fran\u00e7ais"},"content":{"rendered":"<p> <br \/>\n<br \/><img decoding=\"async\" src=\"https:\/\/mf.b37mrtl.ru\/french\/images\/2025.11\/thumbnail\/690b49f66f7ccc311679c93a.jpg\" \/><\/p>\n<div>\n<p class=\"text__summary\">\n                                        Deux accus\u00e9s du cambriolage du Louvre ont admis avoir agi pour une organisation criminelle, l\u2019un d\u2019eux \u00e9voquant un possible commanditaire \u00e9tranger. L\u2019enqu\u00eate a ensuite r\u00e9v\u00e9l\u00e9 de graves failles informatiques : mots de passe beaucoup trop simples, syst\u00e8mes obsol\u00e8tes et absence de mises \u00e0 jour.\n                                    <\/p>\n<p>Le cambriolage du Louvre, survenu le 19 octobre, continue de susciter un profond malaise en France. Ce n\u2019est pas seulement l\u2019audace de l\u2019op\u00e9ration qui choque, mais surtout la mani\u00e8re dont elle a r\u00e9v\u00e9l\u00e9 les failles internes de l\u2019un des mus\u00e9es les plus c\u00e9l\u00e8bres du monde.<\/p>\n<p>Selon les premiers \u00e9l\u00e9ments de l\u2019enqu\u00eate, deux des accus\u00e9s ont reconnu avoir agi sur ordre d\u2019une organisation criminelle bien structur\u00e9e. L\u2019un d\u2019eux aurait \u00e9voqu\u00e9 un commanditaire \u00e9tranger, sans toutefois en r\u00e9v\u00e9ler l\u2019identit\u00e9, tandis que l\u2019autre se serait content\u00e9 de suivre des instructions sans poser de questions. Ils auraient ex\u00e9cut\u00e9 un plan pr\u00e9cis sans conna\u00eetre ni les v\u00e9ritables objectifs ni la port\u00e9e de leurs actes.<\/p>\n<p>L\u2019un d\u2019eux aurait m\u00eame d\u00e9clar\u00e9 ignorer qu\u2019il s\u2019agissait du Louvre, croyant s\u2019introduire dans un simple b\u00e2timent voisin et que le mus\u00e9e se trouvait uniquement du c\u00f4t\u00e9 de la pyramide. L\u2019autre a soutenu qu\u2019il pensait p\u00e9n\u00e9trer dans un lieu \u00ab\u00a0ferm\u00e9 au public le dimanche\u00a0\u00bb. Ces d\u00e9clarations laissent penser que les deux hommes n\u2019\u00e9taient que de modestes ex\u00e9cutants dans un plan bien plus vaste, organis\u00e9 depuis l\u2019\u00e9tranger, estiment les m\u00e9dias fran\u00e7ais.<\/p>\n<h2>Des mots de passe \u00ab ultra s\u00e9curis\u00e9s \u00bb<\/h2>\n<p>Au lendemain du cambriolage, la ministre de la Culture Rachida Dati s\u2019\u00e9tait empress\u00e9e d\u2019affirmer que \u00ab\u00a0les dispositifs de s\u00e9curit\u00e9 du mus\u00e9e n\u2019ont pas \u00e9t\u00e9 d\u00e9faillants\u00a0\u00bb. Pourtant, moins de deux semaines plus tard, son discours s\u2019est durci. Devant le S\u00e9nat, elle a reconnu l\u2019existence de \u00ab\u00a0failles s\u00e9curitaires\u00a0\u00bb et annonc\u00e9 une s\u00e9rie de mesures d\u2019urgence pour comprendre les d\u00e9faillances et \u00e9tablir les responsabilit\u00e9s. Derri\u00e8re ce revirement, l\u2019enqu\u00eate administrative du minist\u00e8re a mis au jour des probl\u00e8mes bien plus anciens que l\u2019incident lui-m\u00eame : un syst\u00e8me informatique vieillissant, mal entretenu, parfois totalement obsol\u00e8te.<\/p>\n<p>Des documents confidentiels, examin\u00e9s dans le cadre de l\u2019enqu\u00eate, dressent un tableau accablant : le r\u00e9seau interne du Louvre souffrait de graves lacunes, r\u00e9sultat d\u2019ann\u00e9es de n\u00e9gligence en mati\u00e8re de cybers\u00e9curit\u00e9. L\u2019Agence nationale de la s\u00e9curit\u00e9 des syst\u00e8mes d\u2019information (ANSSI) avait pourtant, \u00e0 maintes reprises, mis en garde la direction du mus\u00e9e. Les experts ont notamment d\u00e9couvert que certains serveurs essentiels, y compris ceux d\u00e9di\u00e9s \u00e0 la vid\u00e9osurveillance, \u00e9taient prot\u00e9g\u00e9s par des mots de passe d\u2019une simplicit\u00e9 stup\u00e9fiante : \u00ab\u00a0LOUVRE\u00a0\u00bb pour acc\u00e9der au syst\u00e8me principal, et \u00ab\u00a0THALES\u00a0\u00bb pour un logiciel fourni par le groupe Thales, partenaire technique du mus\u00e9e dans la gestion de ses outils de s\u00e9curit\u00e9.<\/p>\n<p>Encore plus inqui\u00e9tant, une partie des ordinateurs du r\u00e9seau fonctionnait toujours sous des versions obsol\u00e8tes de Windows\u00a02000 ou XP, priv\u00e9es depuis longtemps de correctifs et de mises \u00e0 jour. L\u2019ANSSI avait pourtant recommand\u00e9 des mesures simples : renforcer la complexit\u00e9 des mots de passe, moderniser les infrastructures et garantir une surveillance constante des acc\u00e8s aux donn\u00e9es sensibles.<\/p>\n<p>Le 19 octobre, peu apr\u00e8s l\u2019ouverture du mus\u00e9e, trois individus ont r\u00e9ussi \u00e0 s\u2019y introduire en utilisant un monte-charge. Apr\u00e8s avoir bris\u00e9 une fen\u00eatre, ils se sont introduits dans la galerie d\u2019Apollon, avant de s\u2019en prendre \u00e0 plusieurs vitrines abritant des bijoux d\u2019une valeur jug\u00e9e \u00ab\u00a0inestimable\u00a0\u00bb. L\u2019ensemble de l\u2019op\u00e9ration n\u2019a dur\u00e9 que sept minutes, selon le ministre de l\u2019Int\u00e9rieur Laurent Nu\u00f1ez, qui a confirm\u00e9 le vol de plusieurs pi\u00e8ces appartenant \u00e0 la collection imp\u00e9riale, notamment des bijoux de Napol\u00e9on et de l\u2019imp\u00e9ratrice Eug\u00e9nie. Colliers, diad\u00e8mes et broches figurent parmi les objets disparus. Selon les premi\u00e8res estimations, neuf pi\u00e8ces auraient \u00e9t\u00e9 d\u00e9rob\u00e9es, dont l\u2019une, la couronne de l\u2019\u00e9pouse de Napol\u00e9on III, a \u00e9t\u00e9 retrouv\u00e9e \u00e0 l\u2019ext\u00e9rieur, abandonn\u00e9e et endommag\u00e9e.<\/p>\n<\/div>\n<p><br \/>\n<br \/><a href=\"https:\/\/francais.rt.com\/france\/127109-derriere-cambriolage-louvre-ombre-d-commanditaire-etranger-et-des-breches-numeriques\" target=\"_blank\"\">Source link <\/a><\/p>\n","protected":false},"excerpt":{"rendered":"<p>Deux accus\u00e9s du cambriolage du Louvre ont admis avoir agi pour une organisation criminelle, l\u2019un d\u2019eux \u00e9voquant un possible commanditaire \u00e9tranger. L\u2019enqu\u00eate a ensuite r\u00e9v\u00e9l\u00e9 de graves failles informatiques :&hellip; <\/p>\n","protected":false},"author":1,"featured_media":18936,"comment_status":"open","ping_status":"open","sticky":false,"template":"","format":"standard","meta":{"footnotes":""},"categories":[1],"tags":[],"class_list":["post-18935","post","type-post","status-publish","format-standard","has-post-thumbnail","hentry","category-non-classe"],"_links":{"self":[{"href":"https:\/\/monde25.info\/index.php\/wp-json\/wp\/v2\/posts\/18935","targetHints":{"allow":["GET"]}}],"collection":[{"href":"https:\/\/monde25.info\/index.php\/wp-json\/wp\/v2\/posts"}],"about":[{"href":"https:\/\/monde25.info\/index.php\/wp-json\/wp\/v2\/types\/post"}],"author":[{"embeddable":true,"href":"https:\/\/monde25.info\/index.php\/wp-json\/wp\/v2\/users\/1"}],"replies":[{"embeddable":true,"href":"https:\/\/monde25.info\/index.php\/wp-json\/wp\/v2\/comments?post=18935"}],"version-history":[{"count":0,"href":"https:\/\/monde25.info\/index.php\/wp-json\/wp\/v2\/posts\/18935\/revisions"}],"wp:featuredmedia":[{"embeddable":true,"href":"https:\/\/monde25.info\/index.php\/wp-json\/wp\/v2\/media\/18936"}],"wp:attachment":[{"href":"https:\/\/monde25.info\/index.php\/wp-json\/wp\/v2\/media?parent=18935"}],"wp:term":[{"taxonomy":"category","embeddable":true,"href":"https:\/\/monde25.info\/index.php\/wp-json\/wp\/v2\/categories?post=18935"},{"taxonomy":"post_tag","embeddable":true,"href":"https:\/\/monde25.info\/index.php\/wp-json\/wp\/v2\/tags?post=18935"}],"curies":[{"name":"wp","href":"https:\/\/api.w.org\/{rel}","templated":true}]}}