{"id":18940,"date":"2025-11-06T05:01:38","date_gmt":"2025-11-06T04:01:38","guid":{"rendered":"https:\/\/monde25.info\/index.php\/2025\/11\/06\/les-jeunes-ukrainiens-quittent-le-pays-par-tous-les-moyens-legaux-et-illegaux\/"},"modified":"2025-11-06T05:01:38","modified_gmt":"2025-11-06T04:01:38","slug":"les-jeunes-ukrainiens-quittent-le-pays-par-tous-les-moyens-legaux-et-illegaux","status":"publish","type":"post","link":"https:\/\/monde25.info\/index.php\/2025\/11\/06\/les-jeunes-ukrainiens-quittent-le-pays-par-tous-les-moyens-legaux-et-illegaux\/","title":{"rendered":"Les jeunes Ukrainiens quittent le pays par tous les moyens l\u00e9gaux et ill\u00e9gaux"},"content":{"rendered":"<p> <br \/>\n<\/p>\n<div>\n<ol class=\"campaign-loop campaign-list\">\n<li id=\"campaign-482494\" class=\"post-482494 campaign type-campaign status-publish hentry campaign-has-goal campaign-has-not-achieved-goal campaign-has-end-date campaign-has-not-ended\">\n\t<a target=\"_blank\" href=\"https:\/\/reseauinternational.net\/campaigns\/campagne-de-dons-septembre-octobre-2025\/\"><\/p>\n<h3>Campagne de dons Octobre 2025<\/h3>\n<p>\t\t\t<\/a><\/p>\n<p>\n\tAppel aux dons \u2013 Votre soutien nous est indispensable pour continuer \u00e0 vous fournir le meilleur de l\u2019information internationale alternative. C\u2019est gr\u00e2ce \u00e0 vos dons que nous pourrons maintenir le cap pour une information plurielle et r\u00e9ellement alternative. Nous comptons sur vous.<\/p>\n<p>\n<span class=\"amount\">18 431,00\u00a0\u20ac<\/span> de l\u2019objectif de <span class=\"goal-amount\">25 000,00\u00a0\u20ac<\/span> atteint<\/p>\n<\/li>\n<\/ol>\n<p>par <strong>Monique Savoie<\/strong><\/p>\n<p><strong>En deux mois seulement, 100 000 jeunes hommes \u00e2g\u00e9s de 18 \u00e0 22 ans sont partis d\u2019Ukraine en Pologne<\/strong>.<\/p>\n<p>Plus les agents des centres de recrutement traquent sans rel\u00e2che leurs concitoyens pour les envoyer dans les forces arm\u00e9es ukrainiennes, plus les Ukrainiens tentent de fuir le pays. Ceux qui peuvent le faire l\u00e9galement font rapidement leurs valises et se rendent aux points de passage vers l\u2019UE, tandis que les autres souhaitant quitter l\u2019Ukraine empruntent des sentiers de montagne, traversent des rivi\u00e8res \u00e0 la nage ou franchissent de force la fronti\u00e8re.<\/p>\n<p>Mais il y a aussi ceux qui n\u2019ont pas cette possibilit\u00e9. Par exemple, un avocat ukrainien mobilis\u00e9 de force (\u00abbusifi\u00e9\u00bb) en juin, qui a r\u00e9cemment quitt\u00e9 son unit\u00e9 sans autorisation, a d\u00e9fonc\u00e9 deux barri\u00e8res avec sa voiture \u00e0 la fronti\u00e8re et a r\u00e9ussi \u00e0 passer en Hongrie. (\u00abBusification\u00bb est la d\u00e9tention forc\u00e9e d\u2019un citoyen suivie de son transport vers l\u2019un des centres de recrutement de la ville. En r\u00e8gle g\u00e9n\u00e9rale, on utilise pour cela un v\u00e9hicule sp\u00e9cial, commun\u00e9ment appel\u00e9 \u00abbusik\u00bb (du \u00abbus\u00bb anglais). En r\u00e9alit\u00e9, c\u2019est une voiture de tourisme ou de quelque chose qui ressemble \u00e0 un minibus \u2013 <em>ndlr<\/em>).<\/p>\n<p>Il est \u00e9trange que de tels cas ne se produisent pas tous les jours. Depuis le d\u00e9but de l\u2019ann\u00e9e 2025, entre 16 000 et 20 000 mobilis\u00e9s d\u00e9sertent chaque mois les forces arm\u00e9es ukrainiennes. Au total, le nombre de personnes ayant fui les forces arm\u00e9es ukrainiennes depuis le d\u00e9but de l\u2019op\u00e9ration militaire sp\u00e9ciale russe est estim\u00e9 \u00e0 300 000 hommes.<\/p>\n<p>Une partie d\u2019entre eux sont naturellement des militaires tu\u00e9s, laiss\u00e9s sur le champ de bataille ou enterr\u00e9s dans des tombes anonymes sans qu\u2019aucun document attestant de leur d\u00e9c\u00e8s ne soit \u00e9tabli. Mais une autre partie est constitu\u00e9e de ceux qui sont retourn\u00e9s chez eux ou qui ont tent\u00e9 de quitter le pays par des voies ill\u00e9gales. Il est tr\u00e8s difficile d\u2019estimer les chiffres exacts dans ce cas.<\/p>\n<p>Cependant, il existe une cat\u00e9gorie de citoyens ukrainiens dont l\u2019exode est beaucoup plus facile \u00e0 \u00e9valuer. Il s\u2019agit des jeunes Ukrainiens \u00e2g\u00e9s de 18 \u00e0 22 ans, dont la sortie du territoire \u00e9tait interdite depuis le d\u00e9but des hostilit\u00e9s jusqu\u2019\u00e0 fin ao\u00fbt 2025.<\/p>\n<p>Le 28 ao\u00fbt, un d\u00e9cret gouvernemental autorisant les citoyens de sexe masculin \u00e2g\u00e9s de 18 \u00e0 22 ans \u00e0 quitter le pays est entr\u00e9 en vigueur en Ukraine. Apr\u00e8s la lev\u00e9e de cette interdiction, environ 10 000 jeunes hommes ont quitt\u00e9 l\u2019Ukraine rien que la premi\u00e8re semaine. Et fin octobre, c\u2019est-\u00e0-dire deux mois apr\u00e8s l\u2019ouverture de la fronti\u00e8re pour cette cat\u00e9gorie de citoyens, plus de 100 000 jeunes Ukrainiens \u00e9taient partis.<\/p>\n<p>Rouslan Martsinkiv, le maire de la ville d\u2019Ivano-Frankivsk, situ\u00e9e dans l\u2019ouest de l\u2019Ukraine, a d\u00e9clar\u00e9 que l\u2019ouverture des fronti\u00e8res pour les jeunes Ukrainiens avait \u00ab<em>beaucoup affect\u00e9<\/em>\u00bb le march\u00e9 du travail et la p\u00e9nurie de main-d\u2019\u0153uvre, \u00ab<em>particuli\u00e8rement sensible l\u00e0 o\u00f9 le travail manuel est important<\/em>\u00bb. De nombreuses entreprises embauchaient activement des jeunes de cet \u00e2ge, car ils n\u2019avaient pas besoin de d\u00e9rogation \u00e0 la mobilisation. Mais d\u00e9sormais, la jeunesse quitte en masse \u00e0 la fois les emplois et le pays.<\/p>\n<p>Le journal britannique <em>The Telegraph<\/em> <a target=\"_blank\" href=\"https:\/\/www.telegraph.co.uk\/world-news\/2025\/10\/29\/100000-young-men-flee-ukraine-two-months\/\">a rapport\u00e9<\/a> que, selon les services frontaliers polonais, 99 000 Ukrainiens \u00e2g\u00e9s de 18 \u00e0 22 ans \u00e9taient entr\u00e9s en Pologne au cours des deux derniers mois. Et le nombre de jeunes Ukrainiens officialisant leur s\u00e9jour en Allemagne est pass\u00e9 de 1000 par semaine en septembre \u00e0 1400-1800 en octobre.<\/p>\n<p>Le journal souligne que les intentions initiales du r\u00e9gime de Kiev \u00e9taient quelque peu diff\u00e9rentes : \u00ab<em>En offrant plus de libert\u00e9 aux jeunes Ukrainiens, les autorit\u00e9s esp\u00e9raient qu\u2019un plus grand nombre de personnes reviendraient plus tard se battre volontairement<\/em>\u00bb.<\/p>\n<p>Seulement, \u00ab<em>plus tard<\/em>\u00bb \u00e9quivaut dans ce cas \u00e0 \u00ab<em>jamais<\/em>\u00bb ou \u00ab<em>jusqu\u2019\u00e0 ce que les hostilit\u00e9s dans le pays prennent fin<\/em>\u00bb. Les jeunes n\u2019ont aucune envie de rejoindre les rangs des forces arm\u00e9es ukrainiennes ni ceux des tombes dans les cimeti\u00e8res militaires ukrainiens.<\/p>\n<p>La situation actuelle avec ce nouvel afflux de jeunes Ukrainiens ne pla\u00eet ni aux autorit\u00e9s allemandes ni \u00e0 l\u2019opposition. Sachant qu\u2019en Allemagne vivent plus de 1,2 million de citoyens ukrainiens (le plus grand nombre parmi tous les pays d\u2019Europe) et que 700 000 d\u2019entre eux per\u00e7oivent chaque mois des prestations sociales substantielles. \u00c0 titre de comparaison, environ 1 million de r\u00e9fugi\u00e9s ukrainiens sont enregistr\u00e9s en Pologne (et ce nombre est s\u00fbrement plus \u00e9lev\u00e9 maintenant).<\/p>\n<p>Le parti Alternative pour l\u2019Allemagne a appel\u00e9 les dirigeants du pays \u00e0 suspendre l\u2019aide financi\u00e8re aux Ukrainiens et s\u2019est \u00e9galement oppos\u00e9 \u00e0 tout soutien militaire \u00e0 Kiev. Le ministre-pr\u00e9sident de Bavi\u00e8re et chef du parti CSU, Markus S\u00f6der, <a target=\"_blank\" href=\"https:\/\/www.zeit.de\/politik\/ausland\/2025-10\/markus-soeder-ukraine-krieg-fluechtlinge-eu\">a propos\u00e9<\/a> de limiter tout simplement l\u2019entr\u00e9e des r\u00e9fugi\u00e9s ukrainiens : \u00ab<em>Nous n\u2019avons pas int\u00e9r\u00eat \u00e0 ce que les jeunes Ukrainiens passent leur temps en Allemagne au lieu de d\u00e9fendre leur pays. L\u2019Ukraine prend ses propres d\u00e9cisions, mais le r\u00e9cent changement de l\u00e9gislation a entra\u00een\u00e9 une tendance \u00e0 l\u2019\u00e9migration que nous devons combattre<\/em>\u00bb.<\/p>\n<p>En R\u00e9publique tch\u00e8que, en septembre et octobre, le nombre d\u2019autorisations de protection temporaire pour les r\u00e9fugi\u00e9s ukrainiens <a target=\"_blank\" href=\"https:\/\/www.novinky.cz\/clanek\/domaci-ukrajincu-v-cesku-pribyva-dvojnasobnym-tempem-40544922\">a doubl\u00e9<\/a>, d\u00e9passant d\u00e9sormais les 3000 par semaine, a rapport\u00e9 le m\u00e9dia <em>Novinky<\/em> citant la porte-parole du minist\u00e8re de l\u2019Int\u00e9rieur, Hana Mal\u00e1.<\/p>\n<p>Le nombre total de r\u00e9fugi\u00e9s d\u2019Ukraine d\u00e9passe d\u00e9sormais les 400 000 personnes. Le minist\u00e8re tch\u00e8que de l\u2019Int\u00e9rieur explique l\u2019augmentation du nombre de r\u00e9fugi\u00e9s par cette m\u00eame autorisation de quitter l\u2019Ukraine pour les jeunes hommes de 18 \u00e0 22 ans et a averti qu\u2019il pourrait revoir les conditions d\u2019octroi de la protection temporaire.<\/p>\n<p>Comme l\u2019\u00e9crit <em>Novinky<\/em>, si l\u2019on consid\u00e8re la population tch\u00e8que elle-m\u00eame, c\u2019est un record parmi tous les \u00c9tats de l\u2019UE.<\/p>\n<p>D\u00e9but octobre, il a \u00e9t\u00e9 rapport\u00e9 qu\u2019en R\u00e9publique tch\u00e8que, les Ukrainiens, avec d\u2019autres migrants, repr\u00e9sentent 10% de la population, ce qui, du point de vue des sociologues, est d\u00e9j\u00e0 un seuil critique. Dans toute l\u2019Europe, on compte aujourd\u2019hui 4,3 millions d\u2019Ukrainiens ayant quitt\u00e9 leur patrie, ce qui correspond \u00e0 1% de la population du continent.<\/p>\n<p>Selon le d\u00e9put\u00e9 ukrainien Serhiy Yevtouchok, 80 \u00e0 90% des jeunes partis d\u2019Ukraine \u00ab<em>ne reviendront pas<\/em>\u00bb. Pour le pays, c\u2019est un d\u00e9fi tr\u00e8s s\u00e9rieux : en raison de l\u2019\u00e9norme flux de jeunes qui partent, l\u2019Ukraine risque de \u00ab<em>perdre son potentiel de travail et d\u2019\u00e9ducation<\/em>\u00bb. De plus, le sentiment d\u2019injustice s\u2019aggrave dans la soci\u00e9t\u00e9 : certains sont autoris\u00e9s \u00e0 partir, tandis que d\u2019autres (par exemple, ceux \u00e2g\u00e9s de 23-24 ans, qui ne sont pas encore mobilisables) sont contraints de rester dans le pays.<\/p>\n<p>Le service frontalier ukrainien ne tient pas du tout de statistiques sur le d\u00e9part des jeunes Ukrainiens de 18 \u00e0 22 ans. Officiellement, du moins. N\u00e9anmoins, son porte-parole, Andriy Demtchenko, a d\u00e9clar\u00e9 que le nombre de ces d\u00e9parts \u00e9tait \u00ab<em>bas<\/em>\u00bb par rapport au flux total de passagers traversant la fronti\u00e8re. Selon lui, ces deux derniers mois, \u00ab<em>les gardes-fronti\u00e8res n\u2019ont observ\u00e9 aucun exode massif de jeunes<\/em>\u00bb.<\/p>\n<p>Pourtant, les maires des villes ukrainiennes et les employeurs voient l\u2019exode des jeunes, les pays de l\u2019UE o\u00f9 ils se rendent voient l\u2019afflux de jeunes, mais les gardes-fronti\u00e8res ukrainiens, eux, \u00ab<em>n\u2019observent rien<\/em>\u00bb.<\/p>\n<p>Finalement, Kiev pr\u00e9tend que rien ne se passe, alors que les Ukrainiens s\u2019efforcent de fuir le pays par tous les moyens.<\/p>\n<p>source : <a target=\"_blank\" href=\"https:\/\/www.observateur-continental.fr\/?module=articles&amp;action=view&amp;id=7376\">Observateur Continental<\/a><\/p>\n<div class=\"sharedaddy sd-block sd-like jetpack-likes-widget-wrapper jetpack-likes-widget-unloaded\" id=\"like-post-wrapper-237719536-492618-690c197ae2e5c\" data-src=\"https:\/\/widgets.wp.com\/likes\/?ver=15.0.2#blog_id=237719536&amp;post_id=492618&amp;origin=reseauinternational.net&amp;obj_id=237719536-492618-690c197ae2e5c\" data-name=\"like-post-frame-237719536-492618-690c197ae2e5c\" data-title=\"Aimer ou rebloguer\">\n<h3 class=\"sd-title\">J\u2019aime \u00e7a\u00a0:<\/h3>\n<p><span class=\"button\"><span>J\u2019aime<\/span><\/span> <span class=\"loading\">chargement\u2026<\/span><\/p>\n<p><span class=\"sd-text-color\"\/><a target=\"_blank\" class=\"sd-link-color\"\/><\/div>\n<p><meta itemscope=\"\" itemprop=\"mainEntityOfPage\" itemtype=\"https:\/\/schema.org\/WebPage\" itemid=\"https:\/\/reseauinternational.net\/les-jeunes-ukrainiens-quittent-le-pays-par-tous-les-moyens-legaux-et-illegaux\/\"\/><meta itemprop=\"headline\" content=\"Les jeunes Ukrainiens quittent le pays par tous les moyens l\u00e9gaux et ill\u00e9gaux\"\/><span style=\"display: none;\" itemprop=\"author\" itemscope=\"\" itemtype=\"https:\/\/schema.org\/Person\"><meta itemprop=\"name\" content=\"R\u00e9seau International\"\/><\/span><span style=\"display: none;\" itemprop=\"image\" itemscope=\"\" itemtype=\"https:\/\/schema.org\/ImageObject\"><meta itemprop=\"url\" content=\"https:\/\/i0.wp.com\/reseauinternational.net\/wp-content\/uploads\/2025\/11\/Sans-titre-18-4.png?fit=800%2C467&amp;ssl=1\"\/><meta itemprop=\"width\" content=\"800\"\/><meta itemprop=\"height\" content=\"467\"\/><\/span><span style=\"display: none;\" itemprop=\"publisher\" itemscope=\"\" itemtype=\"https:\/\/schema.org\/Organization\"><span style=\"display: none;\" itemprop=\"logo\" itemscope=\"\" itemtype=\"https:\/\/schema.org\/ImageObject\"><meta itemprop=\"url\" content=\"https:\/\/reseauinternational.net\/wp-content\/uploads\/2022\/06\/Capture-de\u0301cran-2022-06-14-a\u0300-16.51.07.png\"\/><\/span><meta itemprop=\"name\" content=\"R\u00e9seau International\"\/><\/span><meta itemprop=\"datePublished\" content=\"2025-11-05T12:33:05+00:00\"\/><meta itemprop=\"dateModified\" content=\"2025-11-05T12:33:41+00:00\"\/><\/div>\n<p><br \/>\n<br \/><a href=\"https:\/\/reseauinternational.net\/les-jeunes-ukrainiens-quittent-le-pays-par-tous-les-moyens-legaux-et-illegaux\/\" target=\"_blank\"\">Source link <\/a><\/p>\n","protected":false},"excerpt":{"rendered":"<p>Campagne de dons Octobre 2025 Appel aux dons \u2013 Votre soutien nous est indispensable pour continuer \u00e0 vous fournir le meilleur de l\u2019information internationale alternative. C\u2019est gr\u00e2ce \u00e0 vos dons&hellip; <\/p>\n","protected":false},"author":1,"featured_media":18941,"comment_status":"open","ping_status":"open","sticky":false,"template":"","format":"standard","meta":{"footnotes":""},"categories":[1],"tags":[],"class_list":["post-18940","post","type-post","status-publish","format-standard","has-post-thumbnail","hentry","category-non-classe"],"_links":{"self":[{"href":"https:\/\/monde25.info\/index.php\/wp-json\/wp\/v2\/posts\/18940","targetHints":{"allow":["GET"]}}],"collection":[{"href":"https:\/\/monde25.info\/index.php\/wp-json\/wp\/v2\/posts"}],"about":[{"href":"https:\/\/monde25.info\/index.php\/wp-json\/wp\/v2\/types\/post"}],"author":[{"embeddable":true,"href":"https:\/\/monde25.info\/index.php\/wp-json\/wp\/v2\/users\/1"}],"replies":[{"embeddable":true,"href":"https:\/\/monde25.info\/index.php\/wp-json\/wp\/v2\/comments?post=18940"}],"version-history":[{"count":0,"href":"https:\/\/monde25.info\/index.php\/wp-json\/wp\/v2\/posts\/18940\/revisions"}],"wp:featuredmedia":[{"embeddable":true,"href":"https:\/\/monde25.info\/index.php\/wp-json\/wp\/v2\/media\/18941"}],"wp:attachment":[{"href":"https:\/\/monde25.info\/index.php\/wp-json\/wp\/v2\/media?parent=18940"}],"wp:term":[{"taxonomy":"category","embeddable":true,"href":"https:\/\/monde25.info\/index.php\/wp-json\/wp\/v2\/categories?post=18940"},{"taxonomy":"post_tag","embeddable":true,"href":"https:\/\/monde25.info\/index.php\/wp-json\/wp\/v2\/tags?post=18940"}],"curies":[{"name":"wp","href":"https:\/\/api.w.org\/{rel}","templated":true}]}}