{"id":18942,"date":"2025-11-06T05:34:38","date_gmt":"2025-11-06T04:34:38","guid":{"rendered":"https:\/\/monde25.info\/index.php\/2025\/11\/06\/lactivite-du-secteur-prive-accentue-sa-contraction-en-octobre\/"},"modified":"2025-11-06T05:34:38","modified_gmt":"2025-11-06T04:34:38","slug":"lactivite-du-secteur-prive-accentue-sa-contraction-en-octobre","status":"publish","type":"post","link":"https:\/\/monde25.info\/index.php\/2025\/11\/06\/lactivite-du-secteur-prive-accentue-sa-contraction-en-octobre\/","title":{"rendered":"L&rsquo;activit\u00e9 du secteur priv\u00e9 accentue sa contraction en octobre"},"content":{"rendered":"<p> <br \/>\n<\/p>\n<div>\n<p>L&rsquo;activit\u00e9 du secteur priv\u00e9 en France a accentu\u00e9 sa contraction en octobre, p\u00e9nalis\u00e9e par une demande faible dans les services et le secteur manufacturier, selon l&rsquo;indice PMI publi\u00e9 mercredi par S&amp;P Global et la Hamburg Commercial Bank (HCOB).<\/p>\n<p>L&rsquo;indice PMI composite s&rsquo;est \u00e9tabli \u00e0 47,7 en octobre, apr\u00e8s 48,1 en septembre, s&rsquo;\u00e9loignant du seuil de 50 d\u00e9marquant les zones de contraction et d&rsquo;expansion de l&rsquo;activit\u00e9. C&rsquo;est un point bas depuis f\u00e9vrier et le quatorzi\u00e8me mois cons\u00e9cutif de contraction.<\/p>\n<p>Dans les services, confront\u00e9s \u00e0 une faiblesse de la demande, l&rsquo;indice PMI s&rsquo;est d\u00e9t\u00e9rior\u00e9 de 48,5 en septembre \u00e0 48,0 en octobre, signant sa plus forte contraction depuis avril.<\/p>\n<p>Cette demande molle \u00ab\u00a0se traduit par une chute des nouvelles affaires et des niveaux d&rsquo;activit\u00e9, et refl\u00e8te notamment la frilosit\u00e9 des clients, l\u2019incertitude politique actuelle, et de fortes pressions concurrentielles\u00a0\u00bb, a comment\u00e9 Jonas Feldhusen, \u00e9conomiste \u00e0 la HCOB, cit\u00e9 dans un communiqu\u00e9.<\/p>\n<p>\u00ab\u00a0Les perspectives d\u2019activit\u00e9 \u00e0 douze mois se sont de nouveau affaiblies en octobre et demeurent nettement inf\u00e9rieures \u00e0 leur moyenne de long terme, le climat politique fran\u00e7ais ayant, l\u00e0 aussi, fr\u00e9quemment \u00e9t\u00e9 cit\u00e9 comme l\u2019un des facteurs pesant sur la confiance\u00a0\u00bb, a-t-il ajout\u00e9.<\/p>\n<p>Concernant les prix, la hausse des co\u00fbts est la plus faible observ\u00e9e depuis plus de quatre ans et demi. Les prix factur\u00e9s sont repartis \u00e0 la hausse.<\/p>\n<p>Malgr\u00e9 cet environnement difficile, l&#8217;emploi a quand m\u00eame progress\u00e9 dans les services en octobre.<\/p>\n<p>\u00ab\u00a0Il convient toutefois de rester prudent\u00a0: toute faiblesse prolong\u00e9e de la demande finira par compromettre la croissance de l\u2019emploi. En effet, les cr\u00e9ations de postes actuelles ne semblent gu\u00e8re reposer sur des bases solides\u00a0\u00bb, a pr\u00e9venu Jonas Feldhusen.<\/p>\n<p>Dans le secteur manufacturier, l&rsquo;indice PMI, publi\u00e9 lundi, s&rsquo;est l\u00e9g\u00e8rement redress\u00e9 \u00e0 48,8 en octobre, contre 48,2 en septembre, demeurant toutefois en zone de contraction. L&rsquo;activit\u00e9 a souffert d&rsquo;un recul des nouvelles commandes.<\/p>\n<p>Dans une France de plus en plus exsangue, les taxes et les imp\u00f4ts p\u00e8sent, et le gouvernement semble vouloir continuer \u00e0 taxer plut\u00f4t qu&rsquo;\u00e0 couper dans les d\u00e9penses de l&rsquo;\u00c9tat.<\/p>\n<\/div>\n<p><script>(function(d, s, id) {  var js, fjs = d.getElementsByTagName(s)[0];  if (d.getElementById(id)) return;  js = d.createElement(s); js.id = id;  js.src = \"\/\/connect.facebook.net\/fr_FR\/sdk.js#xfbml=1&version=v2.3\";  fjs.parentNode.insertBefore(js, fjs);}(document, \"script\", \"facebook-jssdk\"));<\/script><br \/>\n<br \/><br \/>\n<br \/><a href=\"https:\/\/www.francesoir.fr\/societe-economie\/l-activite-du-secteur-prive-accentue-sa-contraction-en-octobre-pmi\" target=\"_blank\"\">Source link <\/a><\/p>\n","protected":false},"excerpt":{"rendered":"<p>L&rsquo;activit\u00e9 du secteur priv\u00e9 en France a accentu\u00e9 sa contraction en octobre, p\u00e9nalis\u00e9e par une demande faible dans les services et le secteur manufacturier, selon l&rsquo;indice PMI publi\u00e9 mercredi par&hellip; <\/p>\n","protected":false},"author":1,"featured_media":18943,"comment_status":"open","ping_status":"open","sticky":false,"template":"","format":"standard","meta":{"footnotes":""},"categories":[1],"tags":[],"class_list":["post-18942","post","type-post","status-publish","format-standard","has-post-thumbnail","hentry","category-non-classe"],"_links":{"self":[{"href":"https:\/\/monde25.info\/index.php\/wp-json\/wp\/v2\/posts\/18942","targetHints":{"allow":["GET"]}}],"collection":[{"href":"https:\/\/monde25.info\/index.php\/wp-json\/wp\/v2\/posts"}],"about":[{"href":"https:\/\/monde25.info\/index.php\/wp-json\/wp\/v2\/types\/post"}],"author":[{"embeddable":true,"href":"https:\/\/monde25.info\/index.php\/wp-json\/wp\/v2\/users\/1"}],"replies":[{"embeddable":true,"href":"https:\/\/monde25.info\/index.php\/wp-json\/wp\/v2\/comments?post=18942"}],"version-history":[{"count":0,"href":"https:\/\/monde25.info\/index.php\/wp-json\/wp\/v2\/posts\/18942\/revisions"}],"wp:featuredmedia":[{"embeddable":true,"href":"https:\/\/monde25.info\/index.php\/wp-json\/wp\/v2\/media\/18943"}],"wp:attachment":[{"href":"https:\/\/monde25.info\/index.php\/wp-json\/wp\/v2\/media?parent=18942"}],"wp:term":[{"taxonomy":"category","embeddable":true,"href":"https:\/\/monde25.info\/index.php\/wp-json\/wp\/v2\/categories?post=18942"},{"taxonomy":"post_tag","embeddable":true,"href":"https:\/\/monde25.info\/index.php\/wp-json\/wp\/v2\/tags?post=18942"}],"curies":[{"name":"wp","href":"https:\/\/api.w.org\/{rel}","templated":true}]}}