{"id":18950,"date":"2025-11-06T09:25:34","date_gmt":"2025-11-06T08:25:34","guid":{"rendered":"https:\/\/monde25.info\/index.php\/2025\/11\/06\/le-cauchemar-du-parc-national-congolais-gere-par-un-prince-belge-et-finance-par-leurope\/"},"modified":"2025-11-06T09:25:34","modified_gmt":"2025-11-06T08:25:34","slug":"le-cauchemar-du-parc-national-congolais-gere-par-un-prince-belge-et-finance-par-leurope","status":"publish","type":"post","link":"https:\/\/monde25.info\/index.php\/2025\/11\/06\/le-cauchemar-du-parc-national-congolais-gere-par-un-prince-belge-et-finance-par-leurope\/","title":{"rendered":"Le \u00ab\u00a0cauchemar\u00a0\u00bb du parc national congolais, g\u00e9r\u00e9 par un prince belge et financ\u00e9 par l&#039;Europe"},"content":{"rendered":"<p> <br \/>\n<br \/><img loading=\"lazy\" decoding=\"async\" src=\"https:\/\/reporterre.net\/local\/cache-vignettes\/L700xH467\/manulebelgeaucongo-86a5d.jpg?1762416001\" class=\"spip_logo\" width=\"700\" height=\"467\" alt=\"\" \/><\/p>\n<p>L&rsquo;<span class=\"caps\">UE<\/span> a attribu\u00e9 157 millions d&rsquo;euros en 20 ans \u00e0 la fondation d&rsquo;un prince belge qui g\u00e8re un parc national au Congo. Mais les riverains et des experts disent que le projet ne tient pas ses promesses de s\u00e9curit\u00e9 et de prosp\u00e9rit\u00e9. <br class=\"autobr\" \/> Cette enqu\u00eate a \u00e9t\u00e9 initialement publi\u00e9e sur le site d&rsquo;investigation Follow the Money. <br class=\"autobr\" \/><br \/>\nUniforme kaki, b\u00e9ret vert attach\u00e9 \u00e0 l&rsquo;\u00e9paule et mains sur les hanches, le prince belge Emmanuel de Merode harangue ses troupes. \u00ab<small class=\"fine d-inline\">\u00a0<\/small>Je compte sur vous pour rester avec moi,\u00a0(\u2026)<\/p>\n<p>                    <a target=\"_blank\" href=\"https:\/\/reporterre.net\/Le-cauchemar-du-parc-national-congolais-gere-par-un-prince-belge-et-finance-par-l-Europe?utm_source=RSS&amp;utm_medium=RSS\">Lire la suite<\/a><\/p>\n<p>                    &#8211;<br \/>\n                        <a target=\"_blank\" href=\"https:\/\/reporterre.net\/Enquete\" rel=\"directory\">Enqu\u00eate<\/a><\/p>\n<p>                    \/<br \/>\n                        <a target=\"_blank\" href=\"https:\/\/reporterre.net\/Nature\" rel=\"tag\">Nature<\/a><br \/>\n                    ,<br \/>\n                        <a target=\"_blank\" href=\"https:\/\/reporterre.net\/Europe\" rel=\"tag\">Europe<\/a><br \/>\n                    ,<br \/>\n                        <a target=\"_blank\" href=\"https:\/\/reporterre.net\/International\" rel=\"tag\">Monde<\/a><br \/>\n<br \/><br \/>\n<br \/><a href=\"https:\/\/reporterre.net\/Le-cauchemar-du-parc-national-congolais-gere-par-un-prince-belge-et-finance-par-l-Europe\" target=\"_blank\"\">Source link <\/a><\/p>\n","protected":false},"excerpt":{"rendered":"<p>L&rsquo;UE a attribu\u00e9 157 millions d&rsquo;euros en 20 ans \u00e0 la fondation d&rsquo;un prince belge qui g\u00e8re un parc national au Congo. Mais les riverains et des experts disent que&hellip; <\/p>\n","protected":false},"author":1,"featured_media":0,"comment_status":"open","ping_status":"open","sticky":false,"template":"","format":"standard","meta":{"footnotes":""},"categories":[1],"tags":[],"class_list":["post-18950","post","type-post","status-publish","format-standard","hentry","category-non-classe"],"_links":{"self":[{"href":"https:\/\/monde25.info\/index.php\/wp-json\/wp\/v2\/posts\/18950","targetHints":{"allow":["GET"]}}],"collection":[{"href":"https:\/\/monde25.info\/index.php\/wp-json\/wp\/v2\/posts"}],"about":[{"href":"https:\/\/monde25.info\/index.php\/wp-json\/wp\/v2\/types\/post"}],"author":[{"embeddable":true,"href":"https:\/\/monde25.info\/index.php\/wp-json\/wp\/v2\/users\/1"}],"replies":[{"embeddable":true,"href":"https:\/\/monde25.info\/index.php\/wp-json\/wp\/v2\/comments?post=18950"}],"version-history":[{"count":0,"href":"https:\/\/monde25.info\/index.php\/wp-json\/wp\/v2\/posts\/18950\/revisions"}],"wp:attachment":[{"href":"https:\/\/monde25.info\/index.php\/wp-json\/wp\/v2\/media?parent=18950"}],"wp:term":[{"taxonomy":"category","embeddable":true,"href":"https:\/\/monde25.info\/index.php\/wp-json\/wp\/v2\/categories?post=18950"},{"taxonomy":"post_tag","embeddable":true,"href":"https:\/\/monde25.info\/index.php\/wp-json\/wp\/v2\/tags?post=18950"}],"curies":[{"name":"wp","href":"https:\/\/api.w.org\/{rel}","templated":true}]}}