{"id":18955,"date":"2025-11-06T11:04:36","date_gmt":"2025-11-06T10:04:36","guid":{"rendered":"https:\/\/monde25.info\/index.php\/2025\/11\/06\/la-tunisie-veut-continuer-avec-lalgerie-a-renforcer-le-developpement-dans-la-region\/"},"modified":"2025-11-06T11:04:36","modified_gmt":"2025-11-06T10:04:36","slug":"la-tunisie-veut-continuer-avec-lalgerie-a-renforcer-le-developpement-dans-la-region","status":"publish","type":"post","link":"https:\/\/monde25.info\/index.php\/2025\/11\/06\/la-tunisie-veut-continuer-avec-lalgerie-a-renforcer-le-developpement-dans-la-region\/","title":{"rendered":"La Tunisie veut continuer, avec l&rsquo;Alg\u00e9rie, \u00e0 renforcer le d\u00e9veloppement dans la r\u00e9gion"},"content":{"rendered":"<p> <br \/>\n<br \/><img decoding=\"async\" src=\"https:\/\/cdn1.img.sputniknews.africa\/img\/07e7\/0c\/15\/1064240902_0:160:3072:1888_600x0_80_0_0_408d873e65364eccd8118e086a68d878.jpg\" \/><\/p>\n<div itemscope=\"\" itemtype=\"https:\/\/schema.org\/Article\">\n<p>https:\/\/fr.sputniknews.africa\/20251106\/la-tunisie-veut-continuer-avec-lalgerie-a-renforcer-le-developpement-dans-la-region-1080231365.html<\/p>\n<p><a target=\"_blank\" itemprop=\"url\" href=\"https:\/\/fr.sputniknews.africa\/20251106\/la-tunisie-veut-continuer-avec-lalgerie-a-renforcer-le-developpement-dans-la-region-1080231365.html\" title=\"La Tunisie veut continuer, avec l'Alg\u00e9rie, \u00e0 renforcer le d\u00e9veloppement dans la r\u00e9gion\"\/><\/p>\n<p>La Tunisie veut continuer, avec l&rsquo;Alg\u00e9rie, \u00e0 renforcer le d\u00e9veloppement dans la r\u00e9gion<\/p>\n<p>La Tunisie veut continuer, avec l&rsquo;Alg\u00e9rie, \u00e0 renforcer le d\u00e9veloppement dans la r\u00e9gion<\/p>\n<p>Sputnik Afrique<\/p>\n<p>Le ministre tunisien des Affaires \u00e9trang\u00e8res, M. Mohamed Ali Nafti, a r\u00e9affirm\u00e9 mercredi \u00e0 Alger l&rsquo;engagement des autorit\u00e9s tunisiennes \u00e0 poursuivre la&#8230; 06.11.2025, Sputnik Afrique<\/p>\n<p>2025-11-06T06:59+0100<\/p>\n<p>2025-11-06T06:59+0100<\/p>\n<p>2025-11-06T06:59+0100<\/p>\n<p>alg\u00e9rie<\/p>\n<p>tunisie<\/p>\n<p>maghreb<\/p>\n<p>https:\/\/cdn1.img.sputniknews.africa\/img\/07e7\/0c\/15\/1064240902_0:160:3072:1888_1920x0_80_0_0_a4f9aa6eabc96a36394f0607d540911b.jpg<\/p>\n<p>Dans une d\u00e9claration \u00e0 la presse \u00e0 l&rsquo;issue de l&rsquo;audience que lui a accord\u00e9e le Pr\u00e9sident de la R\u00e9publique, M. Abdelmadjid Tebboune, M. Nafti a indiqu\u00e9 que cette rencontre, tenue dans le cadre de sa participation \u00e0 la r\u00e9union tripartite des pays voisins concernant la Libye, pays fr\u00e8re, qui regroupera, demain, jeudi, l&rsquo;Alg\u00e9rie, la Tunisie et l&rsquo;Egypte, lui a permis de transmettre au pr\u00e9sident de la R\u00e9publique les salutations de son fr\u00e8re, le Pr\u00e9sident tunisien Ka\u00efs Sa\u00efed, exprimant \u00ab\u00a0la profonde fiert\u00e9 de la Tunisie quant aux relations fraternelles solides qui unissent les deux pays\u00a0\u00bb. Il a \u00e9galement soulign\u00e9, \u00e0 cette occasion, l&rsquo;engagement des dirigeants tunisiens \u00e0 poursuivre la coordination et la concertation avec l&rsquo;Alg\u00e9rie, au mieux des int\u00e9r\u00eats des deux peuples fr\u00e8res et afin de renforcer la s\u00e9curit\u00e9, la stabilit\u00e9 et le d\u00e9veloppement dans la r\u00e9gion\u00a0\u00bb. Cette rencontre, a-t-il ajout\u00e9, \u00ab\u00a0a confirm\u00e9 la convergence de vues entre le pr\u00e9sident de la R\u00e9publique, M. Abdelmadjid Tebboune, et son fr\u00e8re, le Pr\u00e9sident Ka\u00efs Sa\u00efed, notamment concernant la Libye, en ce qui a trait \u00e0 la n\u00e9cessit\u00e9 de pr\u00e9server ce pays fr\u00e8re des tiraillements r\u00e9gionaux et internationaux, et d&rsquo;adopter une approche purement libyenne pour parvenir \u00e0 une solution durable sur l&rsquo;ensemble du territoire libyen\u00a0\u00bb. L&rsquo;importance du m\u00e9canisme de concertation entre les pays voisins, a \u00e9galement \u00e9t\u00e9 soulign\u00e9e lors de cette rencontre, a d\u00e9clar\u00e9 M. Nafti, afin de \u00ab\u00a0permettre une meilleure coordination des positions et une contribution active \u00e0 la consolidation de la stabilit\u00e9 ainsi qu&rsquo;\u00e0 l&rsquo;acc\u00e9l\u00e9ration du processus de r\u00e8glement politique en Libye, sous l&rsquo;\u00e9gide des Nations unies\u00a0\u00bb, a-t-il pr\u00e9cis\u00e9. Dans le m\u00eame sillage, le ministre tunisien a indiqu\u00e9 avoir inform\u00e9 le pr\u00e9sident de la R\u00e9publique du contenu des entretiens qu&rsquo;il a eus avec le ministre d&rsquo;Etat, ministre des Affaires \u00e9trang\u00e8res, de la Communaut\u00e9 nationale \u00e0 l&rsquo;\u00e9tranger et des Affaires africaines, M. Ahmed Attaf, concernant \u00ab\u00a0la pr\u00e9paration rigoureuse de la 23e session de la Grande Commission mixte, qui se tiendra en Tunisie du 9 au 12 d\u00e9cembre prochain\u00a0\u00bb. A ce propos, il a exprim\u00e9 le souhait de voir cette session \u00ab\u00a0constituer un jalon important suppl\u00e9mentaire dans le processus de renforcement et d&rsquo;\u00e9largissement de la coop\u00e9ration bilat\u00e9rale entre les deux pays, en vue d&rsquo;\u00e9tablir un partenariat strat\u00e9gique solide dans tous les domaines\u00a0\u00bb.<\/p>\n<p>alg\u00e9rie<\/p>\n<p>tunisie<\/p>\n<p>maghreb<\/p>\n<div itemprop=\"copyrightHolder\" itemscope=\"\" itemtype=\"http:\/\/schema.org\/Organization\">\n<p>Sputnik Afrique<\/p>\n<p><a target=\"_blank\" itemprop=\"url\" href=\"https:\/\/fr.sputniknews.africa\" title=\"Sputnik Afrique\"> <\/a><\/p>\n<p>feedback.fr@sputniknews.com<\/p>\n<p>+74956456601<\/p>\n<p>MIA \u201eRossiya Segodnya\u201c<\/p>\n<p><a target=\"_blank\" itemprop=\"sameAs\" href=\"https:\/\/t.me\/sputnik_afrique\"> <\/a><a target=\"_blank\" itemprop=\"sameAs\" href=\"https:\/\/t.me\/sputnik_africa\"> <\/a><a target=\"_blank\" itemprop=\"sameAs\" href=\"https:\/\/t.me\/sputnik_ethiopia\"> <\/a><a target=\"_blank\" itemprop=\"sameAs\" href=\"https:\/\/x.com\/sputnik_afrique\"> <\/a><a target=\"_blank\" itemprop=\"sameAs\" href=\"https:\/\/x.com\/sputnik_africa\"> <\/a><a target=\"_blank\" itemprop=\"sameAs\" href=\"https:\/\/x.com\/sputnik_ethio\"> <\/a><a target=\"_blank\" itemprop=\"sameAs\" href=\"https:\/\/x.com\/sputnik_swahili\"> <\/a><\/div>\n<p>2025<\/p>\n<div itemprop=\"creator\" itemscope=\"\" itemtype=\"http:\/\/schema.org\/Person\">\n<p>  Alg\u00e9rie Presse Service (APS)<\/p>\n<p><a target=\"_blank\" itemprop=\"url\" href=\"https:\/\/fr.sputniknews.africa\/author_algerie-presse-service_\/\"> <\/a><\/div>\n<div itemprop=\"editor\" itemscope=\"\" itemtype=\"http:\/\/schema.org\/Person\">\n<p>  Alg\u00e9rie Presse Service (APS)<\/p>\n<p><a target=\"_blank\" itemprop=\"url\" href=\"https:\/\/fr.sputniknews.africa\/author_algerie-presse-service_\/\"> <\/a><\/div>\n<p>Actus<\/p>\n<p>fr_FR<\/p>\n<div itemprop=\"sourceOrganization\" itemscope=\"\" itemtype=\"http:\/\/schema.org\/Organization\">\n<p>Sputnik Afrique<\/p>\n<p><a target=\"_blank\" itemprop=\"url\" href=\"https:\/\/fr.sputniknews.africa\" title=\"Sputnik Afrique\"> <\/a><\/p>\n<p>feedback.fr@sputniknews.com<\/p>\n<p>+74956456601<\/p>\n<p>MIA \u201eRossiya Segodnya\u201c<\/p>\n<p><a target=\"_blank\" itemprop=\"sameAs\" href=\"https:\/\/t.me\/sputnik_afrique\"> <\/a><a target=\"_blank\" itemprop=\"sameAs\" href=\"https:\/\/t.me\/sputnik_africa\"> <\/a><a target=\"_blank\" itemprop=\"sameAs\" href=\"https:\/\/t.me\/sputnik_ethiopia\"> <\/a><a target=\"_blank\" itemprop=\"sameAs\" href=\"https:\/\/x.com\/sputnik_afrique\"> <\/a><a target=\"_blank\" itemprop=\"sameAs\" href=\"https:\/\/x.com\/sputnik_africa\"> <\/a><a target=\"_blank\" itemprop=\"sameAs\" href=\"https:\/\/x.com\/sputnik_ethio\"> <\/a><a target=\"_blank\" itemprop=\"sameAs\" href=\"https:\/\/x.com\/sputnik_swahili\"> <\/a><\/div>\n<p><a target=\"_blank\" itemprop=\"thumbnailUrl\" href=\"https:\/\/cdn1.img.sputniknews.africa\/img\/07e7\/0c\/15\/1064240902_0:160:3072:1888_1920x0_80_0_0_a4f9aa6eabc96a36394f0607d540911b.jpg\"\/><a target=\"_blank\" itemprop=\"thumbnailUrl\" href=\"https:\/\/cdn1.img.sputniknews.africa\/img\/07e7\/0c\/15\/1064240902_171:0:2902:2048_1920x0_80_0_0_bf79564ecdb4ac5b1e76c67c8037bd31.jpg\">https:\/\/cdn1.img.sputniknews.africa\/img\/07e7\/0c\/15\/1064240902_171:0:2902:2048_1920x0_80_0_0_bf79564ecdb4ac5b1e76c67c8037bd31.jpg<\/a><a target=\"_blank\" itemprop=\"thumbnailUrl\" href=\"https:\/\/cdn1.img.sputniknews.africa\/img\/07e7\/0c\/15\/1064240902_512:0:2560:2048_1920x0_80_0_0_4c07c2a6632d0c03026d11f54d912dcc.jpg\" title=\"Tunisia's capital, Tunis\"\/><\/p>\n<div itemprop=\"publisher\" itemscope=\"\" itemtype=\"http:\/\/schema.org\/Organization\">\n<p>Sputnik Afrique<\/p>\n<p><a target=\"_blank\" itemprop=\"url\" href=\"https:\/\/fr.sputniknews.africa\" title=\"Sputnik Afrique\"> <\/a><\/p>\n<p>feedback.fr@sputniknews.com<\/p>\n<p>+74956456601<\/p>\n<p>MIA \u201eRossiya Segodnya\u201c<\/p>\n<p><a target=\"_blank\" itemprop=\"sameAs\" href=\"https:\/\/t.me\/sputnik_afrique\"> <\/a><a target=\"_blank\" itemprop=\"sameAs\" href=\"https:\/\/t.me\/sputnik_africa\"> <\/a><a target=\"_blank\" itemprop=\"sameAs\" href=\"https:\/\/t.me\/sputnik_ethiopia\"> <\/a><a target=\"_blank\" itemprop=\"sameAs\" href=\"https:\/\/x.com\/sputnik_afrique\"> <\/a><a target=\"_blank\" itemprop=\"sameAs\" href=\"https:\/\/x.com\/sputnik_africa\"> <\/a><a target=\"_blank\" itemprop=\"sameAs\" href=\"https:\/\/x.com\/sputnik_ethio\"> <\/a><a target=\"_blank\" itemprop=\"sameAs\" href=\"https:\/\/x.com\/sputnik_swahili\"> <\/a><\/div>\n<div itemprop=\"author\" itemscope=\"\" itemtype=\"http:\/\/schema.org\/Person\">\n<p>  Alg\u00e9rie Presse Service (APS)<\/p>\n<p><a target=\"_blank\" itemprop=\"url\" href=\"https:\/\/fr.sputniknews.africa\/author_algerie-presse-service_\/\"> <\/a><\/div>\n<p>alg\u00e9rie, tunisie, maghreb<\/p>\n<div itemprop=\"about\" itemscope=\"\" itemtype=\"https:\/\/schema.org\/Thing\">\n<p>alg\u00e9rie, tunisie, maghreb<\/p>\n<\/div>\n<\/div>\n<div>\n<div class=\"article__author\">\n<div class=\"article__author-item\">\n<div class=\"article__author-wrapper\">\n<div class=\"article__author-info\">\n<p>  Alg\u00e9rie Presse Service (APS)<\/p>\n<\/div>\n<\/div>\n<\/div>\n<\/div>\n<p>Le ministre tunisien des Affaires \u00e9trang\u00e8res, M. Mohamed Ali Nafti, a r\u00e9affirm\u00e9 mercredi \u00e0 Alger l&rsquo;engagement des autorit\u00e9s tunisiennes \u00e0 poursuivre la coordination et la concertation permanente avec l&rsquo;Alg\u00e9rie, au mieux des int\u00e9r\u00eats des deux peuples fr\u00e8res et afin de renforcer la s\u00e9curit\u00e9, la stabilit\u00e9 et le d\u00e9veloppement dans la r\u00e9gion. <\/p>\n<\/div>\n<div>\n<div class=\"article__block\" data-type=\"text\">\n<p>Dans une d\u00e9claration \u00e0 la presse \u00e0 l&rsquo;issue de l&rsquo;audience que lui a accord\u00e9e le Pr\u00e9sident de la R\u00e9publique, M. Abdelmadjid Tebboune, M. Nafti a indiqu\u00e9 que cette rencontre, tenue dans le cadre de sa participation \u00e0 la r\u00e9union tripartite des pays voisins concernant la Libye, pays fr\u00e8re, qui regroupera, demain, jeudi, l&rsquo;Alg\u00e9rie, la Tunisie et l&rsquo;Egypte, lui a permis de transmettre au pr\u00e9sident de la R\u00e9publique les salutations de son fr\u00e8re, le Pr\u00e9sident tunisien Ka\u00efs Sa\u00efed, exprimant \u00ab\u00a0la profonde fiert\u00e9 de la Tunisie quant aux relations fraternelles solides qui unissent les deux pays\u00a0\u00bb. <\/p>\n<\/div>\n<div class=\"article__block\" data-type=\"text\">\n<p>Il a \u00e9galement soulign\u00e9, \u00e0 cette occasion, l&rsquo;engagement des dirigeants tunisiens \u00e0 poursuivre la coordination et la concertation avec l&rsquo;Alg\u00e9rie, au mieux des int\u00e9r\u00eats des deux peuples fr\u00e8res et afin de renforcer la s\u00e9curit\u00e9, la stabilit\u00e9 et le d\u00e9veloppement dans la r\u00e9gion\u00a0\u00bb. Cette rencontre, a-t-il ajout\u00e9, \u00ab\u00a0a confirm\u00e9 la convergence de vues entre le pr\u00e9sident de la R\u00e9publique, M. Abdelmadjid Tebboune, et son fr\u00e8re, le Pr\u00e9sident Ka\u00efs Sa\u00efed, notamment concernant la Libye, en ce qui a trait \u00e0 la n\u00e9cessit\u00e9 de pr\u00e9server ce pays fr\u00e8re des tiraillements r\u00e9gionaux et internationaux, et d&rsquo;adopter une approche purement libyenne pour parvenir \u00e0 une solution durable sur l&rsquo;ensemble du territoire libyen\u00a0\u00bb. <\/p>\n<\/div>\n<div class=\"article__block\" data-type=\"text\">\n<p>L&rsquo;importance du m\u00e9canisme de concertation entre les pays voisins, a \u00e9galement \u00e9t\u00e9 soulign\u00e9e lors de cette rencontre, a d\u00e9clar\u00e9 M. Nafti, afin de \u00ab\u00a0permettre une meilleure coordination des positions et une contribution active \u00e0 la consolidation de la stabilit\u00e9 ainsi qu&rsquo;\u00e0 l&rsquo;acc\u00e9l\u00e9ration du processus de r\u00e8glement politique en Libye, sous l&rsquo;\u00e9gide des Nations unies\u00a0\u00bb, a-t-il pr\u00e9cis\u00e9. <\/p>\n<\/div>\n<div class=\"article__block\" data-type=\"text\">\n<p>Dans le m\u00eame sillage, le ministre tunisien a indiqu\u00e9 avoir inform\u00e9 le pr\u00e9sident de la R\u00e9publique du contenu des entretiens qu&rsquo;il a eus avec le ministre d&rsquo;Etat, ministre des Affaires \u00e9trang\u00e8res, de la Communaut\u00e9 nationale \u00e0 l&rsquo;\u00e9tranger et des Affaires africaines, M. Ahmed Attaf, concernant \u00ab\u00a0la pr\u00e9paration rigoureuse de la 23e session de la Grande Commission mixte, qui se tiendra en Tunisie du 9 au 12 d\u00e9cembre prochain\u00a0\u00bb. <\/p>\n<\/div>\n<div class=\"article__block\" data-type=\"text\">\n<p>A ce propos, il a exprim\u00e9 le souhait de voir cette session \u00ab\u00a0constituer un jalon important suppl\u00e9mentaire dans le processus de renforcement et d&rsquo;\u00e9largissement de la coop\u00e9ration bilat\u00e9rale entre les deux pays, en vue d&rsquo;\u00e9tablir un partenariat strat\u00e9gique solide dans tous les domaines\u00a0\u00bb.<\/p>\n<\/div>\n<\/div>\n<p><script async=\"async\" type=\"text\/plain\" class=\"_iub_cs_activate\" data-iub-purposes=\"3\" data-suppressedsrc=\"https:\/\/connect.facebook.net\/en_US\/sdk.js#xfbml=1&amp;version=v3.2\"><\/script><br \/>\n<br \/><br \/>\n<br \/><a href=\"https:\/\/fr.sputniknews.africa\/20251106\/la-tunisie-veut-continuer-avec-lalgerie-a-renforcer-le-developpement-dans-la-region-1080231365.html\" target=\"_blank\"\">Source link <\/a><\/p>\n","protected":false},"excerpt":{"rendered":"<p>https:\/\/fr.sputniknews.africa\/20251106\/la-tunisie-veut-continuer-avec-lalgerie-a-renforcer-le-developpement-dans-la-region-1080231365.html La Tunisie veut continuer, avec l&rsquo;Alg\u00e9rie, \u00e0 renforcer le d\u00e9veloppement dans la r\u00e9gion La Tunisie veut continuer, avec l&rsquo;Alg\u00e9rie, \u00e0 renforcer le d\u00e9veloppement dans la r\u00e9gion Sputnik Afrique Le&hellip; <\/p>\n","protected":false},"author":1,"featured_media":18956,"comment_status":"open","ping_status":"open","sticky":false,"template":"","format":"standard","meta":{"footnotes":""},"categories":[1],"tags":[],"class_list":["post-18955","post","type-post","status-publish","format-standard","has-post-thumbnail","hentry","category-non-classe"],"_links":{"self":[{"href":"https:\/\/monde25.info\/index.php\/wp-json\/wp\/v2\/posts\/18955","targetHints":{"allow":["GET"]}}],"collection":[{"href":"https:\/\/monde25.info\/index.php\/wp-json\/wp\/v2\/posts"}],"about":[{"href":"https:\/\/monde25.info\/index.php\/wp-json\/wp\/v2\/types\/post"}],"author":[{"embeddable":true,"href":"https:\/\/monde25.info\/index.php\/wp-json\/wp\/v2\/users\/1"}],"replies":[{"embeddable":true,"href":"https:\/\/monde25.info\/index.php\/wp-json\/wp\/v2\/comments?post=18955"}],"version-history":[{"count":0,"href":"https:\/\/monde25.info\/index.php\/wp-json\/wp\/v2\/posts\/18955\/revisions"}],"wp:featuredmedia":[{"embeddable":true,"href":"https:\/\/monde25.info\/index.php\/wp-json\/wp\/v2\/media\/18956"}],"wp:attachment":[{"href":"https:\/\/monde25.info\/index.php\/wp-json\/wp\/v2\/media?parent=18955"}],"wp:term":[{"taxonomy":"category","embeddable":true,"href":"https:\/\/monde25.info\/index.php\/wp-json\/wp\/v2\/categories?post=18955"},{"taxonomy":"post_tag","embeddable":true,"href":"https:\/\/monde25.info\/index.php\/wp-json\/wp\/v2\/tags?post=18955"}],"curies":[{"name":"wp","href":"https:\/\/api.w.org\/{rel}","templated":true}]}}