{"id":18957,"date":"2025-11-06T11:37:35","date_gmt":"2025-11-06T10:37:35","guid":{"rendered":"https:\/\/monde25.info\/index.php\/2025\/11\/06\/les-reactions-politiques-face-a-la-violence-inouie-rt-en-francais\/"},"modified":"2025-11-06T11:37:35","modified_gmt":"2025-11-06T10:37:35","slug":"les-reactions-politiques-face-a-la-violence-inouie-rt-en-francais","status":"publish","type":"post","link":"https:\/\/monde25.info\/index.php\/2025\/11\/06\/les-reactions-politiques-face-a-la-violence-inouie-rt-en-francais\/","title":{"rendered":"les r\u00e9actions politiques face \u00e0 la \u00abviolence inou\u00efe\u00bb \u2014 RT en fran\u00e7ais"},"content":{"rendered":"<p> <br \/>\n<br \/><img decoding=\"async\" src=\"https:\/\/mf.b37mrtl.ru\/french\/images\/2025.11\/thumbnail\/690c69246f7ccc208325d0f0.png\" \/><\/p>\n<div>\n<p class=\"text__summary\">\n                                        R\u00e9actions politiques unanimes apr\u00e8s l\u2019attaque \u00e0 la voiture-b\u00e9lier sur l\u2019\u00eele d\u2019Ol\u00e9ron : Macron promet fermet\u00e9, le RN d\u00e9nonce l\u2019islamisme, tandis que le Parquet national antiterroriste fait \u00e9tat d\u2019une radicalisation r\u00e9cente du suspect ayant cri\u00e9 \u00abAllah Akbar\u00bb.\n                                    <\/p>\n<p>Les r\u00e9actions politiques \u00e0 l\u2019attaque du 5 novembre 2025 sur l\u2019\u00eele d\u2019Ol\u00e9ron traduisent le choc et l\u2019appel \u00e0 la justice. Jean G., 35 ans, converti \u00e0 l\u2019islam, a percut\u00e9 cinq personnes en 35 minutes, blessant gri\u00e8vement deux d\u2019entre elles \u2014 dont Emma Vallain, assistante RN \u2014 avant d\u2019\u00eatre interpell\u00e9, apr\u00e8s avoir tent\u00e9 d\u2019incendier son v\u00e9hicule avec des bonbonnes de gaz.<\/p>\n<p>Tandis que le Parquet national antiterroriste (Pnat), encore en phase d\u2019\u00ab observation \u00bb, attend une expertise psychiatrique, le ministre de l\u2019Int\u00e9rieur, Laurent Nu\u00f1ez, a qualifi\u00e9 l\u2019acte de \u00ab p\u00e9riple meurtrier tr\u00e8s grave \u00bb. Il a confirm\u00e9 une radicalisation r\u00e9cente en ligne, soulignant la d\u00e9couverte de \u00ab r\u00e9f\u00e9rences religieuses explicites \u00bb au domicile du suspect.<\/p>\n<p>Emmanuel Macron, depuis le Br\u00e9sil, s\u2019est indign\u00e9 sur le r\u00e9seau social X : \u00ab Pleine confiance en la justice pour \u00e9tablir la v\u00e9rit\u00e9 et r\u00e9pondre \u00e0 cette violence avec la plus grande fermet\u00e9. \u00bb<\/p>\n<div class=\"rtcode\">\n<blockquote class=\"twitter-tweet\">\n<p lang=\"fr\" dir=\"ltr\">Nous sommes tous frapp\u00e9s par l\u2019attaque survenue \u00e0 Ol\u00e9ron.<\/p>\n<p>J\u2019adresse toute ma compassion aux bless\u00e9s et aux familles touch\u00e9es. La solidarit\u00e9 de la Nation les accompagne.<\/p>\n<p>Gratitude envers nos forces de s\u00e9curit\u00e9 et de secours\u2026<\/p>\n<p>\u2014 Emmanuel Macron (@EmmanuelMacron) <a target=\"_blank\" href=\"https:\/\/twitter.com\/EmmanuelMacron\/status\/1986231104664420609?ref_src=twsrc%5Etfw\">November 6, 2025<\/a><\/p><\/blockquote>\n<\/div>\n<p><a target=\"_blank\" href=\"https:\/\/x.com\/EmmanuelMacron\/status\/1986231104664420609\"\/>La pr\u00e9sidente de l\u2019Assembl\u00e9e nationale, Ya\u00ebl Braun-Pivet, a exprim\u00e9 sa solidarit\u00e9 envers sa coll\u00e8gue et ses \u00e9quipes directement touch\u00e9es par l\u2019attaque : \u00ab Je souhaite \u00e9galement assurer de mon soutien le d\u00e9put\u00e9 Pascal Markowsky et son \u00e9quipe parlementaire, dont l\u2019une des membres est gravement bless\u00e9e. \u00bb<\/p>\n<div class=\"rtcode\">\n<blockquote class=\"twitter-tweet\">\n<p lang=\"fr\" dir=\"ltr\">Je veux adresser toutes mes pens\u00e9es aux personnes bless\u00e9es ce matin sur l\u2019\u00eele d\u2019Ol\u00e9ron, victimes d&rsquo;une attaque d&rsquo;une violence inou\u00efe. <\/p>\n<p>Je souhaite \u00e9galement dire ma solidarit\u00e9 au d\u00e9put\u00e9 Pascal Markowsky et son \u00e9quipe parlementaire, dont l&rsquo;une des membres est gravement bless\u00e9e.\u2026<\/p>\n<p>\u2014 Ya\u00ebl Braun-Pivet (@YaelBRAUNPIVET) <a target=\"_blank\" href=\"https:\/\/twitter.com\/YaelBRAUNPIVET\/status\/1986043853523021836?ref_src=twsrc%5Etfw\">November 5, 2025<\/a><\/p><\/blockquote>\n<\/div>\n<p><a target=\"_blank\" href=\"https:\/\/x.com\/YaelBRAUNPIVET\/status\/1986043853523021836\"\/>Le socialiste Olivier Falorni, d\u00e9put\u00e9 de La Rochelle-R\u00e9, \u00e9voque une \u00ab sid\u00e9ration \u00bb locale.<\/p>\n<p>Touch\u00e9 \u00e0 travers sa collaboratrice, le RN a vu son pr\u00e9sident, Jordan Bardella, \u00e9voquer le drame sur X et r\u00e9clamer une peine exemplaire, tandis que le vice-pr\u00e9sident de l\u2019Assembl\u00e9e nationale, S\u00e9bastien Chenu, s\u2019est insurg\u00e9 dans l\u2019h\u00e9micycle : \u00ab Dix ans apr\u00e8s la trag\u00e9die du Bataclan, il y a plus que jamais urgence \u00e0 combattre cette hydre islamiste sous toutes ses formes ! \u00bb<\/p>\n<div class=\"rtcode\">\n<blockquote class=\"twitter-tweet\">\n<p lang=\"fr\" dir=\"ltr\">Aujourd\u2019hui, lors de la s\u00e9ance de Questions au Gouvernement, j\u2019ai interpell\u00e9 le Premier Ministre sur le drame qui est survenu ce matin sur l\u2019\u00eele d\u2019Ol\u00e9ron.<\/p>\n<p>Un homme a volontairement renvers\u00e9 plusieurs personnes, faisant 10 victimes, dont 2 dans un \u00e9tat grave. Mes pens\u00e9es\u2026 <a target=\"_blank\" href=\"https:\/\/t.co\/OajilYS0sF\">pic.twitter.com\/OajilYS0sF<\/a><\/p>\n<p>\u2014 S\u00e9bastien Chenu (@sebchenu) <a target=\"_blank\" href=\"https:\/\/twitter.com\/sebchenu\/status\/1986086789518438775?ref_src=twsrc%5Etfw\">November 5, 2025<\/a><\/p><\/blockquote>\n<\/div>\n<p><a target=\"_blank\" href=\"https:\/\/x.com\/sebchenu\/status\/1986086789518438775\"\/>L\u2019enqu\u00eate pour \u00ab tentative d\u2019assassinat \u00bb pourrait basculer en antiterrorisme. Le 6 novembre au matin, le ministre de l\u2019Int\u00e9rieur a affirm\u00e9 que le pronostic vital des deux victimes en urgence absolue n&rsquo;\u00e9tait plus engag\u00e9.<\/p>\n<\/div>\n<p><script async src=\"\/\/platform.twitter.com\/widgets.js\" charset=\"utf-8\"><\/script><br \/>\n<br \/><br \/>\n<br \/><a href=\"https:\/\/francais.rt.com\/france\/127133-attaque-sur-ile-d-oleron-reactions-politiques-face-violence-inouie\" target=\"_blank\"\">Source link <\/a><\/p>\n","protected":false},"excerpt":{"rendered":"<p>R\u00e9actions politiques unanimes apr\u00e8s l\u2019attaque \u00e0 la voiture-b\u00e9lier sur l\u2019\u00eele d\u2019Ol\u00e9ron : Macron promet fermet\u00e9, le RN d\u00e9nonce l\u2019islamisme, tandis que le Parquet national antiterroriste fait \u00e9tat d\u2019une radicalisation r\u00e9cente&hellip; <\/p>\n","protected":false},"author":1,"featured_media":18958,"comment_status":"open","ping_status":"open","sticky":false,"template":"","format":"standard","meta":{"footnotes":""},"categories":[1],"tags":[],"class_list":["post-18957","post","type-post","status-publish","format-standard","has-post-thumbnail","hentry","category-non-classe"],"_links":{"self":[{"href":"https:\/\/monde25.info\/index.php\/wp-json\/wp\/v2\/posts\/18957","targetHints":{"allow":["GET"]}}],"collection":[{"href":"https:\/\/monde25.info\/index.php\/wp-json\/wp\/v2\/posts"}],"about":[{"href":"https:\/\/monde25.info\/index.php\/wp-json\/wp\/v2\/types\/post"}],"author":[{"embeddable":true,"href":"https:\/\/monde25.info\/index.php\/wp-json\/wp\/v2\/users\/1"}],"replies":[{"embeddable":true,"href":"https:\/\/monde25.info\/index.php\/wp-json\/wp\/v2\/comments?post=18957"}],"version-history":[{"count":0,"href":"https:\/\/monde25.info\/index.php\/wp-json\/wp\/v2\/posts\/18957\/revisions"}],"wp:featuredmedia":[{"embeddable":true,"href":"https:\/\/monde25.info\/index.php\/wp-json\/wp\/v2\/media\/18958"}],"wp:attachment":[{"href":"https:\/\/monde25.info\/index.php\/wp-json\/wp\/v2\/media?parent=18957"}],"wp:term":[{"taxonomy":"category","embeddable":true,"href":"https:\/\/monde25.info\/index.php\/wp-json\/wp\/v2\/categories?post=18957"},{"taxonomy":"post_tag","embeddable":true,"href":"https:\/\/monde25.info\/index.php\/wp-json\/wp\/v2\/tags?post=18957"}],"curies":[{"name":"wp","href":"https:\/\/api.w.org\/{rel}","templated":true}]}}