{"id":1897,"date":"2024-12-10T12:33:42","date_gmt":"2024-12-10T11:33:42","guid":{"rendered":"https:\/\/monde25.info\/index.php\/2024\/12\/10\/la-loi-speciale-est-prete-elle-nattend-plus-quun-1er-ministre-ledito-de-charles-sannat-les-moutons-enrages\/"},"modified":"2024-12-10T12:33:42","modified_gmt":"2024-12-10T11:33:42","slug":"la-loi-speciale-est-prete-elle-nattend-plus-quun-1er-ministre-ledito-de-charles-sannat-les-moutons-enrages","status":"publish","type":"post","link":"https:\/\/monde25.info\/index.php\/2024\/12\/10\/la-loi-speciale-est-prete-elle-nattend-plus-quun-1er-ministre-ledito-de-charles-sannat-les-moutons-enrages\/","title":{"rendered":"\u00ab La Loi sp\u00e9ciale est pr\u00eate. Elle n\u2019attend plus qu\u2019un 1er ministre \u00bb. L\u2019\u00e9dito de Charles SANNAT \u2013 Les moutons enrag\u00e9s"},"content":{"rendered":"<p> <br \/>\n<\/p>\n<div>\n<p>Source <a target=\"_blank\" href=\"https:\/\/insolentiae.com\/la-loi-speciale-est-prete-elle-nattend-plus-quun-1er-ministre-ledito-de-charles-sannat\/\" data-type=\"link\" data-id=\"https:\/\/insolentiae.com\/la-loi-speciale-est-prete-elle-nattend-plus-quun-1er-ministre-ledito-de-charles-sannat\/\">Insolentiae<\/a><\/p>\n<div class=\"wp-block-image\">\n<figure class=\"aligncenter size-large is-resized\"><img fetchpriority=\"high\" decoding=\"async\" width=\"444\" height=\"330\" src=\"https:\/\/lesmoutonsenrages.fr\/wp-content\/uploads\/2024\/12\/image-39-444x330.png\" alt=\"\" class=\"wp-image-164367\" style=\"width:375px;height:auto\" srcset=\"https:\/\/lesmoutonsenrages.fr\/wp-content\/uploads\/2024\/12\/image-39-444x330.png 444w, https:\/\/lesmoutonsenrages.fr\/wp-content\/uploads\/2024\/12\/image-39-250x186.png 250w, https:\/\/lesmoutonsenrages.fr\/wp-content\/uploads\/2024\/12\/image-39-768x571.png 768w, https:\/\/lesmoutonsenrages.fr\/wp-content\/uploads\/2024\/12\/image-39-150x111.png 150w, https:\/\/lesmoutonsenrages.fr\/wp-content\/uploads\/2024\/12\/image-39.png 1023w\" sizes=\"(max-width: 444px) 100vw, 444px\"\/><figcaption class=\"wp-element-caption\">Merci pour l\u2019image<\/figcaption><\/figure>\n<\/div>\n<p>Fran\u00e7ois Bayrou sera-t-il le futur premier ministre int\u00e9rimaire de notre pays ?<\/p>\n<p>En tous cas, il est volontaire pour y aller ce qui est tout de m\u00eame sacr\u00e9ment inconscient ou courageux\u2026 tout d\u00e9pend comment vous voudrez voir le verre \u00e0 moiti\u00e9 plein ou vide !<\/p>\n<p>A propos de vide, je crois que j\u2019ai trouv\u00e9 le surnom de Bayrou quand il sera \u00e0 Matignon.<\/p>\n<p>Vous avez une id\u00e9e ?<\/p>\n<p><span id=\"more-164366\"\/><\/p>\n<p>Ce sera Fran\u00e7ois BayTrou b\u00e9ant\u2026 oui parce que c\u00f4t\u00e9 finance il va h\u00e9riter du prodigieux bilan du Mozart du palais qui se pavanait \u00e0 Notre-Dame\u2026 il aurait pu au moins allumer quelques cierges, parce que le pays va en avoir bien besoin mais non, rien, il a jou\u00e9 au bras de fer avec Trump. Il est fatigant.<\/p>\n<p><strong>Notre BayTrou b\u00e9ant va donc devoir nous faire voter une loi sp\u00e9ciale\u2026 que Laurent Saint Martin le ministre du budget a pr\u00e9par\u00e9.\u00a0<\/strong><\/p>\n<p>Voil\u00e0 ce que nous dit l\u2019AFP (<a target=\"_blank\" href=\"https:\/\/www.boursorama.com\/actualite-economique\/actualites\/budget-la-loi-speciale-est-prete-peut-etre-presentee-des-le-prochain-conseil-des-ministres-selon-laurent-saint-martin-d46edee2ad6ff8b81accb79b31e9c68b\" target=\"_blank\" rel=\"noreferrer noopener\">source ici<\/a>).<\/p>\n<p>\u201cLa loi sp\u00e9ciale pour permettre \u00e0 l\u2019appareil d\u2019Etat de fonctionner en l\u2019absence de budget est \u201cpr\u00eate\u201d, a assur\u00e9 le ministre du Budget d\u00e9missionnaire Laurent Saint-Martin lundi, ajoutant qu\u2019il suffirait de r\u00e9unir un conseil des ministres pour que le texte soit pr\u00e9sent\u00e9.<\/p>\n<p>\u201cCela fait cinq jours que je suis au travail depuis la censure de ce gouvernement pour pr\u00e9parer cette loi sp\u00e9ciale qui pourrait \u00eatre pr\u00e9sent\u00e9e d\u00e8s le prochain conseil des ministres, il suffit de le r\u00e9unir pour qu\u2019elle soit pr\u00e9sent\u00e9e\u201d, a-t-il d\u00e9clar\u00e9 sur TF1.<\/p>\n<p>Elle doit permettre d\u2019\u00e9viter le \u201cshutdown\u201d, \u00e0 savoir une paralysie administrative, en reconduisant les cr\u00e9dits budg\u00e9taires de l\u2019ann\u00e9e 2024 pour l\u2019ann\u00e9e suivante. Elle servira aussi \u00e0 pr\u00e9lever l\u2019imp\u00f4t \u00e0 partir du 1er janvier 2025.<\/p>\n<p>\u201cLa loi sp\u00e9ciale ne peut pas indexer l\u2019imp\u00f4t sur le revenu \u00e0 son bar\u00e8me sur l\u2019inflation\u201d, a pr\u00e9cis\u00e9 le ministre \u00e9voquant une impossibilit\u00e9 constitutionnelle.<\/p>\n<p>De leur c\u00f4t\u00e9, les retraites seront bien index\u00e9es \u201cquoiqu\u2019il arrive\u201d par le code de la s\u00e9curit\u00e9 sociale, synonyme de revalorisation.\u201d<\/p>\n<p><strong>Un \u201cshutdown\u201d peu probable.<\/strong><\/p>\n<p>Car dans ce cas, m\u00eame les d\u00e9put\u00e9s ne seraient pas pay\u00e9s ! Ce qui, vous en conviendrez, serait g\u00eanant et donc peu probable. Pour autant cette loi sp\u00e9ciale risque d\u2019\u00eatre tr\u00e8s minimaliste d\u2019abord pour des raisons constitutionnelles et juridiques, et ensuite pour des raisons politiques. Pour qu\u2019elle soit vot\u00e9e il faut qu\u2019elle convienne \u00e0 la majorit\u00e9 des d\u00e9put\u00e9s. Elle sera donc minimaliste et bas\u00e9e sur le plus petit d\u00e9nominateur commun.<\/p>\n<p>Le plus important sera donc la prochaine n\u00e9gociation budg\u00e9taire et le prochain projet de loi qui sera propos\u00e9 par le gouvernement. Dans une Assembl\u00e9e ingouvernable il y a peu de chance d\u2019arriver \u00e0 un r\u00e9sultat tr\u00e8s diff\u00e9rent de la premi\u00e8re fois.<\/p>\n<p>La strat\u00e9gie du PS au LR\u2026<\/p>\n<p>La strat\u00e9gie de Macron est de casser le NFP et d\u2019en d\u00e9tacher le parti socialiste afin de cr\u00e9er une alliance allant du PS \u00e0 Ensemble jusqu\u2019au LR.<\/p>\n<p>Pour le moment le pays est \u00e0 l\u2019arr\u00eat \u00e9conomiquement parlant et les projets restent massivement dans les cartons tant les incertitudes sont importantes. La r\u00e9cession ne se voit pas encore dans les statistiques, mais je peux vous dire qu\u2019elle arrive \u00e0 tr\u00e8s grande vitesse et que les prochaines donn\u00e9es seront mauvaises, car ce qui me remonte du terrain et ce que je peux observer n\u2019est pas tr\u00e8s engageant. Il semble que m\u00eame la nomination de Fran\u00e7ois BayTrou b\u00e9ant ne soit pas si \u00e9vidente que cela tant notre pr\u00e9sident prend son temps, lui qui devait \u00eatre si rapide cette fois.<\/p>\n<p>On ne va pas s\u2019ennuyer.<\/p>\n<p>La suite au prochain \u00e9pisode.<\/p>\n<p>Le dossier Strat\u00e9gies du mois de novembre sur l\u2019in\u00e9vitable attaque des march\u00e9s est en ligne dans<a target=\"_blank\" href=\"https:\/\/insolentiae.com\/mon-compte\/downloads\" target=\"_blank\" rel=\"noreferrer noopener\">\u00a0vos espaces lecteurs ici<\/a>.<\/p>\n<p>Pour vous abonner\u00a0<a target=\"_blank\" href=\"https:\/\/insolentiae.com\/produit\/abonnement-acces-a-la-lettre-strategie-et-aux-dossiers-speciaux-de-charles-sannat\/?doing_wp_cron=1715699197.4551460742950439453125\" target=\"_blank\" rel=\"noreferrer noopener\">tous les renseignements sont ici<\/a>.<\/p>\n<p>Il est d\u00e9j\u00e0 trop tard, mais tout n\u2019est pas perdu.<\/p>\n<p>Pr\u00e9parez-vous !<\/p>\n<p>Charles SANNAT<\/p>\n<h4 class=\"wp-block-heading\"\/>\n<p>Tous les articles, la tribune libre et commentaires sont sous la responsabilit\u00e9 de leurs auteurs. Les Moutons Enrag\u00e9s ne sauraient \u00eatre tenus responsables de leur contenu ou orientation.<\/p>\n<\/p><\/div>\n<p><br \/>\n<br \/><a href=\"https:\/\/lesmoutonsenrages.fr\/2024\/12\/10\/la-loi-speciale-est-prete-elle-nattend-plus-quun-1er-ministre-ledito-de-charles-sannat\/\" target=\"_blank\"\">Source link <\/a><\/p>\n","protected":false},"excerpt":{"rendered":"<p>Source Insolentiae Merci pour l\u2019image Fran\u00e7ois Bayrou sera-t-il le futur premier ministre int\u00e9rimaire de notre pays ? En tous cas, il est volontaire pour y aller ce qui est tout&hellip; <\/p>\n","protected":false},"author":1,"featured_media":1898,"comment_status":"open","ping_status":"open","sticky":false,"template":"","format":"standard","meta":{"footnotes":""},"categories":[1],"tags":[],"class_list":["post-1897","post","type-post","status-publish","format-standard","has-post-thumbnail","hentry","category-non-classe"],"_links":{"self":[{"href":"https:\/\/monde25.info\/index.php\/wp-json\/wp\/v2\/posts\/1897","targetHints":{"allow":["GET"]}}],"collection":[{"href":"https:\/\/monde25.info\/index.php\/wp-json\/wp\/v2\/posts"}],"about":[{"href":"https:\/\/monde25.info\/index.php\/wp-json\/wp\/v2\/types\/post"}],"author":[{"embeddable":true,"href":"https:\/\/monde25.info\/index.php\/wp-json\/wp\/v2\/users\/1"}],"replies":[{"embeddable":true,"href":"https:\/\/monde25.info\/index.php\/wp-json\/wp\/v2\/comments?post=1897"}],"version-history":[{"count":0,"href":"https:\/\/monde25.info\/index.php\/wp-json\/wp\/v2\/posts\/1897\/revisions"}],"wp:featuredmedia":[{"embeddable":true,"href":"https:\/\/monde25.info\/index.php\/wp-json\/wp\/v2\/media\/1898"}],"wp:attachment":[{"href":"https:\/\/monde25.info\/index.php\/wp-json\/wp\/v2\/media?parent=1897"}],"wp:term":[{"taxonomy":"category","embeddable":true,"href":"https:\/\/monde25.info\/index.php\/wp-json\/wp\/v2\/categories?post=1897"},{"taxonomy":"post_tag","embeddable":true,"href":"https:\/\/monde25.info\/index.php\/wp-json\/wp\/v2\/tags?post=1897"}],"curies":[{"name":"wp","href":"https:\/\/api.w.org\/{rel}","templated":true}]}}