{"id":18971,"date":"2025-11-06T16:01:53","date_gmt":"2025-11-06T15:01:53","guid":{"rendered":"https:\/\/monde25.info\/index.php\/2025\/11\/06\/didier-reynders-le-monsieur-anti-blanchiment-de-lunion-europeenne-inculpe-pour-blanchiment-dargent\/"},"modified":"2025-11-06T16:01:53","modified_gmt":"2025-11-06T15:01:53","slug":"didier-reynders-le-monsieur-anti-blanchiment-de-lunion-europeenne-inculpe-pour-blanchiment-dargent","status":"publish","type":"post","link":"https:\/\/monde25.info\/index.php\/2025\/11\/06\/didier-reynders-le-monsieur-anti-blanchiment-de-lunion-europeenne-inculpe-pour-blanchiment-dargent\/","title":{"rendered":"Didier Reynders, le \u00ab monsieur anti-blanchiment \u00bb de l\u2019Union europ\u00e9enne, inculp\u00e9 pour blanchiment d\u2019argent"},"content":{"rendered":"<p> <br \/>\n<\/p>\n<div>\n<p data-start=\"114\" data-end=\"485\">Une affaire qui secoue Bruxelles, encore une&#8230;\u00a0<\/p>\n<p data-start=\"114\" data-end=\"485\">Didier Reynders, ancien commissaire europ\u00e9en \u00e0 la Justice et figure de premier plan de la politique belge, a \u00e9t\u00e9 officiellement inculp\u00e9 pour blanchiment d\u2019argent. Celui qui, ironiquement, supervisait la politique europ\u00e9enne de lutte contre le blanchiment, se retrouve d\u00e9sormais au c\u0153ur d\u2019une temp\u00eate visant ses propres finances personnelles. Une v\u00e9ritable \u00ab\u00a0Cahuzac\u00a0\u00bb mais cette fois-ci \u00e0 l&rsquo;\u00e9chelle europ\u00e9enne. Qui est pris qui croyait prendre !<\/p>\n<p data-start=\"487\" data-end=\"1040\">Les premi\u00e8res perquisitions ont eu lieu en d\u00e9cembre 2024, \u00e0 son domicile d\u2019Uccle ainsi que dans sa r\u00e9sidence en province de Li\u00e8ge. Selon plusieurs sources concordantes, notamment <em data-start=\"666\" data-end=\"676\">Le Monde<\/em>, ou <em data-start=\"678\" data-end=\"692\">RTL Belgique<\/em>, les enqu\u00eateurs s\u2019int\u00e9ressent \u00e0 des d\u00e9p\u00f4ts en esp\u00e8ces d\u2019un montant cumul\u00e9 d\u2019environ 700 000 euros, effectu\u00e9s sur ses comptes personnels entre 2008 et 2018. Ces mouvements de fonds, jug\u00e9s incompatibles avec ses revenus officiels, auraient \u00e9veill\u00e9 les soup\u00e7ons de la Cellule de traitement des informations financi\u00e8res (CTIF).<\/p>\n<p data-start=\"1042\" data-end=\"1811\">Mais c\u2019est surtout le m\u00e9canisme suppos\u00e9 de blanchiment qui intrigue. L\u2019ancien ministre belge aurait utilis\u00e9 des billets de loterie \u00e9lectroniques, les \u00ab e-tickets \u00bb de la Loterie nationale, pour l\u00e9gitimer des sommes d\u2019argent d\u2019origine ind\u00e9termin\u00e9e. Concr\u00e8tement, Reynders ou son entourage auraient achet\u00e9 en liquide d\u2019importantes quantit\u00e9s de ces e-tickets \u2014 parfois plusieurs milliers d\u2019euros \u00e0 la fois \u2014 dans divers points de vente en Belgique. Ces billets, une fois jou\u00e9s, permettaient de g\u00e9n\u00e9rer des gains d\u00e9clar\u00e9s comme issus de la chance, puis transf\u00e9r\u00e9s sur un compte joueur officiel avant d\u2019\u00eatre d\u00e9pos\u00e9s sur son compte bancaire. Ce syst\u00e8me aurait servi \u00e0 donner une apparence l\u00e9gale \u00e0 des fonds d\u2019origine opaque, pour un montant estim\u00e9 \u00e0 environ 200 000 euros.<\/p>\n<p data-start=\"1813\" data-end=\"2275\">Une vendeuse interrog\u00e9e par <em data-start=\"1841\" data-end=\"1851\">Le Monde<\/em> affirme que \u00ab M. Reynders venait r\u00e9guli\u00e8rement acheter pour deux \u00e0 trois mille euros de tickets \u00bb, une pratique inhabituelle pour un particulier. Interrog\u00e9, l\u2019ancien commissaire europ\u00e9en assure pour sa part que tout est en ordre et que l\u2019argent utilis\u00e9 provenait de son patrimoine priv\u00e9, \u00e9voquant la vente d\u2019\u0153uvres d\u2019art et d\u2019antiquit\u00e9s. \u00c0 ce jour, aucun document public n\u2019a encore confirm\u00e9 l\u2019origine de ces fonds.<\/p>\n<p data-start=\"2277\" data-end=\"2659\">Cette affaire rev\u00eat un caract\u00e8re hautement sensible. En tant que commissaire \u00e0 la Justice, Didier Reynders \u00e9tait responsable de la coordination europ\u00e9enne en mati\u00e8re de transparence financi\u00e8re et de lutte contre le blanchiment. L\u2019ironie de voir le principal architecte des politiques anti-fraude lui-m\u00eame vis\u00e9 par une inculpation pour blanchiment n\u2019\u00e9chappe \u00e0 personne \u00e0 Bruxelles.<\/p>\n<p data-start=\"2661\" data-end=\"3003\">La Loterie nationale belge, de son c\u00f4t\u00e9, aurait jou\u00e9 un r\u00f4le central dans la d\u00e9tection des anomalies. Ce sont ses propres syst\u00e8mes de contr\u00f4le internes qui auraient signal\u00e9 des op\u00e9rations jug\u00e9es \u00ab tr\u00e8s inhabituelles \u00bb. Les enqu\u00eateurs cherchent d\u00e9sormais \u00e0 retracer l\u2019origine exacte des esp\u00e8ces utilis\u00e9es pour acheter ces billets de loterie.<\/p>\n<p data-start=\"3005\" data-end=\"3443\">Didier Reynders rejette cat\u00e9goriquement les accusations et affirme qu\u2019il d\u00e9montrera le caract\u00e8re parfaitement l\u00e9gal de son patrimoine. Mais la question demeure : avec quel argent a-t-il jou\u00e9 pour \u00ab gagner \u00bb les 200 000 euros de gains qu\u2019il revendique ? Tant que cette origine n\u2019aura pas \u00e9t\u00e9 prouv\u00e9e, le doute planera sur celui qui incarnait, il y a encore peu, la rigueur financi\u00e8re et la probit\u00e9 bien connue au sein de la Commission europ\u00e9enne.<\/p>\n<p data-start=\"3445\" data-end=\"3701\">Les prochaines semaines seront d\u00e9cisives : le juge d\u2019instruction charg\u00e9 du dossier doit entendre plusieurs t\u00e9moins et analyser les flux financiers suspect\u00e9s. Une mise en accusation formelle devant la justice belge pourrait suivre d\u2019ici la fin de l\u2019ann\u00e9e.<\/p>\n<p data-start=\"3445\" data-end=\"3701\">Avis aux divers pressing du Parlement&#8230;<\/p>\n<\/div>\n<p><script>(function(d, s, id) {  var js, fjs = d.getElementsByTagName(s)[0];  if (d.getElementById(id)) return;  js = d.createElement(s); js.id = id;  js.src = \"\/\/connect.facebook.net\/fr_FR\/sdk.js#xfbml=1&version=v2.3\";  fjs.parentNode.insertBefore(js, fjs);}(document, \"script\", \"facebook-jssdk\"));<\/script><br \/>\n<br \/><br \/>\n<br \/><a href=\"https:\/\/www.francesoir.fr\/politique-monde\/didier-reynders-le-monsieur-anti-blanchiment-de-l-union-europeenne-inculpe-pour\" target=\"_blank\"\">Source link <\/a><\/p>\n","protected":false},"excerpt":{"rendered":"<p>Une affaire qui secoue Bruxelles, encore une&#8230;\u00a0 Didier Reynders, ancien commissaire europ\u00e9en \u00e0 la Justice et figure de premier plan de la politique belge, a \u00e9t\u00e9 officiellement inculp\u00e9 pour blanchiment&hellip; <\/p>\n","protected":false},"author":1,"featured_media":18972,"comment_status":"open","ping_status":"open","sticky":false,"template":"","format":"standard","meta":{"footnotes":""},"categories":[1],"tags":[],"class_list":["post-18971","post","type-post","status-publish","format-standard","has-post-thumbnail","hentry","category-non-classe"],"_links":{"self":[{"href":"https:\/\/monde25.info\/index.php\/wp-json\/wp\/v2\/posts\/18971","targetHints":{"allow":["GET"]}}],"collection":[{"href":"https:\/\/monde25.info\/index.php\/wp-json\/wp\/v2\/posts"}],"about":[{"href":"https:\/\/monde25.info\/index.php\/wp-json\/wp\/v2\/types\/post"}],"author":[{"embeddable":true,"href":"https:\/\/monde25.info\/index.php\/wp-json\/wp\/v2\/users\/1"}],"replies":[{"embeddable":true,"href":"https:\/\/monde25.info\/index.php\/wp-json\/wp\/v2\/comments?post=18971"}],"version-history":[{"count":0,"href":"https:\/\/monde25.info\/index.php\/wp-json\/wp\/v2\/posts\/18971\/revisions"}],"wp:featuredmedia":[{"embeddable":true,"href":"https:\/\/monde25.info\/index.php\/wp-json\/wp\/v2\/media\/18972"}],"wp:attachment":[{"href":"https:\/\/monde25.info\/index.php\/wp-json\/wp\/v2\/media?parent=18971"}],"wp:term":[{"taxonomy":"category","embeddable":true,"href":"https:\/\/monde25.info\/index.php\/wp-json\/wp\/v2\/categories?post=18971"},{"taxonomy":"post_tag","embeddable":true,"href":"https:\/\/monde25.info\/index.php\/wp-json\/wp\/v2\/tags?post=18971"}],"curies":[{"name":"wp","href":"https:\/\/api.w.org\/{rel}","templated":true}]}}