{"id":18982,"date":"2025-11-06T20:25:35","date_gmt":"2025-11-06T19:25:35","guid":{"rendered":"https:\/\/monde25.info\/index.php\/2025\/11\/06\/legendes-du-tennis-canadien-par-alain-deneault-le-monde-diplomatique-novembre-2025\/"},"modified":"2025-11-06T20:25:35","modified_gmt":"2025-11-06T19:25:35","slug":"legendes-du-tennis-canadien-par-alain-deneault-le-monde-diplomatique-novembre-2025","status":"publish","type":"post","link":"https:\/\/monde25.info\/index.php\/2025\/11\/06\/legendes-du-tennis-canadien-par-alain-deneault-le-monde-diplomatique-novembre-2025\/","title":{"rendered":"L\u00e9gendes du tennis canadien, par Alain Deneault (Le Monde diplomatique, novembre 2025)"},"content":{"rendered":"<p> <br \/>\n<\/p>\n<div>\n<p class=\"crayon article-surtitre-68917 surtitre\">Quand le sport \u00e9clipse la guerre<\/p>\n<div class=\"crayon article-chapo-68917 chapo\">\n<p>Class\u00e9e \u00e0 la 350e place mondiale des joueuses de tennis fin\u00a02024, Victoria Mboko s\u2019est hiss\u00e9e au 23e rang huit mois plus tard, apr\u00e8s avoir d\u00e9fait quatre anciennes gagnantes d\u2019\u00e9preuves du grand chelem. La victoire au tournoi du Canada \u00e0 l\u2019\u00e2ge de 18\u00a0ans de la joueuse d\u2019origine congolaise a emball\u00e9 les m\u00e9dias, toujours pr\u00eats \u00e0 produire des mythologies sportives qui occultent l\u2019essentiel.<\/p>\n<\/div><\/div>\n<div couleurfade=\"e6e6e8\" couleurclaire=\"e1e2e9\" couleurpale=\"b5bbe2\" couleurmi=\"575b74\" couleurfoncee=\"3b3f5d\" couleursombre=\"15161d\" couleurfond=\"4c4d50\" couleurtexte=\"ffffff\">\n<div class=\"enapercu\">\n<figure class=\"spip_document_35110 spip_documents spip_documents_center justecol\" style=\"width:650px;\">\n<div class=\"limage\">\n<p>\t\t\t<img loading=\"lazy\" decoding=\"async\" src=\"https:\/\/www.monde-diplomatique.fr\/\/local\/cache-vignettes\/L650xH913\/19_2573.hr-d3488.jpg?1761919814\" width=\"650\" height=\"913\" class=\"spip_logos\" alt=\"JPEG - 133.6\u00a0kio\"\/><\/p><\/div><figcaption>\n<p>Ga\u00ebl Maski. \u2013 \u00ab<small class=\"fine\">\u00a0<\/small>The Weight of History I<small class=\"fine\">\u00a0<\/small>\u00bb (Le poids de l\u2019histoire I), 2023<\/p>\n<p>\u00a9 Ga\u00ebl Maski &#8211; photographie\u00a0: PCP &#8211; Courtesy Galerie Angalia, Paris\n<\/p>\n<\/figcaption><\/figure>\n<p><span class=\"mot-lettrine\"><span class=\"lettrine\">U<\/span>ne<\/span> ic\u00f4ne vient de na\u00eetre. Victoria Mboko correspond \u00e0 tous points de vue \u00e0 la repr\u00e9sentation qu\u2019id\u00e9alise un lib\u00e9ral canadien. La jeune joueuse de tennis de 18\u00a0ans, qui porte le pr\u00e9nom d\u2019une reine britannique, a certes vu le jour aux \u00c9tats-Unis, mais ses parents, d\u2019origine congolaise, en ont fait d\u00e9lib\u00e9r\u00e9ment une Canadienne d\u00e8s l\u2019\u00e2ge de 5\u00a0ans, en choisissant de s\u2019installer en Ontario. La nouvelle coqueluche des m\u00e9dias incarnerait la r\u00e9ussite des politiques multiculturelles. Noire issue de l\u2019immigration, elle sait promouvoir sa culture d\u2019origine tout en affichant les marqueurs de la r\u00e9ussite au Canada\u00a0: un anglais parfait, beaucoup d\u2019argent et du go\u00fbt \u2014 t\u00e9moins, les produits cosm\u00e9tiques de luxe qu\u2019elle affectionne.<\/p>\n<p>Fait rare, cette habitante de Toronto, la m\u00e9tropole financi\u00e8re du Canada, n\u2019a rien pour d\u00e9plaire aux Qu\u00e9b\u00e9cois. Elle parle ais\u00e9ment fran\u00e7ais, la langue de ses parents. Elle a \u00e9t\u00e9 entra\u00een\u00e9e par le Qu\u00e9b\u00e9cois Pierre Lamarche, ancien capitaine de l\u2019\u00e9quipe canadienne de Coupe Davis, puis par la Fran\u00e7aise Nathalie Tauziat, apr\u00e8s un court s\u00e9jour en Belgique wallonne, dans l\u2019acad\u00e9mie de Justine H\u00e9nin. <i>\u00ab<small class=\"fine\">\u00a0<\/small>Montr\u00e9al, je vous aime<small class=\"fine\">\u00a0<\/small>\u00bb,<\/i> proclamait-elle apr\u00e8s sa victoire au tournoi du Canada, disput\u00e9 en juillet-ao\u00fbt\u00a02025 dans la grande ville francophone d\u2019Am\u00e9rique du Nord, <i>\u00ab<small class=\"fine\">\u00a0<\/small>sa terre promise<small class=\"fine\">\u00a0<\/small>\u00bb<\/i> selon M.\u00a0Cyprien Mboko, son p\u00e8re.<\/p>\n<h3 class=\"spip\">Des concessions mini\u00e8res \u00e0 prendre<\/h3>\n<p>Cette figure montante du tennis mondial permet aux Canadiens de refouler une page sombre de leur histoire, l\u00e0 o\u00f9 un autre r\u00e9cit devrait \u00e9merger. Les parents Mboko ont fui la R\u00e9publique d\u00e9mocratique du Congo (RDC) en 1999. Les m\u00e9dias \u00e0 l\u2019unisson se contentent d\u2019\u00e9voquer des <i>\u00ab<small class=\"fine\">\u00a0<\/small>tumultes<small class=\"fine\">\u00a0<\/small>\u00bb<\/i> et l\u2019<i>\u00ab<small class=\"fine\">\u00a0<\/small>agitation<small class=\"fine\">\u00a0<\/small>\u00bb<\/i>\u00a0(\u2026)<\/p>\n<\/p><\/div>\n<p>Taille de l\u2019article complet\u00a0:\u00a0<span>1\u00a0075<\/span>\u00a0mots.<\/p>\n<div class=\"promo_dispo_article\">\n<h2 class=\"avantbloc\">\n\tCet article est r\u00e9serv\u00e9 aux\u00a0abonn\u00e9s<\/p>\n<\/h2>\n<div class=\"abo_inst\">\n\t<strong>Lyc\u00e9es, biblioth\u00e8ques, administrations, entreprises,<\/strong><br \/>\n\tacc\u00e9dez \u00e0 la base de donn\u00e9es en ligne de tous les articles du <i>Monde diplomatique<\/i> de 1954 \u00e0 nos\u00a0jours.<br \/>\n\t<a target=\"_blank\" id=\"pw-institutions\" class=\"suivi\" href=\"https:\/\/www.monde-diplomatique.fr\/archives\/institutions\">Retrouvez cette\u00a0offre sp\u00e9cifique<\/a>.\n<\/div>\n<\/div><\/div>\n<div>\n<p class=\"nom\">Alain Deneault<\/p>\n<p>\n\t\t\t\t\tProfesseur de philosophie \u00e0 l\u2019universit\u00e9 de Moncton, coauteur avec William Sacher de <i>Paradis sous terre. Comment le Canada est devenu la plaque tournante de l\u2019industrie mini\u00e8re mondiale,<\/i> Rue de l\u2019\u00c9chiquier &#8211; \u00c9cosoci\u00e9t\u00e9, Paris-Montr\u00e9al, 2012.<\/p>\n<\/p><\/div>\n<p><br \/>\n<br \/><a href=\"https:\/\/www.monde-diplomatique.fr\/2025\/11\/DENEAULT\/68917\" target=\"_blank\"\">Source link <\/a><\/p>\n","protected":false},"excerpt":{"rendered":"<p>Quand le sport \u00e9clipse la guerre Class\u00e9e \u00e0 la 350e place mondiale des joueuses de tennis fin\u00a02024, Victoria Mboko s\u2019est hiss\u00e9e au 23e rang huit mois plus tard, apr\u00e8s avoir&hellip; <\/p>\n","protected":false},"author":1,"featured_media":18983,"comment_status":"open","ping_status":"open","sticky":false,"template":"","format":"standard","meta":{"footnotes":""},"categories":[1],"tags":[],"class_list":["post-18982","post","type-post","status-publish","format-standard","has-post-thumbnail","hentry","category-non-classe"],"_links":{"self":[{"href":"https:\/\/monde25.info\/index.php\/wp-json\/wp\/v2\/posts\/18982","targetHints":{"allow":["GET"]}}],"collection":[{"href":"https:\/\/monde25.info\/index.php\/wp-json\/wp\/v2\/posts"}],"about":[{"href":"https:\/\/monde25.info\/index.php\/wp-json\/wp\/v2\/types\/post"}],"author":[{"embeddable":true,"href":"https:\/\/monde25.info\/index.php\/wp-json\/wp\/v2\/users\/1"}],"replies":[{"embeddable":true,"href":"https:\/\/monde25.info\/index.php\/wp-json\/wp\/v2\/comments?post=18982"}],"version-history":[{"count":0,"href":"https:\/\/monde25.info\/index.php\/wp-json\/wp\/v2\/posts\/18982\/revisions"}],"wp:featuredmedia":[{"embeddable":true,"href":"https:\/\/monde25.info\/index.php\/wp-json\/wp\/v2\/media\/18983"}],"wp:attachment":[{"href":"https:\/\/monde25.info\/index.php\/wp-json\/wp\/v2\/media?parent=18982"}],"wp:term":[{"taxonomy":"category","embeddable":true,"href":"https:\/\/monde25.info\/index.php\/wp-json\/wp\/v2\/categories?post=18982"},{"taxonomy":"post_tag","embeddable":true,"href":"https:\/\/monde25.info\/index.php\/wp-json\/wp\/v2\/tags?post=18982"}],"curies":[{"name":"wp","href":"https:\/\/api.w.org\/{rel}","templated":true}]}}