{"id":18984,"date":"2025-11-06T20:58:45","date_gmt":"2025-11-06T19:58:45","guid":{"rendered":"https:\/\/monde25.info\/index.php\/2025\/11\/06\/sainte-soline-en-finir-avec-cette-police-viriliste-et-violente-est-une-necessite-ecologiste\/"},"modified":"2025-11-06T20:58:45","modified_gmt":"2025-11-06T19:58:45","slug":"sainte-soline-en-finir-avec-cette-police-viriliste-et-violente-est-une-necessite-ecologiste","status":"publish","type":"post","link":"https:\/\/monde25.info\/index.php\/2025\/11\/06\/sainte-soline-en-finir-avec-cette-police-viriliste-et-violente-est-une-necessite-ecologiste\/","title":{"rendered":"Sainte-Soline\u00a0: en finir avec cette police viriliste et violente est une n\u00e9cessit\u00e9 \u00e9cologiste"},"content":{"rendered":"<p> <br \/>\n<br \/><img loading=\"lazy\" decoding=\"async\" src=\"https:\/\/reporterre.net\/local\/cache-vignettes\/L700xH467\/afp__20230813__hl_jffort_2127296__v1__highres__francesaintesolinegendarmesandldblaun-8416e.jpg?1762446722\" class=\"spip_logo\" width=\"700\" height=\"467\" alt=\"\" \/><\/p>\n<p>La brutalit\u00e9 des vid\u00e9os de violences polici\u00e8res \u00e0 Sainte-Soline nous a sid\u00e9r\u00e9s, mais pas surpris. Abolir cette police viriliste, qui meurtrit militants, habitants des quartiers populaires, Gilets jaunes&#8230; est une n\u00e9cessit\u00e9 \u00e9cologique, d\u00e9fend notre \u00e9ditorial. <br class=\"autobr\" \/> On connaissait les chiffres\u00a0: 5\u00a0015 grenades lanc\u00e9es, dont 1\u00a0372 contenant une charge explosive. Plus de 200 bless\u00e9s, dont 40 gri\u00e8vement. On d\u00e9couvre l&rsquo;envers du d\u00e9cor\u00a0: des gendarmes qui jubilent derri\u00e8re leurs boucliers, se\u00a0(\u2026)<\/p>\n<p>                    <a target=\"_blank\" href=\"https:\/\/reporterre.net\/Sainte-Soline-en-finir-avec-cette-police-viriliste-et-violente-est-une-necessite-ecologiste?utm_source=RSS&amp;utm_medium=RSS\">Lire la suite<\/a><\/p>\n<p>                    &#8211;<br \/>\n                        <a target=\"_blank\" href=\"https:\/\/reporterre.net\/Edito\" rel=\"directory\">\u00c9dito<\/a><\/p>\n<p>                    \/<br \/>\n                        <a target=\"_blank\" href=\"https:\/\/reporterre.net\/Luttes\" rel=\"tag\">Luttes<\/a><br \/>\n<br \/><br \/>\n<br \/><a href=\"https:\/\/reporterre.net\/Sainte-Soline-en-finir-avec-cette-police-viriliste-et-violente-est-une-necessite-ecologiste\" target=\"_blank\"\">Source link <\/a><\/p>\n","protected":false},"excerpt":{"rendered":"<p>La brutalit\u00e9 des vid\u00e9os de violences polici\u00e8res \u00e0 Sainte-Soline nous a sid\u00e9r\u00e9s, mais pas surpris. Abolir cette police viriliste, qui meurtrit militants, habitants des quartiers populaires, Gilets jaunes&#8230; est une&hellip; <\/p>\n","protected":false},"author":1,"featured_media":0,"comment_status":"open","ping_status":"open","sticky":false,"template":"","format":"standard","meta":{"footnotes":""},"categories":[1],"tags":[],"class_list":["post-18984","post","type-post","status-publish","format-standard","hentry","category-non-classe"],"_links":{"self":[{"href":"https:\/\/monde25.info\/index.php\/wp-json\/wp\/v2\/posts\/18984","targetHints":{"allow":["GET"]}}],"collection":[{"href":"https:\/\/monde25.info\/index.php\/wp-json\/wp\/v2\/posts"}],"about":[{"href":"https:\/\/monde25.info\/index.php\/wp-json\/wp\/v2\/types\/post"}],"author":[{"embeddable":true,"href":"https:\/\/monde25.info\/index.php\/wp-json\/wp\/v2\/users\/1"}],"replies":[{"embeddable":true,"href":"https:\/\/monde25.info\/index.php\/wp-json\/wp\/v2\/comments?post=18984"}],"version-history":[{"count":0,"href":"https:\/\/monde25.info\/index.php\/wp-json\/wp\/v2\/posts\/18984\/revisions"}],"wp:attachment":[{"href":"https:\/\/monde25.info\/index.php\/wp-json\/wp\/v2\/media?parent=18984"}],"wp:term":[{"taxonomy":"category","embeddable":true,"href":"https:\/\/monde25.info\/index.php\/wp-json\/wp\/v2\/categories?post=18984"},{"taxonomy":"post_tag","embeddable":true,"href":"https:\/\/monde25.info\/index.php\/wp-json\/wp\/v2\/tags?post=18984"}],"curies":[{"name":"wp","href":"https:\/\/api.w.org\/{rel}","templated":true}]}}