{"id":18987,"date":"2025-11-06T22:04:42","date_gmt":"2025-11-06T21:04:42","guid":{"rendered":"https:\/\/monde25.info\/index.php\/2025\/11\/06\/canal-seine-nord-europe-2-militantes-perchees-dans-un-arbre-delogees-par-la-police\/"},"modified":"2025-11-06T22:04:42","modified_gmt":"2025-11-06T21:04:42","slug":"canal-seine-nord-europe-2-militantes-perchees-dans-un-arbre-delogees-par-la-police","status":"publish","type":"post","link":"https:\/\/monde25.info\/index.php\/2025\/11\/06\/canal-seine-nord-europe-2-militantes-perchees-dans-un-arbre-delogees-par-la-police\/","title":{"rendered":"Canal Seine-Nord Europe\u00a0: 2 militantes perch\u00e9es dans un arbre d\u00e9log\u00e9es par la police"},"content":{"rendered":"<p> <br \/>\n<br \/><img loading=\"lazy\" decoding=\"async\" src=\"https:\/\/reporterre.net\/local\/cache-vignettes\/L700xH468\/longueil-annel-381b5.jpg?1762442820\" class=\"spip_logo\" width=\"700\" height=\"468\" alt=\"\" \/><\/p>\n<p>\u00c0 Longueil-Annel, jeudi 6\u00a0novembre au petit matin, deux militantes des Soul\u00e8vements de la Terre ont grimp\u00e9 dans un arbre pour s&rsquo;opposer \u00e0 l&rsquo;abattage d&rsquo;arbres le long de l&rsquo;Oise. La veille, plusieurs arbres ont \u00e9t\u00e9 abattus le long de cette rivi\u00e8re du bassin parisien situ\u00e9 dans le nord de la France. En d\u00e9but de matin\u00e9e, les gendarmes ont d\u00e9log\u00e9 les deux \u00ab<small class=\"fine d-inline\">\u00a0<\/small>\u00e9cureuils<small class=\"fine d-inline\">\u00a0<\/small>\u00bb. <br class=\"autobr\" \/><br \/>\nLa raison de l&rsquo;abattage de ces arbres<small class=\"fine d-inline\">\u00a0<\/small>? Un chantier titanesque d&rsquo;industrialisation permettant \u00e0 des p\u00e9niches de grand gabarit\u00a0(\u2026)<\/p>\n<p>                    <a target=\"_blank\" href=\"https:\/\/reporterre.net\/Contre-le-projet-de-Canal-Seine-Nord-des-militantes-grimpent-dans-les-arbres?utm_source=RSS&amp;utm_medium=RSS\">Lire la suite<\/a><\/p>\n<p>                    &#8211;<br \/>\n                        <a target=\"_blank\" href=\"https:\/\/reporterre.net\/Breves-20\" rel=\"directory\">En bref<\/a><\/p>\n<p>                    \/<br \/>\n                        <a target=\"_blank\" href=\"https:\/\/reporterre.net\/Luttes\" rel=\"tag\">Luttes<\/a><br \/>\n<br \/><br \/>\n<br \/><a href=\"https:\/\/reporterre.net\/Contre-le-projet-de-Canal-Seine-Nord-des-militantes-grimpent-dans-les-arbres\" target=\"_blank\"\">Source link <\/a><\/p>\n","protected":false},"excerpt":{"rendered":"<p>\u00c0 Longueil-Annel, jeudi 6\u00a0novembre au petit matin, deux militantes des Soul\u00e8vements de la Terre ont grimp\u00e9 dans un arbre pour s&rsquo;opposer \u00e0 l&rsquo;abattage d&rsquo;arbres le long de l&rsquo;Oise. La veille,&hellip; <\/p>\n","protected":false},"author":1,"featured_media":0,"comment_status":"open","ping_status":"open","sticky":false,"template":"","format":"standard","meta":{"footnotes":""},"categories":[1],"tags":[],"class_list":["post-18987","post","type-post","status-publish","format-standard","hentry","category-non-classe"],"_links":{"self":[{"href":"https:\/\/monde25.info\/index.php\/wp-json\/wp\/v2\/posts\/18987","targetHints":{"allow":["GET"]}}],"collection":[{"href":"https:\/\/monde25.info\/index.php\/wp-json\/wp\/v2\/posts"}],"about":[{"href":"https:\/\/monde25.info\/index.php\/wp-json\/wp\/v2\/types\/post"}],"author":[{"embeddable":true,"href":"https:\/\/monde25.info\/index.php\/wp-json\/wp\/v2\/users\/1"}],"replies":[{"embeddable":true,"href":"https:\/\/monde25.info\/index.php\/wp-json\/wp\/v2\/comments?post=18987"}],"version-history":[{"count":0,"href":"https:\/\/monde25.info\/index.php\/wp-json\/wp\/v2\/posts\/18987\/revisions"}],"wp:attachment":[{"href":"https:\/\/monde25.info\/index.php\/wp-json\/wp\/v2\/media?parent=18987"}],"wp:term":[{"taxonomy":"category","embeddable":true,"href":"https:\/\/monde25.info\/index.php\/wp-json\/wp\/v2\/categories?post=18987"},{"taxonomy":"post_tag","embeddable":true,"href":"https:\/\/monde25.info\/index.php\/wp-json\/wp\/v2\/tags?post=18987"}],"curies":[{"name":"wp","href":"https:\/\/api.w.org\/{rel}","templated":true}]}}