{"id":18990,"date":"2025-11-06T23:10:35","date_gmt":"2025-11-06T22:10:35","guid":{"rendered":"https:\/\/monde25.info\/index.php\/2025\/11\/06\/aux-philippines-le-typhon-kalmaegi-fait-au-moins-140-morts-et-des-centaines-de-disparus\/"},"modified":"2025-11-06T23:10:35","modified_gmt":"2025-11-06T22:10:35","slug":"aux-philippines-le-typhon-kalmaegi-fait-au-moins-140-morts-et-des-centaines-de-disparus","status":"publish","type":"post","link":"https:\/\/monde25.info\/index.php\/2025\/11\/06\/aux-philippines-le-typhon-kalmaegi-fait-au-moins-140-morts-et-des-centaines-de-disparus\/","title":{"rendered":"Aux Philippines, le typhon Kalmaegi fait au moins 140 morts et des centaines de disparus"},"content":{"rendered":"<p> <br \/>\n<br \/><img loading=\"lazy\" decoding=\"async\" src=\"https:\/\/reporterre.net\/local\/cache-vignettes\/L700xH467\/afp__20251106__83889g3__v1__highres__philippinesweathertyphoon-1c23c.jpg?1762441134\" class=\"spip_logo\" width=\"700\" height=\"467\" alt=\"\" \/><\/p>\n<p>Le typhon Kalmaegi a d\u00e9vast\u00e9 les Philippines depuis le 3\u00a0novembre, provoquant la mort d&rsquo;au moins 140\u00a0personnes et laissant 127\u00a0disparus, selon un bilan provisoire publi\u00e9 le 6\u00a0novembre par les autorit\u00e9s. Pr\u00e8s de deux millions d&rsquo;habitants ont \u00e9t\u00e9 touch\u00e9s et 560\u00a0000 d\u00e9plac\u00e9s, dont 450\u00a0000 r\u00e9fugi\u00e9s dans des abris d&rsquo;urgence. Le pr\u00e9sident Ferdinand Marcos Jr a d\u00e9cr\u00e9t\u00e9 l&rsquo;\u00e9tat de catastrophe nationale afin de d\u00e9bloquer les fonds humanitaires et plafonner les prix des produits de premi\u00e8re n\u00e9cessit\u00e9.\u00a0(\u2026)<\/p>\n<p>                    <a target=\"_blank\" href=\"https:\/\/reporterre.net\/Aux-Philippines-le-typhon-Kalmaegi-fait-au-moins-140-morts-et-des-centaines-de-disparus?utm_source=RSS&amp;utm_medium=RSS\">Lire la suite<\/a><\/p>\n<p>                    &#8211;<br \/>\n                        <a target=\"_blank\" href=\"https:\/\/reporterre.net\/Breves-20\" rel=\"directory\">En bref<\/a><\/p>\n<p>                    \/<br \/>\n                        <a target=\"_blank\" href=\"https:\/\/reporterre.net\/International\" rel=\"tag\">Monde<\/a><br \/>\n<br \/><br \/>\n<br \/><a href=\"https:\/\/reporterre.net\/Aux-Philippines-le-typhon-Kalmaegi-fait-au-moins-140-morts-et-des-centaines-de-disparus\" target=\"_blank\"\">Source link <\/a><\/p>\n","protected":false},"excerpt":{"rendered":"<p>Le typhon Kalmaegi a d\u00e9vast\u00e9 les Philippines depuis le 3\u00a0novembre, provoquant la mort d&rsquo;au moins 140\u00a0personnes et laissant 127\u00a0disparus, selon un bilan provisoire publi\u00e9 le 6\u00a0novembre par les autorit\u00e9s. Pr\u00e8s&hellip; <\/p>\n","protected":false},"author":1,"featured_media":0,"comment_status":"open","ping_status":"open","sticky":false,"template":"","format":"standard","meta":{"footnotes":""},"categories":[1],"tags":[],"class_list":["post-18990","post","type-post","status-publish","format-standard","hentry","category-non-classe"],"_links":{"self":[{"href":"https:\/\/monde25.info\/index.php\/wp-json\/wp\/v2\/posts\/18990","targetHints":{"allow":["GET"]}}],"collection":[{"href":"https:\/\/monde25.info\/index.php\/wp-json\/wp\/v2\/posts"}],"about":[{"href":"https:\/\/monde25.info\/index.php\/wp-json\/wp\/v2\/types\/post"}],"author":[{"embeddable":true,"href":"https:\/\/monde25.info\/index.php\/wp-json\/wp\/v2\/users\/1"}],"replies":[{"embeddable":true,"href":"https:\/\/monde25.info\/index.php\/wp-json\/wp\/v2\/comments?post=18990"}],"version-history":[{"count":0,"href":"https:\/\/monde25.info\/index.php\/wp-json\/wp\/v2\/posts\/18990\/revisions"}],"wp:attachment":[{"href":"https:\/\/monde25.info\/index.php\/wp-json\/wp\/v2\/media?parent=18990"}],"wp:term":[{"taxonomy":"category","embeddable":true,"href":"https:\/\/monde25.info\/index.php\/wp-json\/wp\/v2\/categories?post=18990"},{"taxonomy":"post_tag","embeddable":true,"href":"https:\/\/monde25.info\/index.php\/wp-json\/wp\/v2\/tags?post=18990"}],"curies":[{"name":"wp","href":"https:\/\/api.w.org\/{rel}","templated":true}]}}